{"id":17398,"date":"2022-11-11T22:44:40","date_gmt":"2022-11-12T01:44:40","guid":{"rendered":"https:\/\/diariotribuna.com.br\/?p=17398"},"modified":"2022-11-16T23:58:48","modified_gmt":"2022-11-17T02:58:48","slug":"a-pedido-do-presidente-do-sindcomercio-leo-ramos-carreta-odonto-sesc-presta-atendimentos-em-teofilo-otoni","status":"publish","type":"post","link":"https:\/\/diariotribuna.com.br\/?p=17398","title":{"rendered":"A pedido do presidente do Sindcom\u00e9rcio, L\u00e9o Ramos, carreta Odonto Sesc presta atendimentos em Te\u00f3filo Otoni"},"content":{"rendered":"\n<h3 class=\"wp-block-heading\"><strong><em><mark style=\"background-color:rgba(0, 0, 0, 0)\" class=\"has-inline-color has-black-color\">Desde 3 de outubro foram mais de 4.000 procedimentos realizados em 119 pacientes; servi\u00e7os s\u00e3o 100% gratuitos<\/mark><\/em><\/strong><\/h3>\n\n\n\n<figure class=\"wp-block-image size-full is-resized is-style-default\"><img loading=\"lazy\" decoding=\"async\" src=\"https:\/\/diariotribuna.com.br\/wp-content\/uploads\/2022\/11\/4.jpg\" alt=\"\" class=\"wp-image-17406\" width=\"574\" height=\"374\" srcset=\"https:\/\/diariotribuna.com.br\/wp-content\/uploads\/2022\/11\/4.jpg 700w, https:\/\/diariotribuna.com.br\/wp-content\/uploads\/2022\/11\/4-300x195.jpg 300w, https:\/\/diariotribuna.com.br\/wp-content\/uploads\/2022\/11\/4-696x453.jpg 696w, https:\/\/diariotribuna.com.br\/wp-content\/uploads\/2022\/11\/4-645x420.jpg 645w\" sizes=\"(max-width: 574px) 100vw, 574px\" \/><\/figure>\n\n\n\n<p>A carreta Odonto Sesc est\u00e1 em Te\u00f3filo Otoni h\u00e1 mais de um m\u00eas prestando atendimentos odontol\u00f3gicos 100% gratuitos para a popula\u00e7\u00e3o. A unidade est\u00e1 localizada na \u00e1rea central, ao lado da C\u00e2mara Municipal. Em Minas s\u00e3o cinco carretas adaptadas, atuando com cinco equipes regionalizadas, compostas por dentistas e t\u00e9cnicos em sa\u00fade bucal. Tem escada e tamb\u00e9m rampa de acesso, ar condicionado, equipamentos de ponta, proporcionando todo conforto ao paciente.<\/p>\n\n\n\n<p>A supervisora de servi\u00e7os odontol\u00f3gicos, Juliana Pereira de Paula Santos, informou que a carreta est\u00e1 em Te\u00f3filo Otoni desde 27 de setembro, os atendimentos iniciaram dia 03 de outubro, e a procura pelo servi\u00e7o est\u00e1 sendo muito grande. S\u00e3o realizados desde limpeza, raspagens, restaura\u00e7\u00f5es, extra\u00e7\u00f5es simples, tratamento de canal e Raio X, al\u00e9m de orienta\u00e7\u00e3o de higiene bucal. At\u00e9 o momento j\u00e1 foram realizados mais de 4.000 procedimentos, com 119 pacientes admitidos.<\/p>\n\n\n\n<p>O Odonto Sesc vem prestando um excelente servi\u00e7o em Te\u00f3filo Otoni, pois nem todo mundo tem acesso a tratamento odontol\u00f3gico. Desta vez, os atendimentos terminam dia 30 de novembro, e a carreta sai da cidade dia 07 de dezembro. O presidente do Sindcom\u00e9rcio, L\u00e9o Ramos, que visitou a carreta na manh\u00e3 de ter\u00e7a-feira (09\/11), em entrevista ao Di\u00e1rio Tribuna, assegurou que trar\u00e1 novamente a carreta para novos atendimentos na cidade.<\/p>\n\n\n\n<figure class=\"wp-block-gallery has-nested-images columns-default is-cropped wp-block-gallery-1 is-layout-flex wp-block-gallery-is-layout-flex\">\n<figure class=\"wp-block-image size-large is-style-default\"><img loading=\"lazy\" decoding=\"async\" width=\"600\" height=\"446\" data-id=\"17401\" src=\"https:\/\/diariotribuna.com.br\/wp-content\/uploads\/2022\/11\/3.jpg\" alt=\"\" class=\"wp-image-17401\" srcset=\"https:\/\/diariotribuna.com.br\/wp-content\/uploads\/2022\/11\/3.jpg 600w, https:\/\/diariotribuna.com.br\/wp-content\/uploads\/2022\/11\/3-300x223.jpg 300w, https:\/\/diariotribuna.com.br\/wp-content\/uploads\/2022\/11\/3-80x60.jpg 80w, https:\/\/diariotribuna.com.br\/wp-content\/uploads\/2022\/11\/3-265x198.jpg 265w, https:\/\/diariotribuna.com.br\/wp-content\/uploads\/2022\/11\/3-565x420.jpg 565w\" sizes=\"(max-width: 600px) 100vw, 600px\" \/><\/figure>\n\n\n\n<figure class=\"wp-block-image size-large is-style-default\"><img loading=\"lazy\" decoding=\"async\" width=\"600\" height=\"384\" data-id=\"17402\" src=\"https:\/\/diariotribuna.com.br\/wp-content\/uploads\/2022\/11\/1-3.jpg\" alt=\"\" class=\"wp-image-17402\" srcset=\"https:\/\/diariotribuna.com.br\/wp-content\/uploads\/2022\/11\/1-3.jpg 600w, https:\/\/diariotribuna.com.br\/wp-content\/uploads\/2022\/11\/1-3-300x192.jpg 300w\" sizes=\"(max-width: 600px) 100vw, 600px\" \/><\/figure>\n\n\n\n<figure class=\"wp-block-image size-large is-style-default\"><img loading=\"lazy\" decoding=\"async\" width=\"600\" height=\"406\" data-id=\"17400\" src=\"https:\/\/diariotribuna.com.br\/wp-content\/uploads\/2022\/11\/2-1.jpg\" alt=\"\" class=\"wp-image-17400\" srcset=\"https:\/\/diariotribuna.com.br\/wp-content\/uploads\/2022\/11\/2-1.jpg 600w, https:\/\/diariotribuna.com.br\/wp-content\/uploads\/2022\/11\/2-1-300x203.jpg 300w\" sizes=\"(max-width: 600px) 100vw, 600px\" \/><\/figure>\n<\/figure>\n\n\n\n<p>\u201cEsse \u00e9 um trabalho importante, retornando o Sesc para Te\u00f3filo Otoni. Agradecemos ao Nadim, da Federa\u00e7\u00e3o do Com\u00e9rcio. A carreta \u00e9 algo magn\u00edfico, n\u00f3s passamos de 4.000 procedimentos, 119 pessoas atendidas, gratuitamente, e em breve j\u00e1 vamos solicitar outros trabalhos que o Sesc tem\u201d, disse L\u00e9o Ramos, destacando ainda, que \u00e9 uma parceria do Sindcom\u00e9rcio com a Federa\u00e7\u00e3o do Com\u00e9rcio. E neste fim de semana, o presidente da Fecom\u00e9rcio, Nadim Donato est\u00e1 em Te\u00f3filo Otoni, visitou a carreta, e participa das comemora\u00e7\u00f5es dos 35 anos do Sindcom\u00e9rcio de Te\u00f3filo Otoni. L\u00e9o ressalta que ainda ter\u00e3o mais novidades para nossa cidade.<\/p>\n\n\n\n<pre class=\"wp-block-verse\">\u201c\u00c9 algo que eu n\u00e3o conhecia ainda. \u00c9 algo fora da curva que est\u00e1 sendo colocado aqui no centro de Te\u00f3filo Otoni, atendendo gratuitamente. Quero parabenizar a Juliana pelo trabalho, eu realmente saio daqui encantado, muito satisfeito com o trabalho da Federa\u00e7\u00e3o e do Sesc. A gratifica\u00e7\u00e3o de poder servir \u00e9 algo que s\u00f3 quem est\u00e1 do lado de c\u00e1, faz essa busca para oferecer \u00e0 popula\u00e7\u00e3o, pode sentir\u201d, disse L\u00e9o, que mais uma vez agradeceu ao presidente da Fecom\u00e9rcio, Nadim Donato.<\/pre>\n\n\n\n<figure class=\"wp-block-gallery has-nested-images columns-default is-cropped wp-block-gallery-2 is-layout-flex wp-block-gallery-is-layout-flex\">\n<figure class=\"wp-block-image size-large is-style-default\"><img loading=\"lazy\" decoding=\"async\" width=\"600\" height=\"420\" data-id=\"17405\" src=\"https:\/\/diariotribuna.com.br\/wp-content\/uploads\/2022\/11\/7-2.jpg\" alt=\"\" class=\"wp-image-17405\" srcset=\"https:\/\/diariotribuna.com.br\/wp-content\/uploads\/2022\/11\/7-2.jpg 600w, https:\/\/diariotribuna.com.br\/wp-content\/uploads\/2022\/11\/7-2-300x210.jpg 300w, https:\/\/diariotribuna.com.br\/wp-content\/uploads\/2022\/11\/7-2-100x70.jpg 100w\" sizes=\"(max-width: 600px) 100vw, 600px\" \/><\/figure>\n\n\n\n<figure class=\"wp-block-image size-large is-style-default\"><img loading=\"lazy\" decoding=\"async\" width=\"600\" height=\"385\" data-id=\"17404\" src=\"https:\/\/diariotribuna.com.br\/wp-content\/uploads\/2022\/11\/5-1.jpg\" alt=\"\" class=\"wp-image-17404\" srcset=\"https:\/\/diariotribuna.com.br\/wp-content\/uploads\/2022\/11\/5-1.jpg 600w, https:\/\/diariotribuna.com.br\/wp-content\/uploads\/2022\/11\/5-1-300x193.jpg 300w\" sizes=\"(max-width: 600px) 100vw, 600px\" \/><\/figure>\n\n\n\n<figure class=\"wp-block-image size-large is-style-default\"><img loading=\"lazy\" decoding=\"async\" width=\"600\" height=\"429\" data-id=\"17403\" src=\"https:\/\/diariotribuna.com.br\/wp-content\/uploads\/2022\/11\/6-1.jpg\" alt=\"\" class=\"wp-image-17403\" srcset=\"https:\/\/diariotribuna.com.br\/wp-content\/uploads\/2022\/11\/6-1.jpg 600w, https:\/\/diariotribuna.com.br\/wp-content\/uploads\/2022\/11\/6-1-300x215.jpg 300w, https:\/\/diariotribuna.com.br\/wp-content\/uploads\/2022\/11\/6-1-587x420.jpg 587w\" sizes=\"(max-width: 600px) 100vw, 600px\" \/><\/figure>\n<\/figure>\n\n\n\n<h3 class=\"wp-block-heading\"><strong>(Fotos: Di\u00e1rio Tribuna)<\/strong><\/h3>\n","protected":false},"excerpt":{"rendered":"<p>Desde 3 de outubro foram mais de 4.000 procedimentos realizados em 119 pacientes; servi\u00e7os s\u00e3o 100% gratuitos A carreta Odonto Sesc est\u00e1 em Te\u00f3filo Otoni h\u00e1 mais de um m\u00eas prestando atendimentos odontol\u00f3gicos 100% gratuitos para a popula\u00e7\u00e3o. A unidade est\u00e1 localizada na \u00e1rea central, ao lado da C\u00e2mara Municipal. Em Minas s\u00e3o cinco carretas [&hellip;]<\/p>\n","protected":false},"author":1,"featured_media":17406,"comment_status":"open","ping_status":"open","sticky":false,"template":"","format":"standard","meta":{"rop_custom_images_group":[],"rop_custom_messages_group":[],"rop_publish_now":"initial","rop_publish_now_accounts":[],"rop_publish_now_history":[],"rop_publish_now_status":"pending","footnotes":""},"categories":[17],"tags":[4140,4918,221,75],"class_list":["post-17398","post","type-post","status-publish","format-standard","has-post-thumbnail","hentry","category-teofilootoni","tag-carreta","tag-odonto-sesc","tag-sindcomercio","tag-teofilo-otoni"],"_links":{"self":[{"href":"https:\/\/diariotribuna.com.br\/index.php?rest_route=\/wp\/v2\/posts\/17398"}],"collection":[{"href":"https:\/\/diariotribuna.com.br\/index.php?rest_route=\/wp\/v2\/posts"}],"about":[{"href":"https:\/\/diariotribuna.com.br\/index.php?rest_route=\/wp\/v2\/types\/post"}],"author":[{"embeddable":true,"href":"https:\/\/diariotribuna.com.br\/index.php?rest_route=\/wp\/v2\/users\/1"}],"replies":[{"embeddable":true,"href":"https:\/\/diariotribuna.com.br\/index.php?rest_route=%2Fwp%2Fv2%2Fcomments&post=17398"}],"version-history":[{"count":3,"href":"https:\/\/diariotribuna.com.br\/index.php?rest_route=\/wp\/v2\/posts\/17398\/revisions"}],"predecessor-version":[{"id":17410,"href":"https:\/\/diariotribuna.com.br\/index.php?rest_route=\/wp\/v2\/posts\/17398\/revisions\/17410"}],"wp:featuredmedia":[{"embeddable":true,"href":"https:\/\/diariotribuna.com.br\/index.php?rest_route=\/wp\/v2\/media\/17406"}],"wp:attachment":[{"href":"https:\/\/diariotribuna.com.br\/index.php?rest_route=%2Fwp%2Fv2%2Fmedia&parent=17398"}],"wp:term":[{"taxonomy":"category","embeddable":true,"href":"https:\/\/diariotribuna.com.br\/index.php?rest_route=%2Fwp%2Fv2%2Fcategories&post=17398"},{"taxonomy":"post_tag","embeddable":true,"href":"https:\/\/diariotribuna.com.br\/index.php?rest_route=%2Fwp%2Fv2%2Ftags&post=17398"}],"curies":[{"name":"wp","href":"https:\/\/api.w.org\/{rel}","templated":true}]}}