{"id":174,"date":"2020-06-03T20:10:20","date_gmt":"2020-06-03T23:10:20","guid":{"rendered":"https:\/\/diariotribuna.com.br\/?p=174"},"modified":"2020-06-03T20:55:12","modified_gmt":"2020-06-03T23:55:12","slug":"romeu-zema-empossa-novo-comando-da-pmmg","status":"publish","type":"post","link":"https:\/\/diariotribuna.com.br\/?p=174","title":{"rendered":"Romeu Zema empossa novo comando da PMMG"},"content":{"rendered":"\n<p>O governador Romeu Zema deu posse nesta quarta-feira (3\/6), \u00e0s 10h30, ao novo comandante-geral da Pol\u00edcia Militar do Estado de Minas Gerais, coronel Rodrigo Sousa Rodrigues. A cerim\u00f4nia pode ser acompanhada virtualmente.<\/p>\n\n\n\n<figure class=\"wp-block-gallery columns-1 is-cropped wp-block-gallery-1 is-layout-flex wp-block-gallery-is-layout-flex\"><ul class=\"blocks-gallery-grid\"><li class=\"blocks-gallery-item\"><figure><img loading=\"lazy\" decoding=\"async\" width=\"940\" height=\"350\" src=\"https:\/\/diariotribuna.com.br\/wp-content\/uploads\/2020\/06\/MG_8596.jpg\" alt=\"\" data-id=\"175\" data-full-url=\"https:\/\/diariotribuna.com.br\/wp-content\/uploads\/2020\/06\/MG_8596.jpg\" data-link=\"https:\/\/diariotribuna.com.br\/?attachment_id=175\" class=\"wp-image-175\" srcset=\"https:\/\/diariotribuna.com.br\/wp-content\/uploads\/2020\/06\/MG_8596.jpg 940w, https:\/\/diariotribuna.com.br\/wp-content\/uploads\/2020\/06\/MG_8596-300x112.jpg 300w, https:\/\/diariotribuna.com.br\/wp-content\/uploads\/2020\/06\/MG_8596-768x286.jpg 768w, https:\/\/diariotribuna.com.br\/wp-content\/uploads\/2020\/06\/MG_8596-696x259.jpg 696w\" sizes=\"(max-width: 940px) 100vw, 940px\" \/><\/figure><\/li><\/ul><\/figure>\n\n\n\n<p>O coronel Rodrigo, que at\u00e9 ent\u00e3o acumulava as fun\u00e7\u00f5es de chefe do Gabinete Militar do Governador e coordenador estadual de Defesa Civil, assume o cargo que era ocupado pelo coronel Giovanne Gomes da Silva, nomeado para a presid\u00eancia da Funda\u00e7\u00e3o Nacional de Sa\u00fade (Funasa) na semana passada.<\/p>\n\n\n\n<p>O coronel Rodrigo tem vasta experi\u00eancia na PM e coordenou o Comando de Avia\u00e7\u00e3o do Estado (Comave) entre 2015 e 2019. Para o lugar dele foi escolhido o coronel Osvaldo de Souza Marques. J\u00e1 o chefe do Estado Maior ser\u00e1 o coronel Eduardo Felisberto Alves. Ele substitui o coronel Marcelo Fernandes, que vai para a reserva da corpora\u00e7\u00e3o.<\/p>\n\n\n\n<p>Devido \u00e0s medidas de distanciamento decorrentes da covid-19, a solenidade foi transmitida no Instagram da PMMG e Youtube no link:<\/p>\n\n\n\n<figure class=\"wp-block-embed\"><div class=\"wp-block-embed__wrapper\">\nhttps:\/\/www.youtube.com\/channel\/UC0OlPPr2qs8cM9HyFAAYgTg\n<\/div><\/figure>\n\n\n\n<p><strong>Local do evento:<\/strong> Pr\u00e9dio Tiradentes \u2013 Cidade Administrativa \u2013 Belo Horizonte (MG)<\/p>\n\n\n\n<p>(SEGOV &#8211; Governo de Minas &#8211; Central de Imprensa\/ \/ Foto: Gil Leonardi \/ Imprensa MG)<\/p>\n","protected":false},"excerpt":{"rendered":"<p>O governador Romeu Zema deu posse nesta quarta-feira (3\/6), \u00e0s 10h30, ao novo comandante-geral da Pol\u00edcia Militar do Estado de Minas Gerais, coronel Rodrigo Sousa Rodrigues. A cerim\u00f4nia pode ser acompanhada virtualmente. O coronel Rodrigo, que at\u00e9 ent\u00e3o acumulava as fun\u00e7\u00f5es de chefe do Gabinete Militar do Governador e coordenador estadual de Defesa Civil, assume [&hellip;]<\/p>\n","protected":false},"author":1,"featured_media":175,"comment_status":"open","ping_status":"open","sticky":false,"template":"","format":"standard","meta":{"rop_custom_images_group":[],"rop_custom_messages_group":[],"rop_publish_now":"initial","rop_publish_now_accounts":[],"rop_publish_now_history":[],"rop_publish_now_status":"pending","footnotes":""},"categories":[20],"tags":[],"class_list":["post-174","post","type-post","status-publish","format-standard","has-post-thumbnail","hentry","category-policia"],"_links":{"self":[{"href":"https:\/\/diariotribuna.com.br\/index.php?rest_route=\/wp\/v2\/posts\/174"}],"collection":[{"href":"https:\/\/diariotribuna.com.br\/index.php?rest_route=\/wp\/v2\/posts"}],"about":[{"href":"https:\/\/diariotribuna.com.br\/index.php?rest_route=\/wp\/v2\/types\/post"}],"author":[{"embeddable":true,"href":"https:\/\/diariotribuna.com.br\/index.php?rest_route=\/wp\/v2\/users\/1"}],"replies":[{"embeddable":true,"href":"https:\/\/diariotribuna.com.br\/index.php?rest_route=%2Fwp%2Fv2%2Fcomments&post=174"}],"version-history":[{"count":1,"href":"https:\/\/diariotribuna.com.br\/index.php?rest_route=\/wp\/v2\/posts\/174\/revisions"}],"predecessor-version":[{"id":176,"href":"https:\/\/diariotribuna.com.br\/index.php?rest_route=\/wp\/v2\/posts\/174\/revisions\/176"}],"wp:featuredmedia":[{"embeddable":true,"href":"https:\/\/diariotribuna.com.br\/index.php?rest_route=\/wp\/v2\/media\/175"}],"wp:attachment":[{"href":"https:\/\/diariotribuna.com.br\/index.php?rest_route=%2Fwp%2Fv2%2Fmedia&parent=174"}],"wp:term":[{"taxonomy":"category","embeddable":true,"href":"https:\/\/diariotribuna.com.br\/index.php?rest_route=%2Fwp%2Fv2%2Fcategories&post=174"},{"taxonomy":"post_tag","embeddable":true,"href":"https:\/\/diariotribuna.com.br\/index.php?rest_route=%2Fwp%2Fv2%2Ftags&post=174"}],"curies":[{"name":"wp","href":"https:\/\/api.w.org\/{rel}","templated":true}]}}