{"id":17411,"date":"2022-11-13T16:51:40","date_gmt":"2022-11-13T19:51:40","guid":{"rendered":"https:\/\/diariotribuna.com.br\/?p=17411"},"modified":"2022-11-17T23:16:48","modified_gmt":"2022-11-18T02:16:48","slug":"policia-penal-e-parceiros-realizam-acao-social-em-teofilo-otoni","status":"publish","type":"post","link":"https:\/\/diariotribuna.com.br\/?p=17411","title":{"rendered":"Pol\u00edcia Penal e parceiros realizam a\u00e7\u00e3o social em Te\u00f3filo Otoni"},"content":{"rendered":"\n<p><strong><em>A Pol\u00edcia Penal distribuiu brinquedos para as crian\u00e7as, al\u00e9m de hortali\u00e7as e verduras para mais de 50 fam\u00edlias, em parceria com outros \u00f3rg\u00e3os de seguran\u00e7a p\u00fablica e a Igreja Mission\u00e1ria<\/em><\/strong><\/p>\n\n\n\n<figure class=\"wp-block-image size-full is-resized is-style-default\"><img loading=\"lazy\" decoding=\"async\" src=\"https:\/\/diariotribuna.com.br\/wp-content\/uploads\/2022\/11\/1-5.jpg\" alt=\"\" class=\"wp-image-17422\" width=\"637\" height=\"409\" srcset=\"https:\/\/diariotribuna.com.br\/wp-content\/uploads\/2022\/11\/1-5.jpg 700w, https:\/\/diariotribuna.com.br\/wp-content\/uploads\/2022\/11\/1-5-300x192.jpg 300w, https:\/\/diariotribuna.com.br\/wp-content\/uploads\/2022\/11\/1-5-696x446.jpg 696w, https:\/\/diariotribuna.com.br\/wp-content\/uploads\/2022\/11\/1-5-655x420.jpg 655w\" sizes=\"(max-width: 637px) 100vw, 637px\" \/><\/figure>\n\n\n\n<p>Policiais penais e servidores das unidades prisionais de Te\u00f3filo Otoni realizaram uma a\u00e7\u00e3o solid\u00e1ria, no s\u00e1bado (12\/11), juntamente com outras for\u00e7as de seguran\u00e7a p\u00fablica da cidade, e parceria com a Igreja Mission\u00e1ria, atrav\u00e9s do vereador sargento Harlei. Foi um s\u00e1bado de muito trabalho em Te\u00f3filo Otoni, no Vale do Mucuri, quando a Pol\u00edcia Penal, Pol\u00edcia Militar e o Corpo de Bombeiros Militar se uniram em prol de uma causa social.<\/p>\n\n\n\n<p>Mais de 50 fam\u00edlias de um bairro carente de Te\u00f3filo Otoni ganharam hortali\u00e7as e verduras fresquinhas produzidas na Penitenci\u00e1ria local. Foram mais de 400 quilos de alimentos para as mesas de fam\u00edlias que muitas vezes n\u00e3o podem comprar. E, cerca de 300 brinquedos, produzidos pelos indiv\u00edduos privados de liberdade (IPLs) nas oficinas do projeto \u201cF\u00e1brica da Alegria\u201d, instalada em algumas unidades prisionais do Estado, distribu\u00eddos para as crian\u00e7as da comunidade.<\/p>\n\n\n\n<p>As crian\u00e7as ganharam doces, diversas guloseimas, e se divertiram com a presen\u00e7a do PM Legal, mascote da Pol\u00edcia Militar de Minas Gerais. Para os organizadores, a a\u00e7\u00e3o refor\u00e7a o papel do Departamento Penitenci\u00e1rio de Minas Gerais (Depen-MG) fora dos muros, atuando em favor dos cidad\u00e3os com a\u00e7\u00f5es sociais.<\/p>\n\n\n\n<figure class=\"wp-block-gallery has-nested-images columns-2 is-cropped wp-block-gallery-1 is-layout-flex wp-block-gallery-is-layout-flex\">\n<figure class=\"wp-block-image size-large is-style-default\"><img loading=\"lazy\" decoding=\"async\" width=\"600\" height=\"424\" data-id=\"17425\" src=\"https:\/\/diariotribuna.com.br\/wp-content\/uploads\/2022\/11\/8.jpg\" alt=\"\" class=\"wp-image-17425\" srcset=\"https:\/\/diariotribuna.com.br\/wp-content\/uploads\/2022\/11\/8.jpg 600w, https:\/\/diariotribuna.com.br\/wp-content\/uploads\/2022\/11\/8-300x212.jpg 300w, https:\/\/diariotribuna.com.br\/wp-content\/uploads\/2022\/11\/8-100x70.jpg 100w, https:\/\/diariotribuna.com.br\/wp-content\/uploads\/2022\/11\/8-594x420.jpg 594w\" sizes=\"(max-width: 600px) 100vw, 600px\" \/><\/figure>\n\n\n\n<figure class=\"wp-block-image size-large is-style-default\"><img loading=\"lazy\" decoding=\"async\" width=\"700\" height=\"444\" data-id=\"17426\" src=\"https:\/\/diariotribuna.com.br\/wp-content\/uploads\/2022\/11\/10.jpg\" alt=\"\" class=\"wp-image-17426\" srcset=\"https:\/\/diariotribuna.com.br\/wp-content\/uploads\/2022\/11\/10.jpg 700w, https:\/\/diariotribuna.com.br\/wp-content\/uploads\/2022\/11\/10-300x190.jpg 300w, https:\/\/diariotribuna.com.br\/wp-content\/uploads\/2022\/11\/10-696x441.jpg 696w, https:\/\/diariotribuna.com.br\/wp-content\/uploads\/2022\/11\/10-662x420.jpg 662w\" sizes=\"(max-width: 700px) 100vw, 700px\" \/><\/figure>\n\n\n\n<figure class=\"wp-block-image size-large is-style-default\"><img loading=\"lazy\" decoding=\"async\" width=\"600\" height=\"452\" data-id=\"17424\" src=\"https:\/\/diariotribuna.com.br\/wp-content\/uploads\/2022\/11\/5-2.jpg\" alt=\"\" class=\"wp-image-17424\" srcset=\"https:\/\/diariotribuna.com.br\/wp-content\/uploads\/2022\/11\/5-2.jpg 600w, https:\/\/diariotribuna.com.br\/wp-content\/uploads\/2022\/11\/5-2-300x226.jpg 300w, https:\/\/diariotribuna.com.br\/wp-content\/uploads\/2022\/11\/5-2-80x60.jpg 80w, https:\/\/diariotribuna.com.br\/wp-content\/uploads\/2022\/11\/5-2-558x420.jpg 558w\" sizes=\"(max-width: 600px) 100vw, 600px\" \/><\/figure>\n\n\n\n<figure class=\"wp-block-image size-large is-style-default\"><img loading=\"lazy\" decoding=\"async\" width=\"700\" height=\"576\" data-id=\"17423\" src=\"https:\/\/diariotribuna.com.br\/wp-content\/uploads\/2022\/11\/2-3.jpg\" alt=\"\" class=\"wp-image-17423\" srcset=\"https:\/\/diariotribuna.com.br\/wp-content\/uploads\/2022\/11\/2-3.jpg 700w, https:\/\/diariotribuna.com.br\/wp-content\/uploads\/2022\/11\/2-3-300x247.jpg 300w, https:\/\/diariotribuna.com.br\/wp-content\/uploads\/2022\/11\/2-3-696x573.jpg 696w, https:\/\/diariotribuna.com.br\/wp-content\/uploads\/2022\/11\/2-3-510x420.jpg 510w\" sizes=\"(max-width: 700px) 100vw, 700px\" \/><\/figure>\n<\/figure>\n\n\n\n<p>\u201c\u00c9 verdadeiramente uma quebra de paradigmas, onde a Pol\u00edcia Penal est\u00e1 al\u00e9m dos muros. A gente busca hoje a ressocializa\u00e7\u00e3o como princ\u00edpio \u00fanico da Pol\u00edcia Penal. A nossa ideia \u00e9 essa, trazer a PP pra sociedade\u201d, disse a diretora da Penitenci\u00e1ria de Te\u00f3filo Otoni, Thais Rodrigues Monteiro. Ela frisa ainda que, a sociedade precisa conhecer a Pol\u00edcia Penal como for\u00e7a de seguran\u00e7a, mas tamb\u00e9m como for\u00e7a que agrega a sociedade de modo geral.<\/p>\n\n\n\n<p>O diretor do Pres\u00eddio de Te\u00f3filo Otoni, Wederson Coelho Costa Dias, ressaltou que, o projeto, al\u00e9m de atender \u00e0s crian\u00e7as com entrega de brinquedos, sacolinhas surpresas, lanches, foram entregues tamb\u00e9m agasalhos e roupas. Wederson destaca que, a comunidade recebeu isso, e muitos ali s\u00e3o parentes dos IPLs. \u201cE isso chega dentro da carceragem. E faz com que a Pol\u00edcia Penal se aproxime da sociedade de uma forma geral\u201d, disse Wederson.<\/p>\n\n\n\n<figure class=\"wp-block-gallery has-nested-images columns-3 is-cropped wp-block-gallery-2 is-layout-flex wp-block-gallery-is-layout-flex\">\n<figure class=\"wp-block-image size-large is-style-default\"><img loading=\"lazy\" decoding=\"async\" width=\"600\" height=\"975\" data-id=\"17430\" src=\"https:\/\/diariotribuna.com.br\/wp-content\/uploads\/2022\/11\/3-1.jpg\" alt=\"\" class=\"wp-image-17430\" srcset=\"https:\/\/diariotribuna.com.br\/wp-content\/uploads\/2022\/11\/3-1.jpg 600w, https:\/\/diariotribuna.com.br\/wp-content\/uploads\/2022\/11\/3-1-185x300.jpg 185w, https:\/\/diariotribuna.com.br\/wp-content\/uploads\/2022\/11\/3-1-258x420.jpg 258w\" sizes=\"(max-width: 600px) 100vw, 600px\" \/><\/figure>\n\n\n\n<figure class=\"wp-block-image size-large is-style-default\"><img loading=\"lazy\" decoding=\"async\" width=\"600\" height=\"801\" data-id=\"17428\" src=\"https:\/\/diariotribuna.com.br\/wp-content\/uploads\/2022\/11\/6-2.jpg\" alt=\"\" class=\"wp-image-17428\" srcset=\"https:\/\/diariotribuna.com.br\/wp-content\/uploads\/2022\/11\/6-2.jpg 600w, https:\/\/diariotribuna.com.br\/wp-content\/uploads\/2022\/11\/6-2-225x300.jpg 225w, https:\/\/diariotribuna.com.br\/wp-content\/uploads\/2022\/11\/6-2-315x420.jpg 315w\" sizes=\"(max-width: 600px) 100vw, 600px\" \/><\/figure>\n\n\n\n<figure class=\"wp-block-image size-large is-style-default\"><img loading=\"lazy\" decoding=\"async\" width=\"766\" height=\"1024\" data-id=\"17429\" src=\"https:\/\/diariotribuna.com.br\/wp-content\/uploads\/2022\/11\/4-1-766x1024.jpg\" alt=\"\" class=\"wp-image-17429\" srcset=\"https:\/\/diariotribuna.com.br\/wp-content\/uploads\/2022\/11\/4-1-766x1024.jpg 766w, https:\/\/diariotribuna.com.br\/wp-content\/uploads\/2022\/11\/4-1-225x300.jpg 225w, https:\/\/diariotribuna.com.br\/wp-content\/uploads\/2022\/11\/4-1-768x1026.jpg 768w, https:\/\/diariotribuna.com.br\/wp-content\/uploads\/2022\/11\/4-1-696x930.jpg 696w, https:\/\/diariotribuna.com.br\/wp-content\/uploads\/2022\/11\/4-1-314x420.jpg 314w, https:\/\/diariotribuna.com.br\/wp-content\/uploads\/2022\/11\/4-1.jpg 958w\" sizes=\"(max-width: 766px) 100vw, 766px\" \/><\/figure>\n\n\n\n<figure class=\"wp-block-image size-large is-style-default\"><img loading=\"lazy\" decoding=\"async\" width=\"700\" height=\"456\" data-id=\"17427\" src=\"https:\/\/diariotribuna.com.br\/wp-content\/uploads\/2022\/11\/7-4.jpg\" alt=\"\" class=\"wp-image-17427\" srcset=\"https:\/\/diariotribuna.com.br\/wp-content\/uploads\/2022\/11\/7-4.jpg 700w, https:\/\/diariotribuna.com.br\/wp-content\/uploads\/2022\/11\/7-4-300x195.jpg 300w, https:\/\/diariotribuna.com.br\/wp-content\/uploads\/2022\/11\/7-4-696x453.jpg 696w, https:\/\/diariotribuna.com.br\/wp-content\/uploads\/2022\/11\/7-4-645x420.jpg 645w\" sizes=\"(max-width: 700px) 100vw, 700px\" \/><\/figure>\n<\/figure>\n\n\n\n<p><\/p>\n","protected":false},"excerpt":{"rendered":"<p>A Pol\u00edcia Penal distribuiu brinquedos para as crian\u00e7as, al\u00e9m de hortali\u00e7as e verduras para mais de 50 fam\u00edlias, em parceria com outros \u00f3rg\u00e3os de seguran\u00e7a p\u00fablica e a Igreja Mission\u00e1ria Policiais penais e servidores das unidades prisionais de Te\u00f3filo Otoni realizaram uma a\u00e7\u00e3o solid\u00e1ria, no s\u00e1bado (12\/11), juntamente com outras for\u00e7as de seguran\u00e7a p\u00fablica da [&hellip;]<\/p>\n","protected":false},"author":1,"featured_media":17422,"comment_status":"open","ping_status":"open","sticky":false,"template":"","format":"standard","meta":{"rop_custom_images_group":[],"rop_custom_messages_group":[],"rop_publish_now":"initial","rop_publish_now_accounts":[],"rop_publish_now_history":[],"rop_publish_now_status":"pending","footnotes":""},"categories":[19],"tags":[2810,1041,75],"class_list":["post-17411","post","type-post","status-publish","format-standard","has-post-thumbnail","hentry","category-gerais","tag-acao-social","tag-policia-penal","tag-teofilo-otoni"],"_links":{"self":[{"href":"https:\/\/diariotribuna.com.br\/index.php?rest_route=\/wp\/v2\/posts\/17411"}],"collection":[{"href":"https:\/\/diariotribuna.com.br\/index.php?rest_route=\/wp\/v2\/posts"}],"about":[{"href":"https:\/\/diariotribuna.com.br\/index.php?rest_route=\/wp\/v2\/types\/post"}],"author":[{"embeddable":true,"href":"https:\/\/diariotribuna.com.br\/index.php?rest_route=\/wp\/v2\/users\/1"}],"replies":[{"embeddable":true,"href":"https:\/\/diariotribuna.com.br\/index.php?rest_route=%2Fwp%2Fv2%2Fcomments&post=17411"}],"version-history":[{"count":2,"href":"https:\/\/diariotribuna.com.br\/index.php?rest_route=\/wp\/v2\/posts\/17411\/revisions"}],"predecessor-version":[{"id":17433,"href":"https:\/\/diariotribuna.com.br\/index.php?rest_route=\/wp\/v2\/posts\/17411\/revisions\/17433"}],"wp:featuredmedia":[{"embeddable":true,"href":"https:\/\/diariotribuna.com.br\/index.php?rest_route=\/wp\/v2\/media\/17422"}],"wp:attachment":[{"href":"https:\/\/diariotribuna.com.br\/index.php?rest_route=%2Fwp%2Fv2%2Fmedia&parent=17411"}],"wp:term":[{"taxonomy":"category","embeddable":true,"href":"https:\/\/diariotribuna.com.br\/index.php?rest_route=%2Fwp%2Fv2%2Fcategories&post=17411"},{"taxonomy":"post_tag","embeddable":true,"href":"https:\/\/diariotribuna.com.br\/index.php?rest_route=%2Fwp%2Fv2%2Ftags&post=17411"}],"curies":[{"name":"wp","href":"https:\/\/api.w.org\/{rel}","templated":true}]}}