{"id":17434,"date":"2022-11-15T23:57:00","date_gmt":"2022-11-16T02:57:00","guid":{"rendered":"https:\/\/diariotribuna.com.br\/?p=17434"},"modified":"2022-11-16T00:33:55","modified_gmt":"2022-11-16T03:33:55","slug":"homem-usa-filho-de-11-anos-pra-furtar-celular-em-teofilo-otoni","status":"publish","type":"post","link":"https:\/\/diariotribuna.com.br\/?p=17434","title":{"rendered":"Homem usa filho de 11 anos pra furtar celular em Te\u00f3filo Otoni"},"content":{"rendered":"\n<figure class=\"wp-block-image size-full is-resized is-style-default\"><img loading=\"lazy\" decoding=\"async\" src=\"https:\/\/diariotribuna.com.br\/wp-content\/uploads\/2022\/11\/c2775eef-2704-4b68-be69-f2277bcf23a5.jpg\" alt=\"\" class=\"wp-image-17437\" width=\"424\" height=\"273\" srcset=\"https:\/\/diariotribuna.com.br\/wp-content\/uploads\/2022\/11\/c2775eef-2704-4b68-be69-f2277bcf23a5.jpg 700w, https:\/\/diariotribuna.com.br\/wp-content\/uploads\/2022\/11\/c2775eef-2704-4b68-be69-f2277bcf23a5-300x193.jpg 300w, https:\/\/diariotribuna.com.br\/wp-content\/uploads\/2022\/11\/c2775eef-2704-4b68-be69-f2277bcf23a5-696x448.jpg 696w, https:\/\/diariotribuna.com.br\/wp-content\/uploads\/2022\/11\/c2775eef-2704-4b68-be69-f2277bcf23a5-652x420.jpg 652w\" sizes=\"(max-width: 424px) 100vw, 424px\" \/><\/figure>\n\n\n\n<p>Depois que uma equipe T\u00e1tico M\u00f3vel do 19\u00ba Batalh\u00e3o de Pol\u00edcia Militar teve acesso \u00e0s imagens internas de um estabelecimento comercial de tele cerveja situado no Bairro Gr\u00e3o Par\u00e1, em Te\u00f3filo Otoni, onde um homem na companhia do seu filho de 11 anos de idade, aproveitando da distra\u00e7\u00e3o da funcion\u00e1ria, furtaram um aparelho celular e fugiram logo em seguida, foram feitas dilig\u00eancias pra tentar mais informa\u00e7\u00f5es sobre a autoria do furto.<\/p>\n\n\n\n<p>Ap\u00f3s rastreamentos, a equipe conseguiu localizar o homem e o seu filho, na Rua Monsenhor Horta, Bairro S\u00e3o Jacinto, e o aparelho celular foi recuperado. Pai e filho foram conduzidos \u00e0 delegacia de Pol\u00edcia Civil para as medidas de pol\u00edcia judici\u00e1ria. A m\u00e3e do menor acompanhou a ocorr\u00eancia. Segundo a PM o homem j\u00e1 tem passagens por roubo e furto. <\/p>\n\n\n\n<p>No v\u00eddeo mostra o homem chegando a p\u00e9 e o filho de bicicleta. Ele pede \u00e1gua e o filho desce da bicicleta. Enquanto a funcion\u00e1ria levanta pra pegar a \u00e1gua, o homem rapidamente furta o celular e entrega ao seu filho que sobe na bicicleta e sai do local. O homem ainda pede mais \u00e1gua, bebe, agradece e sai. Equipe T\u00e1tico M\u00f3vel: tenente Frederico, sargento Chaves, cabo Wesley. (Informa\u00e7\u00f5es: PMMG).<\/p>\n\n\n\n<figure class=\"wp-block-image size-large is-resized is-style-default\"><img loading=\"lazy\" decoding=\"async\" src=\"https:\/\/diariotribuna.com.br\/wp-content\/uploads\/2022\/11\/21c1eb28-bd42-444e-ad1d-7676ab3d317f-552x1024.jpg\" alt=\"\" class=\"wp-image-17438\" width=\"251\" height=\"466\" srcset=\"https:\/\/diariotribuna.com.br\/wp-content\/uploads\/2022\/11\/21c1eb28-bd42-444e-ad1d-7676ab3d317f-552x1024.jpg 552w, https:\/\/diariotribuna.com.br\/wp-content\/uploads\/2022\/11\/21c1eb28-bd42-444e-ad1d-7676ab3d317f-162x300.jpg 162w, https:\/\/diariotribuna.com.br\/wp-content\/uploads\/2022\/11\/21c1eb28-bd42-444e-ad1d-7676ab3d317f-226x420.jpg 226w, https:\/\/diariotribuna.com.br\/wp-content\/uploads\/2022\/11\/21c1eb28-bd42-444e-ad1d-7676ab3d317f.jpg 576w\" sizes=\"(max-width: 251px) 100vw, 251px\" \/><figcaption><strong>Vestimenta usada pelo autor<\/strong><br><strong>no momento do furto<\/strong><\/figcaption><\/figure>\n","protected":false},"excerpt":{"rendered":"<p>Depois que uma equipe T\u00e1tico M\u00f3vel do 19\u00ba Batalh\u00e3o de Pol\u00edcia Militar teve acesso \u00e0s imagens internas de um estabelecimento comercial de tele cerveja situado no Bairro Gr\u00e3o Par\u00e1, em Te\u00f3filo Otoni, onde um homem na companhia do seu filho de 11 anos de idade, aproveitando da distra\u00e7\u00e3o da funcion\u00e1ria, furtaram um aparelho celular e [&hellip;]<\/p>\n","protected":false},"author":1,"featured_media":17437,"comment_status":"open","ping_status":"open","sticky":false,"template":"","format":"standard","meta":{"rop_custom_images_group":[],"rop_custom_messages_group":[],"rop_publish_now":"initial","rop_publish_now_accounts":[],"rop_publish_now_history":[],"rop_publish_now_status":"pending","footnotes":""},"categories":[25,20],"tags":[3734,986,987,4766,188,76,75],"class_list":["post-17434","post","type-post","status-publish","format-standard","has-post-thumbnail","hentry","category-destaque","category-policia","tag-celular","tag-furto","tag-grao-para","tag-maior","tag-menor","tag-policia-militar","tag-teofilo-otoni"],"_links":{"self":[{"href":"https:\/\/diariotribuna.com.br\/index.php?rest_route=\/wp\/v2\/posts\/17434"}],"collection":[{"href":"https:\/\/diariotribuna.com.br\/index.php?rest_route=\/wp\/v2\/posts"}],"about":[{"href":"https:\/\/diariotribuna.com.br\/index.php?rest_route=\/wp\/v2\/types\/post"}],"author":[{"embeddable":true,"href":"https:\/\/diariotribuna.com.br\/index.php?rest_route=\/wp\/v2\/users\/1"}],"replies":[{"embeddable":true,"href":"https:\/\/diariotribuna.com.br\/index.php?rest_route=%2Fwp%2Fv2%2Fcomments&post=17434"}],"version-history":[{"count":3,"href":"https:\/\/diariotribuna.com.br\/index.php?rest_route=\/wp\/v2\/posts\/17434\/revisions"}],"predecessor-version":[{"id":17440,"href":"https:\/\/diariotribuna.com.br\/index.php?rest_route=\/wp\/v2\/posts\/17434\/revisions\/17440"}],"wp:featuredmedia":[{"embeddable":true,"href":"https:\/\/diariotribuna.com.br\/index.php?rest_route=\/wp\/v2\/media\/17437"}],"wp:attachment":[{"href":"https:\/\/diariotribuna.com.br\/index.php?rest_route=%2Fwp%2Fv2%2Fmedia&parent=17434"}],"wp:term":[{"taxonomy":"category","embeddable":true,"href":"https:\/\/diariotribuna.com.br\/index.php?rest_route=%2Fwp%2Fv2%2Fcategories&post=17434"},{"taxonomy":"post_tag","embeddable":true,"href":"https:\/\/diariotribuna.com.br\/index.php?rest_route=%2Fwp%2Fv2%2Ftags&post=17434"}],"curies":[{"name":"wp","href":"https:\/\/api.w.org\/{rel}","templated":true}]}}