{"id":17445,"date":"2022-11-16T14:25:18","date_gmt":"2022-11-16T17:25:18","guid":{"rendered":"https:\/\/diariotribuna.com.br\/?p=17445"},"modified":"2022-11-16T14:25:19","modified_gmt":"2022-11-16T17:25:19","slug":"a-disputa-para-deputado-estadual-os-candidatos-mais-bem-votados-no-nordeste-de-minas","status":"publish","type":"post","link":"https:\/\/diariotribuna.com.br\/?p=17445","title":{"rendered":"A disputa para deputado estadual: os candidatos mais bem votados no Nordeste de Minas"},"content":{"rendered":"\n<figure class=\"wp-block-image size-full is-resized is-style-default\"><img loading=\"lazy\" decoding=\"async\" src=\"https:\/\/diariotribuna.com.br\/wp-content\/uploads\/2022\/11\/Juliana-1.jpg\" alt=\"\" class=\"wp-image-17446\" width=\"332\" height=\"348\" srcset=\"https:\/\/diariotribuna.com.br\/wp-content\/uploads\/2022\/11\/Juliana-1.jpg 650w, https:\/\/diariotribuna.com.br\/wp-content\/uploads\/2022\/11\/Juliana-1-286x300.jpg 286w, https:\/\/diariotribuna.com.br\/wp-content\/uploads\/2022\/11\/Juliana-1-401x420.jpg 401w\" sizes=\"(max-width: 332px) 100vw, 332px\" \/><figcaption><strong><strong>Juliana Lemes da Cruz.<\/strong><\/strong><br><strong><strong>Doutoranda em Pol\u00edtica Social \u2013 UFF.<\/strong><\/strong><br><strong><strong>Pesquisadora GEPAF\/UFVJM.<\/strong><\/strong><br><strong><strong>Coordenadora do Projeto MLV.<\/strong><\/strong><br><strong><strong>Contato: <\/strong><a href=\"mailto:julianalemes@id.uff.br\"><strong>julianalemes@id.uff.br<\/strong><\/a><\/strong><\/figcaption><\/figure>\n\n\n\n<p>Em Minas Gerais, a disputa pelo governo do Estado findou logo no 1\u00ba turno das elei\u00e7\u00f5es de 2022, com a reelei\u00e7\u00e3o de Romeu Zema (Novo). Para o senado, Minas elegeu Cleitinho (PSC). Para a Assembleia Legislativa, foram 77 deputados estaduais e para a C\u00e2mara, 53 deputados federais eleitos\/reeleitos. No que se refere \u00e0 regi\u00e3o nordeste de Minas, figuras conhecidas se reelegeram deputados estaduais: Neilando Pimenta, Jean Freire, Coronel Sandro e Gustavo Santana. Restaram primeiros suplentes \u00e0 cadeira de deputado federal de seus respectivos partidos, o deputado federal Fabinho Ramalho (MDB) e o ex-prefeito de Cara\u00ed, Vav\u00e1 (AVANTE).<\/p>\n\n\n\n<p>Na sua 1\u00aa candidatura \u00e0 ocupa\u00e7\u00e3o de uma das cadeiras da Assembleia Legislativa de Minas, Comandante Marinho, que obteve expressiva vota\u00e7\u00e3o como candidato a prefeito de Te\u00f3filo Otoni nas elei\u00e7\u00f5es 2020, apesar de ter sido bastante apoiado na regi\u00e3o, n\u00e3o foi eleito. Assim como, a candidata e representante quilombola e das comunidades rurais, Maria Alves. Ademais, outros representantes de Te\u00f3filo Otoni tamb\u00e9m tentaram assumir cadeiras no legislativo (estadual ou federal) o secret\u00e1rio municipal, Tarcirlei; o vice-prefeito, \u00c9der Detrez; a vereadora Eliane Moreira e o dr. K\u00eanio, capit\u00e3o m\u00e9dico da Pol\u00edcia Militar. Por outro lado, Bruno Farias, representante da categoria da enfermagem, foi eleito deputado federal.<\/p>\n\n\n\n<pre class=\"wp-block-verse\">Na microrregi\u00e3o de Te\u00f3filo Otoni e nas microrregi\u00f5es que a circundam: Almenara, Ara\u00e7ua\u00ed, Nanuque e Pedra Azul \u2013, dois candidatos se destacaram dentre os cinco mais bem votados em todos os territ\u00f3rios. S\u00e3o eles: Dr. Jean Freire (PT), o 18\u00ba mais bem votado de Minas, com 84.489 votos e Neilando Pimenta (PSB), o 17\u00ba mais bem votado, com 85.364 votos. Ambos, reeleitos.<\/pre>\n\n\n\n<figure class=\"wp-block-image size-full is-resized is-style-default\"><img loading=\"lazy\" decoding=\"async\" src=\"https:\/\/diariotribuna.com.br\/wp-content\/uploads\/2022\/11\/4c7cf793-1090-4362-b08f-05d5a9f13ab7-1.jpg\" alt=\"\" class=\"wp-image-17448\" width=\"518\" height=\"400\" srcset=\"https:\/\/diariotribuna.com.br\/wp-content\/uploads\/2022\/11\/4c7cf793-1090-4362-b08f-05d5a9f13ab7-1.jpg 700w, https:\/\/diariotribuna.com.br\/wp-content\/uploads\/2022\/11\/4c7cf793-1090-4362-b08f-05d5a9f13ab7-1-300x231.jpg 300w, https:\/\/diariotribuna.com.br\/wp-content\/uploads\/2022\/11\/4c7cf793-1090-4362-b08f-05d5a9f13ab7-1-696x537.jpg 696w, https:\/\/diariotribuna.com.br\/wp-content\/uploads\/2022\/11\/4c7cf793-1090-4362-b08f-05d5a9f13ab7-1-544x420.jpg 544w\" sizes=\"(max-width: 518px) 100vw, 518px\" \/><\/figure>\n\n\n\n<p>Quanto aos demais candidatos elencados entre os cinco mais bem votados das microrregi\u00f5es e que foram eleitos (as), est\u00e3o: Beatriz Cerqueira, 2\u00aa mais bem votada de Minas, com 248.664 votos; Tito Torres, o 11\u00ba, com 96.811 votos; Gustavo Valadares, 12\u00ba, com 96.714 votos; Carlos Henrique, o 21\u00ba, com 82.881 votos; Duarte, 29\u00ba, com 71.880 votos; e Gustavo Santana, 69\u00ba, com 43.282 votos.<\/p>\n\n\n\n<p>Em todos os territ\u00f3rios o per\u00edodo eleitoral foi tenso, especialmente, no 2\u00ba turno. A regi\u00e3o de Te\u00f3filo Otoni foi destaque estadual nas den\u00fancias de ass\u00e9dio eleitoral no ambiente de trabalho. Mais na iniciativa privada do que no setor p\u00fablico, graves relatos deram conta de que patr\u00f5es, em reuni\u00f5es internas, orientavam funcion\u00e1rios a decidirem por um determinado candidato, sob pena de n\u00e3o conseguirem manter seus empregos se o referido n\u00e3o fosse vitorioso no pleito.<\/p>\n\n\n\n<p>Durante a campanha presidencial de 2\u00ba turno, o munic\u00edpio de Te\u00f3filo Otoni foi palco dos dois candidatos \u00e0 presid\u00eancia. No dia 21\/10 foi a vez de Lula (PT), acompanhado de Simone Tebet (MDB), senadora e candidata \u00e0 presid\u00eancia que ficou em 3\u00ba lugar na disputa e Marina Silva (REDE), deputada federal eleita por S\u00e3o Paulo e ex-ministra do meio ambiente. No dia 26\/10, a vez de Bolsonaro (PL), acompanhado do candidato a vice, o mineiro General Braga Neto, de Romeu Zema (NOVO), governador de Minas e de Cleitinho, eleito senador por MG. No dia anterior, j\u00e1 na cidade, Zema anunciou a retomada das obras do Hospital Regional, paradas h\u00e1 quase uma d\u00e9cada. As manifesta\u00e7\u00f5es populares foram amplas, tendo mobilizado, cada uma delas, cerca de 20 mil pessoas na regi\u00e3o central da cidade.<\/p>\n\n\n\n<p>As visitas dos presidenci\u00e1veis foram destaque nos notici\u00e1rios nacionais que enfatizaram a import\u00e2ncia da disputa por votos no munic\u00edpio de Te\u00f3filo Otoni e regi\u00e3o. Isso porque, uma caracter\u00edstica marcou o cen\u00e1rio no 1\u00ba turno: o governador Zema \u2013 apoiador declarado de Bolsonaro \u2013, conquistou a maioria dos votos para governador no munic\u00edpio de Te\u00f3filo Otoni e em Minas. E, por outro lado, Lula foi escolhido pela maioria dos eleitores para a presid\u00eancia, tanto em Te\u00f3filo Otoni, quanto no estado. O resultado do 2\u00ba turno registrou vota\u00e7\u00e3o in\u00e9dita, com a mais estreita diferen\u00e7a de votos j\u00e1 registrada entre os candidatos. Foram em torno de dois milh\u00f5es de votos de vantagem de Lula sobre Bolsonaro, o que garantiu ao ex-presidente sua recondu\u00e7\u00e3o \u00e0 Presid\u00eancia da Rep\u00fablica do Brasil pela terceira oportunidade.<\/p>\n","protected":false},"excerpt":{"rendered":"<p>Em Minas Gerais, a disputa pelo governo do Estado findou logo no 1\u00ba turno das elei\u00e7\u00f5es de 2022, com a reelei\u00e7\u00e3o de Romeu Zema (Novo). Para o senado, Minas elegeu Cleitinho (PSC). Para a Assembleia Legislativa, foram 77 deputados estaduais e para a C\u00e2mara, 53 deputados federais eleitos\/reeleitos. No que se refere \u00e0 regi\u00e3o nordeste [&hellip;]<\/p>\n","protected":false},"author":1,"featured_media":17446,"comment_status":"open","ping_status":"open","sticky":false,"template":"","format":"standard","meta":{"rop_custom_images_group":[],"rop_custom_messages_group":[],"rop_publish_now":"initial","rop_publish_now_accounts":[],"rop_publish_now_history":[],"rop_publish_now_status":"pending","footnotes":""},"categories":[25,24],"tags":[4920,4170,1194,1120],"class_list":["post-17445","post","type-post","status-publish","format-standard","has-post-thumbnail","hentry","category-destaque","category-opiniao","tag-disputa-deputado-estadual","tag-eleicoes-2022","tag-juliana-lemes","tag-nordeste-de-minas"],"_links":{"self":[{"href":"https:\/\/diariotribuna.com.br\/index.php?rest_route=\/wp\/v2\/posts\/17445"}],"collection":[{"href":"https:\/\/diariotribuna.com.br\/index.php?rest_route=\/wp\/v2\/posts"}],"about":[{"href":"https:\/\/diariotribuna.com.br\/index.php?rest_route=\/wp\/v2\/types\/post"}],"author":[{"embeddable":true,"href":"https:\/\/diariotribuna.com.br\/index.php?rest_route=\/wp\/v2\/users\/1"}],"replies":[{"embeddable":true,"href":"https:\/\/diariotribuna.com.br\/index.php?rest_route=%2Fwp%2Fv2%2Fcomments&post=17445"}],"version-history":[{"count":1,"href":"https:\/\/diariotribuna.com.br\/index.php?rest_route=\/wp\/v2\/posts\/17445\/revisions"}],"predecessor-version":[{"id":17449,"href":"https:\/\/diariotribuna.com.br\/index.php?rest_route=\/wp\/v2\/posts\/17445\/revisions\/17449"}],"wp:featuredmedia":[{"embeddable":true,"href":"https:\/\/diariotribuna.com.br\/index.php?rest_route=\/wp\/v2\/media\/17446"}],"wp:attachment":[{"href":"https:\/\/diariotribuna.com.br\/index.php?rest_route=%2Fwp%2Fv2%2Fmedia&parent=17445"}],"wp:term":[{"taxonomy":"category","embeddable":true,"href":"https:\/\/diariotribuna.com.br\/index.php?rest_route=%2Fwp%2Fv2%2Fcategories&post=17445"},{"taxonomy":"post_tag","embeddable":true,"href":"https:\/\/diariotribuna.com.br\/index.php?rest_route=%2Fwp%2Fv2%2Ftags&post=17445"}],"curies":[{"name":"wp","href":"https:\/\/api.w.org\/{rel}","templated":true}]}}