{"id":17450,"date":"2022-11-16T15:00:00","date_gmt":"2022-11-16T18:00:00","guid":{"rendered":"https:\/\/diariotribuna.com.br\/?p=17450"},"modified":"2022-11-19T23:42:34","modified_gmt":"2022-11-20T02:42:34","slug":"prefeito-reled-maikel-e-populacao-comemoram-a-instalacao-do-juizado-especial-federal-virtual-em-ladainha","status":"publish","type":"post","link":"https:\/\/diariotribuna.com.br\/?p=17450","title":{"rendered":"Prefeito Reled Maikel e popula\u00e7\u00e3o comemoram a instala\u00e7\u00e3o do Juizado Especial Federal Virtual em Ladainha"},"content":{"rendered":"\n<h3 class=\"wp-block-heading\"><strong>Em solenidade bastante prestigiada o JEF Virtual foi inaugurado na sexta-feira (11\/11\/2022), j\u00e1 com a realiza\u00e7\u00e3o de algumas audi\u00eancias<\/strong><\/h3>\n\n\n\n<figure class=\"wp-block-image size-full is-resized is-style-default\"><img loading=\"lazy\" decoding=\"async\" src=\"https:\/\/diariotribuna.com.br\/wp-content\/uploads\/2022\/11\/1-DESTAQUE.jpg\" alt=\"\" class=\"wp-image-17451\" width=\"628\" height=\"353\" srcset=\"https:\/\/diariotribuna.com.br\/wp-content\/uploads\/2022\/11\/1-DESTAQUE.jpg 700w, https:\/\/diariotribuna.com.br\/wp-content\/uploads\/2022\/11\/1-DESTAQUE-300x169.jpg 300w, https:\/\/diariotribuna.com.br\/wp-content\/uploads\/2022\/11\/1-DESTAQUE-696x392.jpg 696w\" sizes=\"(max-width: 628px) 100vw, 628px\" \/><figcaption><strong>Corte da fita inaugural do Juizado Especial Federal Virtual em Ladainha, pelo Dr. Ant\u00f4nio L\u00facio, pelo prefeito Reled Maikel e servidores da Justi\u00e7a Federal Fernando e Patr\u00edcia<\/strong><\/figcaption><\/figure>\n\n\n\n<p>O dia 11 de novembro de 2022 vai ficar marcado na hist\u00f3ria do munic\u00edpio de Ladainha. Em solenidade realizada na Prefeitura Municipal, foi inaugurada a sala do Juizado Especial Federal Virtual, um ganho enorme para a popula\u00e7\u00e3o. Trabalhadores rurais e urbanos poder\u00e3o participar de per\u00edcias m\u00e9dicas e audi\u00eancias judiciais no pr\u00f3prio munic\u00edpio, sem a necessidade de deslocamentos das partes e advogados at\u00e9 a sede da Justi\u00e7a Federal em Te\u00f3filo Otoni.<\/p>\n\n\n\n<figure class=\"wp-block-gallery has-nested-images columns-default is-cropped wp-block-gallery-1 is-layout-flex wp-block-gallery-is-layout-flex\">\n<figure class=\"wp-block-image size-large is-style-default\"><img loading=\"lazy\" decoding=\"async\" width=\"600\" height=\"397\" data-id=\"17452\" src=\"https:\/\/diariotribuna.com.br\/wp-content\/uploads\/2022\/11\/2-4.jpg\" alt=\"\" class=\"wp-image-17452\" srcset=\"https:\/\/diariotribuna.com.br\/wp-content\/uploads\/2022\/11\/2-4.jpg 600w, https:\/\/diariotribuna.com.br\/wp-content\/uploads\/2022\/11\/2-4-300x199.jpg 300w\" sizes=\"(max-width: 600px) 100vw, 600px\" \/><\/figure>\n\n\n\n<figure class=\"wp-block-image size-large is-style-default\"><img loading=\"lazy\" decoding=\"async\" width=\"600\" height=\"432\" data-id=\"17453\" src=\"https:\/\/diariotribuna.com.br\/wp-content\/uploads\/2022\/11\/5-3.jpg\" alt=\"\" class=\"wp-image-17453\" srcset=\"https:\/\/diariotribuna.com.br\/wp-content\/uploads\/2022\/11\/5-3.jpg 600w, https:\/\/diariotribuna.com.br\/wp-content\/uploads\/2022\/11\/5-3-300x216.jpg 300w, https:\/\/diariotribuna.com.br\/wp-content\/uploads\/2022\/11\/5-3-583x420.jpg 583w\" sizes=\"(max-width: 600px) 100vw, 600px\" \/><\/figure>\n<\/figure>\n\n\n\n<p>O Juiz Federal titular no Tribunal Regional Federal da 1\u00aa Regi\u00e3o, Dr. Ant\u00f4nio L\u00facio T\u00falio de Oliveira Barbosa, em conversa com o prefeito de Ladainha, Reled Maikel disse que, vendo a condi\u00e7\u00e3o social do IDH da cidade, o 5\u00ba pior de Minas Gerais, e sobre a Justi\u00e7a Federal de Te\u00f3filo Otoni, a quest\u00e3o dos n\u00fameros da produtividade, dos recursos que s\u00e3o pagos pela Justi\u00e7a Federal de Te\u00f3filo Otoni, ele fez uma compara\u00e7\u00e3o, que no Juizado Especial Federal, tem o melhor \u00edndice de andamento de processos, de rapidez do Brasil, e isso pode trazer um equil\u00edbrio com essa desigualdade social que tem em Ladainha.<\/p>\n\n\n\n<p>\u201cPessoas mais carentes que vivem na zona rural, provavelmente ser\u00e3o imediatamente beneficiadas com a presta\u00e7\u00e3o do servi\u00e7o da Justi\u00e7a Federal muito mais pr\u00f3ximo delas\u201d, disse o Dr. Ant\u00f4nio L\u00facio. Ele informa ainda que fora, os benef\u00edcios previdenci\u00e1rios que o INSS concede, a popula\u00e7\u00e3o tamb\u00e9m ter\u00e1 acesso a quest\u00f5es da Caixa Econ\u00f4mica Federal e outros institutos federais, que s\u00e3o litigantes na Justi\u00e7a Federal. As pessoas podem participar de audi\u00eancia no JEF Virtual de Ladainha, inclusive cidades vizinhas como Pot\u00e9.<\/p>\n\n\n\n<figure class=\"wp-block-gallery has-nested-images columns-default is-cropped wp-block-gallery-2 is-layout-flex wp-block-gallery-is-layout-flex\">\n<figure class=\"wp-block-image size-large is-style-default\"><img loading=\"lazy\" decoding=\"async\" width=\"600\" height=\"424\" data-id=\"17458\" src=\"https:\/\/diariotribuna.com.br\/wp-content\/uploads\/2022\/11\/9.jpg\" alt=\"\" class=\"wp-image-17458\" srcset=\"https:\/\/diariotribuna.com.br\/wp-content\/uploads\/2022\/11\/9.jpg 600w, https:\/\/diariotribuna.com.br\/wp-content\/uploads\/2022\/11\/9-300x212.jpg 300w, https:\/\/diariotribuna.com.br\/wp-content\/uploads\/2022\/11\/9-100x70.jpg 100w, https:\/\/diariotribuna.com.br\/wp-content\/uploads\/2022\/11\/9-594x420.jpg 594w\" sizes=\"(max-width: 600px) 100vw, 600px\" \/><\/figure>\n\n\n\n<figure class=\"wp-block-image size-large is-style-default\"><img loading=\"lazy\" decoding=\"async\" width=\"600\" height=\"420\" data-id=\"17457\" src=\"https:\/\/diariotribuna.com.br\/wp-content\/uploads\/2022\/11\/8-1.jpg\" alt=\"\" class=\"wp-image-17457\" srcset=\"https:\/\/diariotribuna.com.br\/wp-content\/uploads\/2022\/11\/8-1.jpg 600w, https:\/\/diariotribuna.com.br\/wp-content\/uploads\/2022\/11\/8-1-300x210.jpg 300w, https:\/\/diariotribuna.com.br\/wp-content\/uploads\/2022\/11\/8-1-100x70.jpg 100w\" sizes=\"(max-width: 600px) 100vw, 600px\" \/><\/figure>\n\n\n\n<figure class=\"wp-block-image size-large is-style-default\"><img loading=\"lazy\" decoding=\"async\" width=\"1024\" height=\"678\" data-id=\"17456\" src=\"https:\/\/diariotribuna.com.br\/wp-content\/uploads\/2022\/11\/7-5-1024x678.jpg\" alt=\"\" class=\"wp-image-17456\" srcset=\"https:\/\/diariotribuna.com.br\/wp-content\/uploads\/2022\/11\/7-5-1024x678.jpg 1024w, https:\/\/diariotribuna.com.br\/wp-content\/uploads\/2022\/11\/7-5-300x199.jpg 300w, https:\/\/diariotribuna.com.br\/wp-content\/uploads\/2022\/11\/7-5-768x508.jpg 768w, https:\/\/diariotribuna.com.br\/wp-content\/uploads\/2022\/11\/7-5-696x461.jpg 696w, https:\/\/diariotribuna.com.br\/wp-content\/uploads\/2022\/11\/7-5-1068x707.jpg 1068w, https:\/\/diariotribuna.com.br\/wp-content\/uploads\/2022\/11\/7-5-634x420.jpg 634w, https:\/\/diariotribuna.com.br\/wp-content\/uploads\/2022\/11\/7-5.jpg 1240w\" sizes=\"(max-width: 1024px) 100vw, 1024px\" \/><\/figure>\n\n\n\n<figure class=\"wp-block-image size-large is-style-default\"><img loading=\"lazy\" decoding=\"async\" width=\"600\" height=\"397\" data-id=\"17454\" src=\"https:\/\/diariotribuna.com.br\/wp-content\/uploads\/2022\/11\/6-3.jpg\" alt=\"\" class=\"wp-image-17454\" srcset=\"https:\/\/diariotribuna.com.br\/wp-content\/uploads\/2022\/11\/6-3.jpg 600w, https:\/\/diariotribuna.com.br\/wp-content\/uploads\/2022\/11\/6-3-300x199.jpg 300w\" sizes=\"(max-width: 600px) 100vw, 600px\" \/><\/figure>\n\n\n\n<figure class=\"wp-block-image size-large is-style-default\"><img loading=\"lazy\" decoding=\"async\" width=\"600\" height=\"402\" data-id=\"17455\" src=\"https:\/\/diariotribuna.com.br\/wp-content\/uploads\/2022\/11\/6-4.jpg\" alt=\"\" class=\"wp-image-17455\" srcset=\"https:\/\/diariotribuna.com.br\/wp-content\/uploads\/2022\/11\/6-4.jpg 600w, https:\/\/diariotribuna.com.br\/wp-content\/uploads\/2022\/11\/6-4-300x201.jpg 300w\" sizes=\"(max-width: 600px) 100vw, 600px\" \/><\/figure>\n<\/figure>\n\n\n\n<p>\u00c9 uma grande conquista a chegada da Justi\u00e7a Federal em Ladainha que tem 70% de zona rural. \u201cCom isso a justi\u00e7a cumpre seu papel de abrir as portas para todo cidad\u00e3o. Como est\u00e1 na Constitui\u00e7\u00e3o Federal de 1988, todo cidad\u00e3o tem direito a ser atendido pela justi\u00e7a, por\u00e9m esse atendimento tem que chegar a ele. N\u00e3o basta simplesmente criar uma sede numa cidade distante, voc\u00ea precisa levar o servi\u00e7o at\u00e9 as pessoas\u201d. A prefeitura disponibilizou uma sala e cedeu uma servidora para o atendimento \u00e0 popula\u00e7\u00e3o.<\/p>\n\n\n\n<figure class=\"wp-block-image size-full is-style-default\"><img loading=\"lazy\" decoding=\"async\" width=\"600\" height=\"397\" src=\"https:\/\/diariotribuna.com.br\/wp-content\/uploads\/2022\/11\/5-4.jpg\" alt=\"\" class=\"wp-image-17459\" srcset=\"https:\/\/diariotribuna.com.br\/wp-content\/uploads\/2022\/11\/5-4.jpg 600w, https:\/\/diariotribuna.com.br\/wp-content\/uploads\/2022\/11\/5-4-300x199.jpg 300w\" sizes=\"(max-width: 600px) 100vw, 600px\" \/><\/figure>\n\n\n\n<pre class=\"wp-block-verse\">Muito feliz, o prefeito Reled Maikel comemorou esse grande feito para a cidade. \u201c\u00c9 um momento muito importante na vida de todos n\u00f3s, principalmente cidad\u00e3os de Ladainha. <strong>Guardem essa data, dia 11 de novembro de 2022, que ficar\u00e1 na hist\u00f3ria do nosso munic\u00edpio.<\/strong> N\u00f3s passaremos, mas esse feito aqui, que o Dr. Ant\u00f4nio com a sua equipe, com Fernando, a Patr\u00edcia, est\u00e1 trazendo para Ladainha, vai trazer um benef\u00edcio jamais visto na nossa regi\u00e3o\u201d, disse Reled, que n\u00e3o mediu esfor\u00e7os para providenciar tudo que fosse preciso para o funcionamento do JEF Virtual em ladainha.<\/pre>\n\n\n\n<p>Reled disse que fica muito feliz e agradecido, ao Dr. Ant\u00f4nio, por ter levado esse servi\u00e7o pra Ladainha. \u201cEu sei que poucas cidades de Minas Gerais t\u00eam essa Justi\u00e7a Federal. De 853 munic\u00edpios, apenas 30 e poucas t\u00eam, e Ladainha hoje se destaca com esse grande feito, atrav\u00e9s do Excelent\u00edssimo Senhor Dr. Ant\u00f4nio L\u00facio\u201d. Isso vai facilitar a vida da popula\u00e7\u00e3o, vai levar os recursos para quem realmente tem direito a eles.<\/p>\n\n\n\n<p>\u201cE n\u00f3s sabemos, porque percorremos mais de 90% das resid\u00eancias do nosso munic\u00edpio. Dois anos de campanha, dois anos pudemos ver a realidade de perto. Pessoas que moram em casa de pau a pique, terra batida, cinco ou mais filhos dentro de casa, e sem nenhum benef\u00edcio. \u00c9 isso que n\u00f3s estamos trazendo para eles, um benef\u00edcio que vai melhorar a vida dessas pessoas que mais precisam\u201d. Ladainha tem o 5\u00ba pior IDH de Minas, cen\u00e1rio que n\u00e3o ser\u00e1 mudado de um dia para o outro, mas Reled garante que, com esses feitos que a cidade est\u00e1 recebendo no dia a dia, com essa administra\u00e7\u00e3o que vem trabalhando junto com os vereadores, secret\u00e1rios, funcion\u00e1rios, advogados, v\u00e3o melhorar a vida das pessoas.<\/p>\n\n\n\n<p><em>O prefeito Reled afirma que seu compromisso durante esses quatro anos de mandato, \u00e9 trabalhar do primeiro ao \u00faltimo dia da sua administra\u00e7\u00e3o, para diminuir as diferen\u00e7as, as desigualdades. \u201c\u00c9 esse o trabalho que n\u00f3s temos que fazer. E eu hoje estou muito feliz, muito gratificado com essa equipe que est\u00e1 chegando aqui para ajudar o nosso munic\u00edpio. E tenho certeza, vai ficar para sempre\u201d.<\/em><\/p>\n\n\n\n<figure class=\"wp-block-image size-full is-style-default\"><img loading=\"lazy\" decoding=\"async\" width=\"600\" height=\"360\" src=\"https:\/\/diariotribuna.com.br\/wp-content\/uploads\/2022\/11\/3-2.jpg\" alt=\"\" class=\"wp-image-17464\" srcset=\"https:\/\/diariotribuna.com.br\/wp-content\/uploads\/2022\/11\/3-2.jpg 600w, https:\/\/diariotribuna.com.br\/wp-content\/uploads\/2022\/11\/3-2-300x180.jpg 300w\" sizes=\"(max-width: 600px) 100vw, 600px\" \/><\/figure>\n\n\n\n<p><strong>Nesta sexta-feira (11\/11), j\u00e1 foram realizadas algumas audi\u00eancias durante a solenidade, e pessoas sa\u00edram felizes com suas a\u00e7\u00f5es solucionadas<\/strong>.<\/p>\n\n\n\n<figure class=\"wp-block-image size-full is-style-default\"><img loading=\"lazy\" decoding=\"async\" width=\"600\" height=\"400\" src=\"https:\/\/diariotribuna.com.br\/wp-content\/uploads\/2022\/11\/8-2.jpg\" alt=\"\" class=\"wp-image-17461\" srcset=\"https:\/\/diariotribuna.com.br\/wp-content\/uploads\/2022\/11\/8-2.jpg 600w, https:\/\/diariotribuna.com.br\/wp-content\/uploads\/2022\/11\/8-2-300x200.jpg 300w\" sizes=\"(max-width: 600px) 100vw, 600px\" \/><\/figure>\n\n\n\n<p><strong>A data foi marcada ainda por uma homenagem ao Dr. Ant\u00f4nio L\u00facio e ao servidor da Justi\u00e7a Federal Fernando Sfredo, que foram agraciados com t\u00edtulos de Cidad\u00e3o<\/strong>s<strong> Honor\u00e1rios de Ladainha. A honraria foi uma indica\u00e7\u00e3o do prefeito Reled Maikel, e aprovada pela Casa Legislativa<\/strong>.<\/p>\n\n\n\n<figure class=\"wp-block-image size-full is-style-default\"><img loading=\"lazy\" decoding=\"async\" width=\"600\" height=\"400\" src=\"https:\/\/diariotribuna.com.br\/wp-content\/uploads\/2022\/11\/unnamed-file-8.jpg\" alt=\"\" class=\"wp-image-17463\" srcset=\"https:\/\/diariotribuna.com.br\/wp-content\/uploads\/2022\/11\/unnamed-file-8.jpg 600w, https:\/\/diariotribuna.com.br\/wp-content\/uploads\/2022\/11\/unnamed-file-8-300x200.jpg 300w\" sizes=\"(max-width: 600px) 100vw, 600px\" \/><\/figure>\n\n\n\n<p><strong>Momento emocionante ainda durante a solenidade, foram os depoimentos das pessoas beneficiadas<\/strong>. <\/p>\n\n\n\n<p><strong>(Fotos: Di\u00e1rio Tribuna e assessoria de comunica\u00e7\u00e3o da Prefeitura de Ladainha).<\/strong><\/p>\n","protected":false},"excerpt":{"rendered":"<p>Em solenidade bastante prestigiada o JEF Virtual foi inaugurado na sexta-feira (11\/11\/2022), j\u00e1 com a realiza\u00e7\u00e3o de algumas audi\u00eancias O dia 11 de novembro de 2022 vai ficar marcado na hist\u00f3ria do munic\u00edpio de Ladainha. Em solenidade realizada na Prefeitura Municipal, foi inaugurada a sala do Juizado Especial Federal Virtual, um ganho enorme para a [&hellip;]<\/p>\n","protected":false},"author":1,"featured_media":17451,"comment_status":"open","ping_status":"open","sticky":false,"template":"","format":"standard","meta":{"rop_custom_images_group":[],"rop_custom_messages_group":[],"rop_publish_now":"initial","rop_publish_now_accounts":[],"rop_publish_now_history":[],"rop_publish_now_status":"pending","footnotes":""},"categories":[18],"tags":[2954,4915,86],"class_list":["post-17450","post","type-post","status-publish","format-standard","has-post-thumbnail","hentry","category-regiao","tag-instalacao","tag-jef-virtual","tag-ladainha"],"_links":{"self":[{"href":"https:\/\/diariotribuna.com.br\/index.php?rest_route=\/wp\/v2\/posts\/17450"}],"collection":[{"href":"https:\/\/diariotribuna.com.br\/index.php?rest_route=\/wp\/v2\/posts"}],"about":[{"href":"https:\/\/diariotribuna.com.br\/index.php?rest_route=\/wp\/v2\/types\/post"}],"author":[{"embeddable":true,"href":"https:\/\/diariotribuna.com.br\/index.php?rest_route=\/wp\/v2\/users\/1"}],"replies":[{"embeddable":true,"href":"https:\/\/diariotribuna.com.br\/index.php?rest_route=%2Fwp%2Fv2%2Fcomments&post=17450"}],"version-history":[{"count":5,"href":"https:\/\/diariotribuna.com.br\/index.php?rest_route=\/wp\/v2\/posts\/17450\/revisions"}],"predecessor-version":[{"id":17471,"href":"https:\/\/diariotribuna.com.br\/index.php?rest_route=\/wp\/v2\/posts\/17450\/revisions\/17471"}],"wp:featuredmedia":[{"embeddable":true,"href":"https:\/\/diariotribuna.com.br\/index.php?rest_route=\/wp\/v2\/media\/17451"}],"wp:attachment":[{"href":"https:\/\/diariotribuna.com.br\/index.php?rest_route=%2Fwp%2Fv2%2Fmedia&parent=17450"}],"wp:term":[{"taxonomy":"category","embeddable":true,"href":"https:\/\/diariotribuna.com.br\/index.php?rest_route=%2Fwp%2Fv2%2Fcategories&post=17450"},{"taxonomy":"post_tag","embeddable":true,"href":"https:\/\/diariotribuna.com.br\/index.php?rest_route=%2Fwp%2Fv2%2Ftags&post=17450"}],"curies":[{"name":"wp","href":"https:\/\/api.w.org\/{rel}","templated":true}]}}