{"id":17472,"date":"2022-11-16T23:36:19","date_gmt":"2022-11-17T02:36:19","guid":{"rendered":"https:\/\/diariotribuna.com.br\/?p=17472"},"modified":"2022-11-20T19:40:41","modified_gmt":"2022-11-20T22:40:41","slug":"15a-cia-pm-rodoviaria-divulga-resultados-da-operacao-proclamacao-da-republica","status":"publish","type":"post","link":"https:\/\/diariotribuna.com.br\/?p=17472","title":{"rendered":"15\u00aa Cia PM Rodovi\u00e1ria divulga resultados da opera\u00e7\u00e3o Proclama\u00e7\u00e3o da Rep\u00fablica"},"content":{"rendered":"\n<figure class=\"wp-block-image size-full is-resized is-style-default\"><img loading=\"lazy\" decoding=\"async\" src=\"https:\/\/diariotribuna.com.br\/wp-content\/uploads\/2022\/11\/2b960115-fa6a-4e82-a8cc-6830d1a5e4f6.jpg\" alt=\"\" class=\"wp-image-17473\" width=\"530\" height=\"373\" srcset=\"https:\/\/diariotribuna.com.br\/wp-content\/uploads\/2022\/11\/2b960115-fa6a-4e82-a8cc-6830d1a5e4f6.jpg 700w, https:\/\/diariotribuna.com.br\/wp-content\/uploads\/2022\/11\/2b960115-fa6a-4e82-a8cc-6830d1a5e4f6-300x211.jpg 300w, https:\/\/diariotribuna.com.br\/wp-content\/uploads\/2022\/11\/2b960115-fa6a-4e82-a8cc-6830d1a5e4f6-100x70.jpg 100w, https:\/\/diariotribuna.com.br\/wp-content\/uploads\/2022\/11\/2b960115-fa6a-4e82-a8cc-6830d1a5e4f6-696x490.jpg 696w, https:\/\/diariotribuna.com.br\/wp-content\/uploads\/2022\/11\/2b960115-fa6a-4e82-a8cc-6830d1a5e4f6-596x420.jpg 596w\" sizes=\"(max-width: 530px) 100vw, 530px\" \/><\/figure>\n\n\n\n<p>A Pol\u00edcia Militar Rodovi\u00e1ria divulgou os resultados da opera\u00e7\u00e3o Proclama\u00e7\u00e3o da Rep\u00fablica, realizada entre os dias 11 e 15 de novembro de 2022, que teve foco na manuten\u00e7\u00e3o da seguran\u00e7a vi\u00e1ria e preven\u00e7\u00e3o de acidentes de tr\u00e2nsito com v\u00edtimas. \u201cConsideramos os resultados positivos, uma vez que, mesmo registrando 10 sinistros de tr\u00e2nsito no per\u00edodo, sendo 07 deles com v\u00edtimas, n\u00e3o tivemos mortes nas rodovias\u201d, disse o tenente Reinaldo Martins.<\/p>\n\n\n\n<p>Segundo o tenente, os acidentes ocorreram na maioria por falha humana e desrespeito \u00e0s normas de tr\u00e2nsito. Foram registradas colis\u00f5es entre ve\u00edculos e capotamentos, sendo necess\u00e1ria uma grande log\u00edstica para atendimento de alguns deles, com acionamento dos Bombeiros ou do SAMU. \u201cDurante as opera\u00e7\u00f5es motoristas embriagados foram presos, outros autuados pela infra\u00e7\u00e3o embriaguez ou recusa a realizar o teste de etil\u00f4metro. O objetivo foi justamente inibir a presen\u00e7a de condutores nas rodovias ap\u00f3s a ingest\u00e3o de \u00e1lcool\u201d, pontuou.<\/p>\n\n\n\n<p>Outra situa\u00e7\u00e3o que acendeu o alerta foram 03 pris\u00f5es de usu\u00e1rios de drogas nas rodovias. As pessoas afirmaram que a subst\u00e2ncia seria utilizada posteriormente. O tenente aproveita a oportunidade para alertar quanto aos riscos da mistura subst\u00e2ncia entorpecente e dire\u00e7\u00e3o. Dirigir sob efeito de drogas \u00e9 t\u00e3o grave quanto a embriaguez ao volante.<\/p>\n\n\n\n<figure class=\"wp-block-gallery has-nested-images columns-default is-cropped wp-block-gallery-1 is-layout-flex wp-block-gallery-is-layout-flex\">\n<figure class=\"wp-block-image size-large is-style-default\"><img loading=\"lazy\" decoding=\"async\" width=\"600\" height=\"625\" data-id=\"17476\" src=\"https:\/\/diariotribuna.com.br\/wp-content\/uploads\/2022\/11\/4677c409-3b88-4143-8d9d-0756e27d2f43.jpg\" alt=\"\" class=\"wp-image-17476\" srcset=\"https:\/\/diariotribuna.com.br\/wp-content\/uploads\/2022\/11\/4677c409-3b88-4143-8d9d-0756e27d2f43.jpg 600w, https:\/\/diariotribuna.com.br\/wp-content\/uploads\/2022\/11\/4677c409-3b88-4143-8d9d-0756e27d2f43-288x300.jpg 288w, https:\/\/diariotribuna.com.br\/wp-content\/uploads\/2022\/11\/4677c409-3b88-4143-8d9d-0756e27d2f43-403x420.jpg 403w\" sizes=\"(max-width: 600px) 100vw, 600px\" \/><\/figure>\n\n\n\n<figure class=\"wp-block-image size-large is-style-default\"><img loading=\"lazy\" decoding=\"async\" width=\"600\" height=\"360\" data-id=\"17475\" src=\"https:\/\/diariotribuna.com.br\/wp-content\/uploads\/2022\/11\/face52ee-de17-497c-9476-0d7f9923dd19.jpg\" alt=\"\" class=\"wp-image-17475\" srcset=\"https:\/\/diariotribuna.com.br\/wp-content\/uploads\/2022\/11\/face52ee-de17-497c-9476-0d7f9923dd19.jpg 600w, https:\/\/diariotribuna.com.br\/wp-content\/uploads\/2022\/11\/face52ee-de17-497c-9476-0d7f9923dd19-300x180.jpg 300w\" sizes=\"(max-width: 600px) 100vw, 600px\" \/><\/figure>\n\n\n\n<figure class=\"wp-block-image size-large is-style-default\"><img loading=\"lazy\" decoding=\"async\" width=\"600\" height=\"291\" data-id=\"17474\" src=\"https:\/\/diariotribuna.com.br\/wp-content\/uploads\/2022\/11\/3b4c9de7-47f1-4c5c-8dab-43bd88d7490a.jpg\" alt=\"\" class=\"wp-image-17474\" srcset=\"https:\/\/diariotribuna.com.br\/wp-content\/uploads\/2022\/11\/3b4c9de7-47f1-4c5c-8dab-43bd88d7490a.jpg 600w, https:\/\/diariotribuna.com.br\/wp-content\/uploads\/2022\/11\/3b4c9de7-47f1-4c5c-8dab-43bd88d7490a-300x146.jpg 300w\" sizes=\"(max-width: 600px) 100vw, 600px\" \/><\/figure>\n<\/figure>\n\n\n\n<p>E o tempo chuvoso pode ter contribu\u00eddo para os acidentes de tr\u00e2nsito, segundo o militar, tendo em vista que ocorre a redu\u00e7\u00e3o da visibilidade e a pavimenta\u00e7\u00e3o torna-se escorregadia. Relembramos que historicamente os meses de novembro e dezembro s\u00e3o acompanhados de chuvas e a popula\u00e7\u00e3o precisa readequar os deslocamentos com intervalo de tempo maior para evitar a pressa e consequentemente acidentes.<\/p>\n\n\n\n<p>Em rela\u00e7\u00e3o aos ve\u00edculos, alguns foram removidos por falta do licenciamento ano 2021 e conforme o tenente Reinaldo tem divulgado, a partir de segunda-feira (21\/11\/2022), ser\u00e1 exigido o licenciamento ano 2022 para os ve\u00edculos emplacados em Minas Gerais. Aquele que pagou os tributos e ainda n\u00e3o est\u00e1 de posse do documento f\u00edsico ou digital, acesse o site do Detran e consulte a situa\u00e7\u00e3o do licenciamento para evitar transtornos.<\/p>\n\n\n\n<p>\u201cA Pol\u00edcia Militar Rodovi\u00e1ria agradece a parceria com os usu\u00e1rios das rodovias e com a imprensa, que tem sido fundamental na preven\u00e7\u00e3o de sinistros de tr\u00e2nsito. Estamos nos aproximando do final do ano, per\u00edodo de festas, e pretendemos manter essa excelente parceria em prol da sociedade\u201d, Tenente Reinaldo.<\/p>\n\n\n\n<h3 class=\"wp-block-heading\"><strong>Policia Militar Rodovi\u00e1ria: \u201cOs anjos da guarda dos caminhos de Minas\u201d<\/strong><\/h3>\n\n\n\n<p><\/p>\n","protected":false},"excerpt":{"rendered":"<p>A Pol\u00edcia Militar Rodovi\u00e1ria divulgou os resultados da opera\u00e7\u00e3o Proclama\u00e7\u00e3o da Rep\u00fablica, realizada entre os dias 11 e 15 de novembro de 2022, que teve foco na manuten\u00e7\u00e3o da seguran\u00e7a vi\u00e1ria e preven\u00e7\u00e3o de acidentes de tr\u00e2nsito com v\u00edtimas. \u201cConsideramos os resultados positivos, uma vez que, mesmo registrando 10 sinistros de tr\u00e2nsito no per\u00edodo, sendo [&hellip;]<\/p>\n","protected":false},"author":1,"featured_media":17473,"comment_status":"open","ping_status":"open","sticky":false,"template":"","format":"standard","meta":{"rop_custom_images_group":[],"rop_custom_messages_group":[],"rop_publish_now":"initial","rop_publish_now_accounts":[],"rop_publish_now_history":[],"rop_publish_now_status":"pending","footnotes":""},"categories":[20],"tags":[4034,1448,80,1030,3898],"class_list":["post-17472","post","type-post","status-publish","format-standard","has-post-thumbnail","hentry","category-policia","tag-4034","tag-balanco","tag-operacao","tag-policia-militar-rodoviaria","tag-proclamacao-da-republica"],"_links":{"self":[{"href":"https:\/\/diariotribuna.com.br\/index.php?rest_route=\/wp\/v2\/posts\/17472"}],"collection":[{"href":"https:\/\/diariotribuna.com.br\/index.php?rest_route=\/wp\/v2\/posts"}],"about":[{"href":"https:\/\/diariotribuna.com.br\/index.php?rest_route=\/wp\/v2\/types\/post"}],"author":[{"embeddable":true,"href":"https:\/\/diariotribuna.com.br\/index.php?rest_route=\/wp\/v2\/users\/1"}],"replies":[{"embeddable":true,"href":"https:\/\/diariotribuna.com.br\/index.php?rest_route=%2Fwp%2Fv2%2Fcomments&post=17472"}],"version-history":[{"count":1,"href":"https:\/\/diariotribuna.com.br\/index.php?rest_route=\/wp\/v2\/posts\/17472\/revisions"}],"predecessor-version":[{"id":17477,"href":"https:\/\/diariotribuna.com.br\/index.php?rest_route=\/wp\/v2\/posts\/17472\/revisions\/17477"}],"wp:featuredmedia":[{"embeddable":true,"href":"https:\/\/diariotribuna.com.br\/index.php?rest_route=\/wp\/v2\/media\/17473"}],"wp:attachment":[{"href":"https:\/\/diariotribuna.com.br\/index.php?rest_route=%2Fwp%2Fv2%2Fmedia&parent=17472"}],"wp:term":[{"taxonomy":"category","embeddable":true,"href":"https:\/\/diariotribuna.com.br\/index.php?rest_route=%2Fwp%2Fv2%2Fcategories&post=17472"},{"taxonomy":"post_tag","embeddable":true,"href":"https:\/\/diariotribuna.com.br\/index.php?rest_route=%2Fwp%2Fv2%2Ftags&post=17472"}],"curies":[{"name":"wp","href":"https:\/\/api.w.org\/{rel}","templated":true}]}}