{"id":17478,"date":"2022-11-16T23:58:03","date_gmt":"2022-11-17T02:58:03","guid":{"rendered":"https:\/\/diariotribuna.com.br\/?p=17478"},"modified":"2022-11-21T15:06:30","modified_gmt":"2022-11-21T18:06:30","slug":"sindcomercio-de-teofilo-otoni-comemora-os-seus-35-anos-em-grande-estilo-na-sede-social-do-automovel-clube","status":"publish","type":"post","link":"https:\/\/diariotribuna.com.br\/?p=17478","title":{"rendered":"Sindcom\u00e9rcio de Te\u00f3filo Otoni comemora os seus 35 anos em grande estilo na sede social do Autom\u00f3vel Clube"},"content":{"rendered":"\n<figure class=\"wp-block-image size-full is-resized is-style-default\"><img loading=\"lazy\" decoding=\"async\" src=\"https:\/\/diariotribuna.com.br\/wp-content\/uploads\/2022\/11\/4-2.jpg\" alt=\"\" class=\"wp-image-17479\" width=\"658\" height=\"409\" srcset=\"https:\/\/diariotribuna.com.br\/wp-content\/uploads\/2022\/11\/4-2.jpg 700w, https:\/\/diariotribuna.com.br\/wp-content\/uploads\/2022\/11\/4-2-300x186.jpg 300w, https:\/\/diariotribuna.com.br\/wp-content\/uploads\/2022\/11\/4-2-356x220.jpg 356w, https:\/\/diariotribuna.com.br\/wp-content\/uploads\/2022\/11\/4-2-696x433.jpg 696w, https:\/\/diariotribuna.com.br\/wp-content\/uploads\/2022\/11\/4-2-676x420.jpg 676w\" sizes=\"(max-width: 658px) 100vw, 658px\" \/><\/figure>\n\n\n\n<p>O Sindicato do Com\u00e9rcio de Te\u00f3filo Otoni e Regi\u00e3o &#8211; Sindcom\u00e9rcio celebrou seus 35 anos de funda\u00e7\u00e3o, na noite de s\u00e1bado (12\/11\/2022), na sede social do Autom\u00f3vel Clube, com presen\u00e7a de empres\u00e1rios associados, representantes de entidades de classes, parceiros da imprensa e demais convidados, com a presen\u00e7a especial do presidente da Federa\u00e7\u00e3o do Com\u00e9rcio de Minas Gerais (Fecom\u00e9rcio), Nadim Donato e sua diretoria, al\u00e9m de representantes de 15 sindicatos de Minas Gerais.<\/p>\n\n\n\n<figure class=\"wp-block-gallery has-nested-images columns-default is-cropped wp-block-gallery-1 is-layout-flex wp-block-gallery-is-layout-flex\">\n<figure class=\"wp-block-image size-large is-style-default\"><img loading=\"lazy\" decoding=\"async\" width=\"600\" height=\"337\" data-id=\"17483\" src=\"https:\/\/diariotribuna.com.br\/wp-content\/uploads\/2022\/11\/9-1.jpg\" alt=\"\" class=\"wp-image-17483\" srcset=\"https:\/\/diariotribuna.com.br\/wp-content\/uploads\/2022\/11\/9-1.jpg 600w, https:\/\/diariotribuna.com.br\/wp-content\/uploads\/2022\/11\/9-1-300x169.jpg 300w\" sizes=\"(max-width: 600px) 100vw, 600px\" \/><\/figure>\n\n\n\n<figure class=\"wp-block-image size-large is-style-default\"><img loading=\"lazy\" decoding=\"async\" width=\"600\" height=\"397\" data-id=\"17481\" src=\"https:\/\/diariotribuna.com.br\/wp-content\/uploads\/2022\/11\/5-5.jpg\" alt=\"\" class=\"wp-image-17481\" srcset=\"https:\/\/diariotribuna.com.br\/wp-content\/uploads\/2022\/11\/5-5.jpg 600w, https:\/\/diariotribuna.com.br\/wp-content\/uploads\/2022\/11\/5-5-300x199.jpg 300w\" sizes=\"(max-width: 600px) 100vw, 600px\" \/><\/figure>\n\n\n\n<figure class=\"wp-block-image size-large is-style-default\"><img loading=\"lazy\" decoding=\"async\" width=\"600\" height=\"379\" data-id=\"17480\" src=\"https:\/\/diariotribuna.com.br\/wp-content\/uploads\/2022\/11\/1-6.jpg\" alt=\"\" class=\"wp-image-17480\" srcset=\"https:\/\/diariotribuna.com.br\/wp-content\/uploads\/2022\/11\/1-6.jpg 600w, https:\/\/diariotribuna.com.br\/wp-content\/uploads\/2022\/11\/1-6-300x190.jpg 300w\" sizes=\"(max-width: 600px) 100vw, 600px\" \/><\/figure>\n<\/figure>\n\n\n\n<p>Foi uma festa indescrit\u00edvel, uma noite memor\u00e1vel, com homenagens, muita alegria, e de agradecimentos pelos seus 35 anos de hist\u00f3ria, de lutas, e tamb\u00e9m de muitas conquistas. O evento foi bastante prestigiado. O deputado federal eleito no \u00faltimo pleito eleitoral, Bruno Farias; o deputado estadual Neilando Pimenta; o deputado federal Herc\u00edlio Dinis, o secret\u00e1rio municipal, Lucas Miglio, fizeram pronunciamentos parabenizando o Sindcom\u00e9rcio e toda classe empresarial.<\/p>\n\n\n\n<p>Representantes de todos os \u00f3rg\u00e3os de seguran\u00e7a p\u00fablica, entidades de classe, secret\u00e1rios municipais, vereadores, secret\u00e1rios de Estado, marcaram presen\u00e7a. Em v\u00eddeo, o governador Romeu Zema deixou uma mensagem ao Sindcom\u00e9rcio. \u201c\u00c9 com muito prazer que eu participo, mesmo que remotamente, das comemora\u00e7\u00f5es dos 35 anos do Sindcom\u00e9rcio de Te\u00f3filo Otoni e Regi\u00e3o, importante entidade que contribui para o desenvolvimento socioecon\u00f4mico dos vales do Mucuri, Jequitinhonha e S\u00e3o Mateus. Deixo aqui um abra\u00e7o especial para o presidente Leonardo Soares Ramos e toda diretoria do Sindcom\u00e9rcio de Te\u00f3filo Otoni e regi\u00e3o\u201d.<\/p>\n\n\n\n<pre class=\"wp-block-verse\">Durante a solenidade, o Sindcom\u00e9rcio prestou homenagens a alguns empres\u00e1rios e personalidades da cidade que, ao longo dos \u00faltimos 35 anos, se relacionaram de forma ativa e assertiva com o Sindicato e com a classe empresarial. Tamb\u00e9m participaram das homenagens: consultor do Sindcom\u00e9rcio, Adilson Machado e Geraldo Pinheiro, o Xiquito. O ex-presidente Iesser Anis Lauar, que dirigiu a entidade entre 2014 at\u00e9 o primeiro semestre deste ano, e atualmente \u00e9 Diretor Financeiro, foi homenageado por tudo que ele representa para o Sindcom\u00e9rcio.<\/pre>\n\n\n\n<figure class=\"wp-block-gallery has-nested-images columns-3 is-cropped wp-block-gallery-2 is-layout-flex wp-block-gallery-is-layout-flex\">\n<figure class=\"wp-block-image size-large is-style-default\"><img loading=\"lazy\" decoding=\"async\" width=\"600\" height=\"408\" data-id=\"17497\" src=\"https:\/\/diariotribuna.com.br\/wp-content\/uploads\/2022\/11\/12-Denise-Andrade-empresaria-da-loja-Di-Salto-Fino.jpg\" alt=\"\" class=\"wp-image-17497\" srcset=\"https:\/\/diariotribuna.com.br\/wp-content\/uploads\/2022\/11\/12-Denise-Andrade-empresaria-da-loja-Di-Salto-Fino.jpg 600w, https:\/\/diariotribuna.com.br\/wp-content\/uploads\/2022\/11\/12-Denise-Andrade-empresaria-da-loja-Di-Salto-Fino-300x204.jpg 300w\" sizes=\"(max-width: 600px) 100vw, 600px\" \/><figcaption><strong>Denise Andrade, empres\u00e1ria<br>da loja Di Salto Fino<\/strong><\/figcaption><\/figure>\n\n\n\n<figure class=\"wp-block-image size-large is-style-default\"><img loading=\"lazy\" decoding=\"async\" width=\"600\" height=\"420\" data-id=\"17500\" src=\"https:\/\/diariotribuna.com.br\/wp-content\/uploads\/2022\/11\/13-Patricia-Borges-representando-a-Hagil-Terapeutica.jpg\" alt=\"\" class=\"wp-image-17500\" srcset=\"https:\/\/diariotribuna.com.br\/wp-content\/uploads\/2022\/11\/13-Patricia-Borges-representando-a-Hagil-Terapeutica.jpg 600w, https:\/\/diariotribuna.com.br\/wp-content\/uploads\/2022\/11\/13-Patricia-Borges-representando-a-Hagil-Terapeutica-300x210.jpg 300w, https:\/\/diariotribuna.com.br\/wp-content\/uploads\/2022\/11\/13-Patricia-Borges-representando-a-Hagil-Terapeutica-100x70.jpg 100w\" sizes=\"(max-width: 600px) 100vw, 600px\" \/><figcaption><strong>Patr\u00edcia Borges, representando<br>a H\u00e1gil Terap\u00eautica<\/strong><\/figcaption><\/figure>\n\n\n\n<figure class=\"wp-block-image size-large is-style-default\"><img loading=\"lazy\" decoding=\"async\" width=\"600\" height=\"407\" data-id=\"17498\" src=\"https:\/\/diariotribuna.com.br\/wp-content\/uploads\/2022\/11\/1-Padre-Honorio-Paroquia-Sao-Francisco-de-Assis-do-Jardim-das-Acacias.jpg\" alt=\"\" class=\"wp-image-17498\" srcset=\"https:\/\/diariotribuna.com.br\/wp-content\/uploads\/2022\/11\/1-Padre-Honorio-Paroquia-Sao-Francisco-de-Assis-do-Jardim-das-Acacias.jpg 600w, https:\/\/diariotribuna.com.br\/wp-content\/uploads\/2022\/11\/1-Padre-Honorio-Paroquia-Sao-Francisco-de-Assis-do-Jardim-das-Acacias-300x204.jpg 300w\" sizes=\"(max-width: 600px) 100vw, 600px\" \/><figcaption><strong>Padre Hon\u00f3rio, Par\u00f3quia<br>S\u00e3o Francisco de Assis<\/strong><\/figcaption><\/figure>\n\n\n\n<figure class=\"wp-block-image size-large is-style-default\"><img loading=\"lazy\" decoding=\"async\" width=\"600\" height=\"413\" data-id=\"17502\" src=\"https:\/\/diariotribuna.com.br\/wp-content\/uploads\/2022\/11\/2-Gerente-Regional-do-Sebrae-Rogerio-Nunes-fernandes.jpg\" alt=\"\" class=\"wp-image-17502\" srcset=\"https:\/\/diariotribuna.com.br\/wp-content\/uploads\/2022\/11\/2-Gerente-Regional-do-Sebrae-Rogerio-Nunes-fernandes.jpg 600w, https:\/\/diariotribuna.com.br\/wp-content\/uploads\/2022\/11\/2-Gerente-Regional-do-Sebrae-Rogerio-Nunes-fernandes-300x207.jpg 300w, https:\/\/diariotribuna.com.br\/wp-content\/uploads\/2022\/11\/2-Gerente-Regional-do-Sebrae-Rogerio-Nunes-fernandes-100x70.jpg 100w, https:\/\/diariotribuna.com.br\/wp-content\/uploads\/2022\/11\/2-Gerente-Regional-do-Sebrae-Rogerio-Nunes-fernandes-218x150.jpg 218w\" sizes=\"(max-width: 600px) 100vw, 600px\" \/><figcaption><strong>Gerente Regional do Sebrae,<br>Rog\u00e9rio Nunes Fernandes<\/strong><\/figcaption><\/figure>\n\n\n\n<figure class=\"wp-block-image size-large is-style-default\"><img loading=\"lazy\" decoding=\"async\" width=\"600\" height=\"415\" data-id=\"17496\" src=\"https:\/\/diariotribuna.com.br\/wp-content\/uploads\/2022\/11\/3-Representando-a-Emater-Sandro-Silva.jpg\" alt=\"\" class=\"wp-image-17496\" srcset=\"https:\/\/diariotribuna.com.br\/wp-content\/uploads\/2022\/11\/3-Representando-a-Emater-Sandro-Silva.jpg 600w, https:\/\/diariotribuna.com.br\/wp-content\/uploads\/2022\/11\/3-Representando-a-Emater-Sandro-Silva-300x208.jpg 300w, https:\/\/diariotribuna.com.br\/wp-content\/uploads\/2022\/11\/3-Representando-a-Emater-Sandro-Silva-100x70.jpg 100w, https:\/\/diariotribuna.com.br\/wp-content\/uploads\/2022\/11\/3-Representando-a-Emater-Sandro-Silva-218x150.jpg 218w\" sizes=\"(max-width: 600px) 100vw, 600px\" \/><figcaption><strong>Representando a Emater,<br>Sandro Rodrigues da Silva<\/strong><\/figcaption><\/figure>\n\n\n\n<figure class=\"wp-block-image size-large is-style-default\"><img loading=\"lazy\" decoding=\"async\" width=\"600\" height=\"427\" data-id=\"17499\" src=\"https:\/\/diariotribuna.com.br\/wp-content\/uploads\/2022\/11\/5-Cristiane-Kumaira-recebeu-em-memoria-de-Kemil-Kumaira.jpg\" alt=\"\" class=\"wp-image-17499\" srcset=\"https:\/\/diariotribuna.com.br\/wp-content\/uploads\/2022\/11\/5-Cristiane-Kumaira-recebeu-em-memoria-de-Kemil-Kumaira.jpg 600w, https:\/\/diariotribuna.com.br\/wp-content\/uploads\/2022\/11\/5-Cristiane-Kumaira-recebeu-em-memoria-de-Kemil-Kumaira-300x214.jpg 300w, https:\/\/diariotribuna.com.br\/wp-content\/uploads\/2022\/11\/5-Cristiane-Kumaira-recebeu-em-memoria-de-Kemil-Kumaira-100x70.jpg 100w, https:\/\/diariotribuna.com.br\/wp-content\/uploads\/2022\/11\/5-Cristiane-Kumaira-recebeu-em-memoria-de-Kemil-Kumaira-590x420.jpg 590w\" sizes=\"(max-width: 600px) 100vw, 600px\" \/><figcaption><strong>Cris Kumaira recebeu em<br>mem\u00f3ria de seu pai Kemil Kumaira<\/strong><\/figcaption><\/figure>\n\n\n\n<figure class=\"wp-block-image size-large is-style-default\"><img loading=\"lazy\" decoding=\"async\" width=\"600\" height=\"397\" data-id=\"17501\" src=\"https:\/\/diariotribuna.com.br\/wp-content\/uploads\/2022\/11\/6-Empresario-Gilson-Batista-do-Restaurante-Pinguim.jpg\" alt=\"\" class=\"wp-image-17501\" srcset=\"https:\/\/diariotribuna.com.br\/wp-content\/uploads\/2022\/11\/6-Empresario-Gilson-Batista-do-Restaurante-Pinguim.jpg 600w, https:\/\/diariotribuna.com.br\/wp-content\/uploads\/2022\/11\/6-Empresario-Gilson-Batista-do-Restaurante-Pinguim-300x199.jpg 300w\" sizes=\"(max-width: 600px) 100vw, 600px\" \/><figcaption><strong>Empres\u00e1rio Gilson Batista do<br>Restaurante Pinguim<\/strong><\/figcaption><\/figure>\n\n\n\n<figure class=\"wp-block-image size-large is-style-default\"><img loading=\"lazy\" decoding=\"async\" width=\"600\" height=\"422\" data-id=\"17507\" src=\"https:\/\/diariotribuna.com.br\/wp-content\/uploads\/2022\/11\/7-Frank-Alves-recebeu-em-nome-de-Alexandre-Mattar-da-Farmacia-Indiana.jpg\" alt=\"\" class=\"wp-image-17507\" srcset=\"https:\/\/diariotribuna.com.br\/wp-content\/uploads\/2022\/11\/7-Frank-Alves-recebeu-em-nome-de-Alexandre-Mattar-da-Farmacia-Indiana.jpg 600w, https:\/\/diariotribuna.com.br\/wp-content\/uploads\/2022\/11\/7-Frank-Alves-recebeu-em-nome-de-Alexandre-Mattar-da-Farmacia-Indiana-300x211.jpg 300w, https:\/\/diariotribuna.com.br\/wp-content\/uploads\/2022\/11\/7-Frank-Alves-recebeu-em-nome-de-Alexandre-Mattar-da-Farmacia-Indiana-100x70.jpg 100w, https:\/\/diariotribuna.com.br\/wp-content\/uploads\/2022\/11\/7-Frank-Alves-recebeu-em-nome-de-Alexandre-Mattar-da-Farmacia-Indiana-597x420.jpg 597w\" sizes=\"(max-width: 600px) 100vw, 600px\" \/><figcaption><strong>Frank Alves recebeu em<br>nome de Alexandre Mattar da<br>Farm\u00e1cia Indiana<\/strong><\/figcaption><\/figure>\n\n\n\n<figure class=\"wp-block-image size-large is-style-default\"><img loading=\"lazy\" decoding=\"async\" width=\"600\" height=\"397\" data-id=\"17503\" src=\"https:\/\/diariotribuna.com.br\/wp-content\/uploads\/2022\/11\/8-Adilson-Machado-diretor-do-Sindcomercio.jpg\" alt=\"\" class=\"wp-image-17503\" srcset=\"https:\/\/diariotribuna.com.br\/wp-content\/uploads\/2022\/11\/8-Adilson-Machado-diretor-do-Sindcomercio.jpg 600w, https:\/\/diariotribuna.com.br\/wp-content\/uploads\/2022\/11\/8-Adilson-Machado-diretor-do-Sindcomercio-300x199.jpg 300w\" sizes=\"(max-width: 600px) 100vw, 600px\" \/><figcaption><strong>Adilson Machado, consultor<br>do Sindcom\u00e9rcio<\/strong><\/figcaption><\/figure>\n\n\n\n<figure class=\"wp-block-image size-large is-style-default\"><img loading=\"lazy\" decoding=\"async\" width=\"600\" height=\"399\" data-id=\"17506\" src=\"https:\/\/diariotribuna.com.br\/wp-content\/uploads\/2022\/11\/9-Lana-Schuffner-socia-proprietaria-da-loja-La-na-Lana.jpg\" alt=\"\" class=\"wp-image-17506\" srcset=\"https:\/\/diariotribuna.com.br\/wp-content\/uploads\/2022\/11\/9-Lana-Schuffner-socia-proprietaria-da-loja-La-na-Lana.jpg 600w, https:\/\/diariotribuna.com.br\/wp-content\/uploads\/2022\/11\/9-Lana-Schuffner-socia-proprietaria-da-loja-La-na-Lana-300x200.jpg 300w\" sizes=\"(max-width: 600px) 100vw, 600px\" \/><figcaption><strong>Lana Sch\u00fcffner, s\u00f3ciapropriet\u00e1ria da loja L\u00e1 na Lana<\/strong><\/figcaption><\/figure>\n\n\n\n<figure class=\"wp-block-image size-large is-style-default\"><img loading=\"lazy\" decoding=\"async\" width=\"600\" height=\"411\" data-id=\"17505\" src=\"https:\/\/diariotribuna.com.br\/wp-content\/uploads\/2022\/11\/10-Radialista-Vansilson-Souza-programa-Conexao-98.jpg\" alt=\"\" class=\"wp-image-17505\" srcset=\"https:\/\/diariotribuna.com.br\/wp-content\/uploads\/2022\/11\/10-Radialista-Vansilson-Souza-programa-Conexao-98.jpg 600w, https:\/\/diariotribuna.com.br\/wp-content\/uploads\/2022\/11\/10-Radialista-Vansilson-Souza-programa-Conexao-98-300x206.jpg 300w, https:\/\/diariotribuna.com.br\/wp-content\/uploads\/2022\/11\/10-Radialista-Vansilson-Souza-programa-Conexao-98-100x70.jpg 100w, https:\/\/diariotribuna.com.br\/wp-content\/uploads\/2022\/11\/10-Radialista-Vansilson-Souza-programa-Conexao-98-218x150.jpg 218w\" sizes=\"(max-width: 600px) 100vw, 600px\" \/><figcaption><strong>Radialista Vanilson Souza,<br>programa Conex\u00e3o 98<\/strong><\/figcaption><\/figure>\n\n\n\n<figure class=\"wp-block-image size-large is-style-default\"><img loading=\"lazy\" decoding=\"async\" width=\"600\" height=\"423\" data-id=\"17508\" src=\"https:\/\/diariotribuna.com.br\/wp-content\/uploads\/2022\/11\/11-Medica-que-atuou-no-enfrentamento-da-covid-Marcia-Novaes.jpg\" alt=\"\" class=\"wp-image-17508\" srcset=\"https:\/\/diariotribuna.com.br\/wp-content\/uploads\/2022\/11\/11-Medica-que-atuou-no-enfrentamento-da-covid-Marcia-Novaes.jpg 600w, https:\/\/diariotribuna.com.br\/wp-content\/uploads\/2022\/11\/11-Medica-que-atuou-no-enfrentamento-da-covid-Marcia-Novaes-300x212.jpg 300w, https:\/\/diariotribuna.com.br\/wp-content\/uploads\/2022\/11\/11-Medica-que-atuou-no-enfrentamento-da-covid-Marcia-Novaes-100x70.jpg 100w, https:\/\/diariotribuna.com.br\/wp-content\/uploads\/2022\/11\/11-Medica-que-atuou-no-enfrentamento-da-covid-Marcia-Novaes-596x420.jpg 596w\" sizes=\"(max-width: 600px) 100vw, 600px\" \/><figcaption><strong>M\u00e9dica que atuou no enfrentamento<br>da covid, dra. M\u00e1rcia Novaes<\/strong><\/figcaption><\/figure>\n\n\n\n<figure class=\"wp-block-image size-large is-style-default\"><img loading=\"lazy\" decoding=\"async\" width=\"600\" height=\"408\" data-id=\"17504\" src=\"https:\/\/diariotribuna.com.br\/wp-content\/uploads\/2022\/11\/4-Presidente-da-Fecomercio-Minas-Nadim-Donato.jpg\" alt=\"\" class=\"wp-image-17504\" srcset=\"https:\/\/diariotribuna.com.br\/wp-content\/uploads\/2022\/11\/4-Presidente-da-Fecomercio-Minas-Nadim-Donato.jpg 600w, https:\/\/diariotribuna.com.br\/wp-content\/uploads\/2022\/11\/4-Presidente-da-Fecomercio-Minas-Nadim-Donato-300x204.jpg 300w\" sizes=\"(max-width: 600px) 100vw, 600px\" \/><figcaption><strong>Presidente da Fecom\u00e9rcio<br>Minas, Nadim Donato<\/strong><\/figcaption><\/figure>\n\n\n\n<figure class=\"wp-block-image size-large is-style-default\"><img loading=\"lazy\" decoding=\"async\" width=\"600\" height=\"397\" data-id=\"17520\" src=\"https:\/\/diariotribuna.com.br\/wp-content\/uploads\/2022\/11\/3-5.jpg\" alt=\"\" class=\"wp-image-17520\" srcset=\"https:\/\/diariotribuna.com.br\/wp-content\/uploads\/2022\/11\/3-5.jpg 600w, https:\/\/diariotribuna.com.br\/wp-content\/uploads\/2022\/11\/3-5-300x199.jpg 300w\" sizes=\"(max-width: 600px) 100vw, 600px\" \/><figcaption><strong>Atual Diretoria Executiva do Sindcom\u00e9rcio de Te\u00f3filo Otoni<\/strong><\/figcaption><\/figure>\n<\/figure>\n\n\n\n<p>O presidente do Sindcom\u00e9rcio, Leonardo Ramos falou desse momento de grande felicidade, dif\u00edcil de descrever. \u201cNadim trouxe uma caravana, diretores do Sesc e do Senac, tivemos aqui 15 sindicatos, e hoje \u00e9 um dia festivo. O Sindcom\u00e9rcio representa 6.000 empresas, tem uma base estendida de mais de 90 cidades, hoje. \u00c9 uma alegria enorme estarmos aqui, n\u00f3s vamos fechar os 35 anos com chave de ouro\u201d. Ele destacou a import\u00e2ncia de trabalhar com o suporte da Fecom\u00e9rcio, um privil\u00e9gio que ele est\u00e1 tendo, e Iesser, enquanto presidente, n\u00e3o teve.<\/p>\n\n\n\n<figure class=\"wp-block-image size-full is-resized is-style-default\"><img loading=\"lazy\" decoding=\"async\" src=\"https:\/\/diariotribuna.com.br\/wp-content\/uploads\/2022\/11\/DSC_2521-2.jpg\" alt=\"\" class=\"wp-image-17493\" width=\"601\" height=\"398\" srcset=\"https:\/\/diariotribuna.com.br\/wp-content\/uploads\/2022\/11\/DSC_2521-2.jpg 600w, https:\/\/diariotribuna.com.br\/wp-content\/uploads\/2022\/11\/DSC_2521-2-300x199.jpg 300w\" sizes=\"(max-width: 601px) 100vw, 601px\" \/><figcaption><strong>Presidente do Sindcom\u00e9rcio, Leonardo Ramos com o presidente<\/strong><br><strong>da Fecom\u00e9rcio, Nadim Donato<\/strong><\/figcaption><\/figure>\n\n\n\n<p>O presidente da Fecom\u00e9rcio Minas, Nadim Donato, que, nesta noite, foi o orador-convidado do evento, em seu pronunciamento anunciou uma importante conquista para Te\u00f3filo Otoni e regi\u00e3o, ele apresentou o projeto da futura sede do Senac na cidade. \u201cN\u00f3s viemos para essa festa maravilhosa de 35 anos do Sindcom\u00e9rcio de Te\u00f3filo Otoni e Regi\u00e3o. Entendemos e estamos h\u00e1 dois dias conhecendo a cidade, vendo os v\u00e1rios locais que podemos fazer e trazer as atividades do Sesc e do Senac. S\u00e3o atividades sociais fundamentais para a regi\u00e3o, que ficou um per\u00edodo muito grande sem esse apoio dos bra\u00e7os sociais, mas tamb\u00e9m viemos trazendo uma grande diretoria da Fecom\u00e9rcio para apoiar os nossos colegas que fazem um bel\u00edssimo trabalho \u00e0 frente do sindicato\u201d.<\/p>\n\n\n\n<figure class=\"wp-block-gallery has-nested-images columns-default is-cropped wp-block-gallery-3 is-layout-flex wp-block-gallery-is-layout-flex\">\n<figure class=\"wp-block-image size-large is-style-default\"><img loading=\"lazy\" decoding=\"async\" width=\"600\" height=\"397\" data-id=\"17525\" src=\"https:\/\/diariotribuna.com.br\/wp-content\/uploads\/2022\/11\/DSC_2549.jpg\" alt=\"\" class=\"wp-image-17525\" srcset=\"https:\/\/diariotribuna.com.br\/wp-content\/uploads\/2022\/11\/DSC_2549.jpg 600w, https:\/\/diariotribuna.com.br\/wp-content\/uploads\/2022\/11\/DSC_2549-300x199.jpg 300w\" sizes=\"(max-width: 600px) 100vw, 600px\" \/><\/figure>\n\n\n\n<figure class=\"wp-block-image size-large is-style-default\"><img loading=\"lazy\" decoding=\"async\" width=\"600\" height=\"422\" data-id=\"17487\" src=\"https:\/\/diariotribuna.com.br\/wp-content\/uploads\/2022\/11\/7-6.jpg\" alt=\"\" class=\"wp-image-17487\" srcset=\"https:\/\/diariotribuna.com.br\/wp-content\/uploads\/2022\/11\/7-6.jpg 600w, https:\/\/diariotribuna.com.br\/wp-content\/uploads\/2022\/11\/7-6-300x211.jpg 300w, https:\/\/diariotribuna.com.br\/wp-content\/uploads\/2022\/11\/7-6-100x70.jpg 100w, https:\/\/diariotribuna.com.br\/wp-content\/uploads\/2022\/11\/7-6-597x420.jpg 597w\" sizes=\"(max-width: 600px) 100vw, 600px\" \/><\/figure>\n\n\n\n<figure class=\"wp-block-image size-large is-style-default\"><img loading=\"lazy\" decoding=\"async\" width=\"600\" height=\"404\" data-id=\"17488\" src=\"https:\/\/diariotribuna.com.br\/wp-content\/uploads\/2022\/11\/8-3.jpg\" alt=\"\" class=\"wp-image-17488\" srcset=\"https:\/\/diariotribuna.com.br\/wp-content\/uploads\/2022\/11\/8-3.jpg 600w, https:\/\/diariotribuna.com.br\/wp-content\/uploads\/2022\/11\/8-3-300x202.jpg 300w\" sizes=\"(max-width: 600px) 100vw, 600px\" \/><\/figure>\n\n\n\n<figure class=\"wp-block-image size-large is-style-default\"><img loading=\"lazy\" decoding=\"async\" width=\"600\" height=\"397\" data-id=\"17490\" src=\"https:\/\/diariotribuna.com.br\/wp-content\/uploads\/2022\/11\/2-5.jpg\" alt=\"\" class=\"wp-image-17490\" srcset=\"https:\/\/diariotribuna.com.br\/wp-content\/uploads\/2022\/11\/2-5.jpg 600w, https:\/\/diariotribuna.com.br\/wp-content\/uploads\/2022\/11\/2-5-300x199.jpg 300w\" sizes=\"(max-width: 600px) 100vw, 600px\" \/><\/figure>\n\n\n\n<figure class=\"wp-block-image size-large is-style-default\"><img loading=\"lazy\" decoding=\"async\" width=\"600\" height=\"406\" data-id=\"17486\" src=\"https:\/\/diariotribuna.com.br\/wp-content\/uploads\/2022\/11\/6-5.jpg\" alt=\"\" class=\"wp-image-17486\" srcset=\"https:\/\/diariotribuna.com.br\/wp-content\/uploads\/2022\/11\/6-5.jpg 600w, https:\/\/diariotribuna.com.br\/wp-content\/uploads\/2022\/11\/6-5-300x203.jpg 300w\" sizes=\"(max-width: 600px) 100vw, 600px\" \/><\/figure>\n<\/figure>\n\n\n\n<p>A Secret\u00e1ria-Adjunta Geral do Governo de Minas, Cris Kumaira, disse que \u00e9 sempre uma emo\u00e7\u00e3o vir a Te\u00f3filo Otoni, onde nasceu, prestigiar eventos, e os 35 anos do Sindcom\u00e9rcio, \u00e9 um momento especial. \u201cN\u00f3s acabamos de sair de uma pandemia, e o com\u00e9rcio de Te\u00f3filo Otoni demonstra sua for\u00e7a e coragem de enfrentar esses desafios dos \u00faltimos dois anos\u201d. O popular Gilson da Carne de Sol do Bela Vista, ficou feliz pela homenagem recebida. \u201cA emo\u00e7\u00e3o \u00e9 muito grande, fico grato por isso, e tamb\u00e9m quero parabenizar o Sindcom\u00e9rcio pelos seus 35 anos.<\/p>\n\n\n\n<p>O deputado federal Herc\u00edlio Dinis, tamb\u00e9m presidente do Sindcom\u00e9rcio de Governador Valadares, falou da alegria de participar do evento. \u201cS\u00e3o 35 anos de uma hist\u00f3ria muito rica, e eu tenho certeza que trouxe muitos frutos para Te\u00f3filo Otoni. Tive a oportunidade de conhecer o trabalho do Iesser, e na sequ\u00eancia, do L\u00e9o, e Te\u00f3filo Otoni \u00e9 um exemplo do sindicalismo em Minas Gerais\u201d, disse.<\/p>\n\n\n\n<p>A presidente da 28\u00aa Subse\u00e7\u00e3o da OAB\/MG, dra Beatriz Neves destacou a import\u00e2ncia da uni\u00e3o entre as institui\u00e7\u00f5es. \u201cA OAB trabalha nesse sentido, parceria, e \u00e9 muito importante esse relacionamento institucional\u201d. Finalizando a solenidade, foi apresentado um v\u00eddeo institucional dos 35 anos do Sindcom\u00e9rcio. E as comemora\u00e7\u00f5es continuaram ao som da Banda Tocaia.<\/p>\n\n\n\n<p><strong><mark style=\"background-color:rgba(0, 0, 0, 0);color:#0b80c9\" class=\"has-inline-color\">Atual Diretoria Executiva do Sindcom\u00e9rcio Te\u00f3filo Otoni \u2013<\/mark><\/strong> <strong>Presidente:<\/strong> Leonardo Soares Ramos; <strong>Vice-Presidente:<\/strong> Renato Freitas Martins; <strong>Diretor-Financeiro:<\/strong> Iesser Anis Lauar; <strong>Diretor-Administrativo:<\/strong> Leonardo Ara\u00fajo Costa; <strong>Diretor-Comercial:<\/strong> Valdivino Ant\u00f4nio Silva; <strong>Diretora de Comunica\u00e7\u00e3o e Marketing:<\/strong> Maria de Lourdes Dias da Silva; <strong>Diretor de Tecnologia e Aperfei\u00e7oamento:<\/strong> Jos\u00e9 Ren\u00f3bio de Souza.<\/p>\n","protected":false},"excerpt":{"rendered":"<p>O Sindicato do Com\u00e9rcio de Te\u00f3filo Otoni e Regi\u00e3o &#8211; Sindcom\u00e9rcio celebrou seus 35 anos de funda\u00e7\u00e3o, na noite de s\u00e1bado (12\/11\/2022), na sede social do Autom\u00f3vel Clube, com presen\u00e7a de empres\u00e1rios associados, representantes de entidades de classes, parceiros da imprensa e demais convidados, com a presen\u00e7a especial do presidente da Federa\u00e7\u00e3o do Com\u00e9rcio de [&hellip;]<\/p>\n","protected":false},"author":1,"featured_media":17510,"comment_status":"open","ping_status":"open","sticky":false,"template":"","format":"standard","meta":{"rop_custom_images_group":[],"rop_custom_messages_group":[],"rop_publish_now":"initial","rop_publish_now_accounts":[],"rop_publish_now_history":[],"rop_publish_now_status":"pending","footnotes":""},"categories":[17],"tags":[4034,4921,4922,4606,221,75],"class_list":["post-17478","post","type-post","status-publish","format-standard","has-post-thumbnail","hentry","category-teofilootoni","tag-4034","tag-35-anos","tag-automovel-clube","tag-festa","tag-sindcomercio","tag-teofilo-otoni"],"_links":{"self":[{"href":"https:\/\/diariotribuna.com.br\/index.php?rest_route=\/wp\/v2\/posts\/17478"}],"collection":[{"href":"https:\/\/diariotribuna.com.br\/index.php?rest_route=\/wp\/v2\/posts"}],"about":[{"href":"https:\/\/diariotribuna.com.br\/index.php?rest_route=\/wp\/v2\/types\/post"}],"author":[{"embeddable":true,"href":"https:\/\/diariotribuna.com.br\/index.php?rest_route=\/wp\/v2\/users\/1"}],"replies":[{"embeddable":true,"href":"https:\/\/diariotribuna.com.br\/index.php?rest_route=%2Fwp%2Fv2%2Fcomments&post=17478"}],"version-history":[{"count":12,"href":"https:\/\/diariotribuna.com.br\/index.php?rest_route=\/wp\/v2\/posts\/17478\/revisions"}],"predecessor-version":[{"id":17526,"href":"https:\/\/diariotribuna.com.br\/index.php?rest_route=\/wp\/v2\/posts\/17478\/revisions\/17526"}],"wp:featuredmedia":[{"embeddable":true,"href":"https:\/\/diariotribuna.com.br\/index.php?rest_route=\/wp\/v2\/media\/17510"}],"wp:attachment":[{"href":"https:\/\/diariotribuna.com.br\/index.php?rest_route=%2Fwp%2Fv2%2Fmedia&parent=17478"}],"wp:term":[{"taxonomy":"category","embeddable":true,"href":"https:\/\/diariotribuna.com.br\/index.php?rest_route=%2Fwp%2Fv2%2Fcategories&post=17478"},{"taxonomy":"post_tag","embeddable":true,"href":"https:\/\/diariotribuna.com.br\/index.php?rest_route=%2Fwp%2Fv2%2Ftags&post=17478"}],"curies":[{"name":"wp","href":"https:\/\/api.w.org\/{rel}","templated":true}]}}