{"id":17531,"date":"2022-11-17T23:20:17","date_gmt":"2022-11-18T02:20:17","guid":{"rendered":"https:\/\/diariotribuna.com.br\/?p=17531"},"modified":"2022-11-22T00:14:00","modified_gmt":"2022-11-22T03:14:00","slug":"prefeitura-de-ladainha-e-emater-realizam-o-ii-concurso-regional-de-qualidade-do-cafe-das-mulheres-rurais","status":"publish","type":"post","link":"https:\/\/diariotribuna.com.br\/?p=17531","title":{"rendered":"Prefeitura de Ladainha e Emater realizam o II Concurso Regional de Qualidade do Caf\u00e9 das Mulheres Rurais"},"content":{"rendered":"\n<figure class=\"wp-block-image size-full is-resized is-style-default\"><img loading=\"lazy\" decoding=\"async\" src=\"https:\/\/diariotribuna.com.br\/wp-content\/uploads\/2022\/11\/6-6.jpg\" alt=\"\" class=\"wp-image-17532\" width=\"642\" height=\"374\" srcset=\"https:\/\/diariotribuna.com.br\/wp-content\/uploads\/2022\/11\/6-6.jpg 700w, https:\/\/diariotribuna.com.br\/wp-content\/uploads\/2022\/11\/6-6-300x175.jpg 300w, https:\/\/diariotribuna.com.br\/wp-content\/uploads\/2022\/11\/6-6-696x406.jpg 696w\" sizes=\"(max-width: 642px) 100vw, 642px\" \/><\/figure>\n\n\n\n<p>A Prefeitura Municipal de Ladainha, atrav\u00e9s da Secretaria de Agropecu\u00e1ria e Meio Ambiente e a Emater realizaram o II Concurso Regional de Qualidade do Caf\u00e9 das Mulheres Rurais, na Quadra Poliesportiva Municipal, que contou com participa\u00e7\u00e3o dos munic\u00edpios de Ladainha, Novo Cruzeiro, Catuji, Cara\u00ed, Itaip\u00e9 e Pot\u00e9. Um dos principais focos do evento \u00e9 a valoriza\u00e7\u00e3o da cultura do caf\u00e9 realizada pelas mulheres, visando trazer maior visibilidade e investimentos no setor para a regi\u00e3o.<\/p>\n\n\n\n<figure class=\"wp-block-gallery has-nested-images columns-default is-cropped wp-block-gallery-1 is-layout-flex wp-block-gallery-is-layout-flex\">\n<figure class=\"wp-block-image size-large is-style-default\"><img loading=\"lazy\" decoding=\"async\" width=\"600\" height=\"400\" data-id=\"17540\" src=\"https:\/\/diariotribuna.com.br\/wp-content\/uploads\/2022\/11\/3-6.jpg\" alt=\"\" class=\"wp-image-17540\" srcset=\"https:\/\/diariotribuna.com.br\/wp-content\/uploads\/2022\/11\/3-6.jpg 600w, https:\/\/diariotribuna.com.br\/wp-content\/uploads\/2022\/11\/3-6-300x200.jpg 300w\" sizes=\"(max-width: 600px) 100vw, 600px\" \/><\/figure>\n\n\n\n<figure class=\"wp-block-image size-large is-style-default\"><img loading=\"lazy\" decoding=\"async\" width=\"600\" height=\"420\" data-id=\"17537\" src=\"https:\/\/diariotribuna.com.br\/wp-content\/uploads\/2022\/11\/8-4.jpg\" alt=\"\" class=\"wp-image-17537\" srcset=\"https:\/\/diariotribuna.com.br\/wp-content\/uploads\/2022\/11\/8-4.jpg 600w, https:\/\/diariotribuna.com.br\/wp-content\/uploads\/2022\/11\/8-4-300x210.jpg 300w, https:\/\/diariotribuna.com.br\/wp-content\/uploads\/2022\/11\/8-4-100x70.jpg 100w\" sizes=\"(max-width: 600px) 100vw, 600px\" \/><\/figure>\n\n\n\n<figure class=\"wp-block-image size-large is-style-default\"><img loading=\"lazy\" decoding=\"async\" width=\"600\" height=\"416\" data-id=\"17539\" src=\"https:\/\/diariotribuna.com.br\/wp-content\/uploads\/2022\/11\/2-6.jpg\" alt=\"\" class=\"wp-image-17539\" srcset=\"https:\/\/diariotribuna.com.br\/wp-content\/uploads\/2022\/11\/2-6.jpg 600w, https:\/\/diariotribuna.com.br\/wp-content\/uploads\/2022\/11\/2-6-300x208.jpg 300w, https:\/\/diariotribuna.com.br\/wp-content\/uploads\/2022\/11\/2-6-100x70.jpg 100w, https:\/\/diariotribuna.com.br\/wp-content\/uploads\/2022\/11\/2-6-218x150.jpg 218w\" sizes=\"(max-width: 600px) 100vw, 600px\" \/><\/figure>\n\n\n\n<figure class=\"wp-block-image size-large is-style-default\"><img loading=\"lazy\" decoding=\"async\" width=\"600\" height=\"391\" data-id=\"17536\" src=\"https:\/\/diariotribuna.com.br\/wp-content\/uploads\/2022\/11\/4-4.jpg\" alt=\"\" class=\"wp-image-17536\" srcset=\"https:\/\/diariotribuna.com.br\/wp-content\/uploads\/2022\/11\/4-4.jpg 600w, https:\/\/diariotribuna.com.br\/wp-content\/uploads\/2022\/11\/4-4-300x196.jpg 300w\" sizes=\"(max-width: 600px) 100vw, 600px\" \/><\/figure>\n\n\n\n<figure class=\"wp-block-image size-large is-style-default\"><img loading=\"lazy\" decoding=\"async\" width=\"600\" height=\"416\" data-id=\"17535\" src=\"https:\/\/diariotribuna.com.br\/wp-content\/uploads\/2022\/11\/9-2.jpg\" alt=\"\" class=\"wp-image-17535\" srcset=\"https:\/\/diariotribuna.com.br\/wp-content\/uploads\/2022\/11\/9-2.jpg 600w, https:\/\/diariotribuna.com.br\/wp-content\/uploads\/2022\/11\/9-2-300x208.jpg 300w, https:\/\/diariotribuna.com.br\/wp-content\/uploads\/2022\/11\/9-2-100x70.jpg 100w, https:\/\/diariotribuna.com.br\/wp-content\/uploads\/2022\/11\/9-2-218x150.jpg 218w\" sizes=\"(max-width: 600px) 100vw, 600px\" \/><\/figure>\n\n\n\n<figure class=\"wp-block-image size-large is-style-default\"><img loading=\"lazy\" decoding=\"async\" width=\"600\" height=\"440\" data-id=\"17538\" src=\"https:\/\/diariotribuna.com.br\/wp-content\/uploads\/2022\/11\/5-6.jpg\" alt=\"\" class=\"wp-image-17538\" srcset=\"https:\/\/diariotribuna.com.br\/wp-content\/uploads\/2022\/11\/5-6.jpg 600w, https:\/\/diariotribuna.com.br\/wp-content\/uploads\/2022\/11\/5-6-300x220.jpg 300w, https:\/\/diariotribuna.com.br\/wp-content\/uploads\/2022\/11\/5-6-80x60.jpg 80w, https:\/\/diariotribuna.com.br\/wp-content\/uploads\/2022\/11\/5-6-573x420.jpg 573w\" sizes=\"(max-width: 600px) 100vw, 600px\" \/><\/figure>\n\n\n\n<figure class=\"wp-block-image size-large is-style-default\"><img loading=\"lazy\" decoding=\"async\" width=\"600\" height=\"388\" data-id=\"17534\" src=\"https:\/\/diariotribuna.com.br\/wp-content\/uploads\/2022\/11\/1-7.jpg\" alt=\"\" class=\"wp-image-17534\" srcset=\"https:\/\/diariotribuna.com.br\/wp-content\/uploads\/2022\/11\/1-7.jpg 600w, https:\/\/diariotribuna.com.br\/wp-content\/uploads\/2022\/11\/1-7-300x194.jpg 300w\" sizes=\"(max-width: 600px) 100vw, 600px\" \/><\/figure>\n\n\n\n<figure class=\"wp-block-image size-large is-style-default\"><img loading=\"lazy\" decoding=\"async\" width=\"600\" height=\"400\" data-id=\"17533\" src=\"https:\/\/diariotribuna.com.br\/wp-content\/uploads\/2022\/11\/7-7.jpg\" alt=\"\" class=\"wp-image-17533\" srcset=\"https:\/\/diariotribuna.com.br\/wp-content\/uploads\/2022\/11\/7-7.jpg 600w, https:\/\/diariotribuna.com.br\/wp-content\/uploads\/2022\/11\/7-7-300x200.jpg 300w\" sizes=\"(max-width: 600px) 100vw, 600px\" \/><\/figure>\n<\/figure>\n\n\n\n<p>Integrantes dos governos das cidades citadas participaram desse grande momento. Al\u00e9m da premia\u00e7\u00e3o, foi realizada uma palestra ministrada pela cafeicultora Elvia Nakamura do Instituto dos Caf\u00e9s das Chapadas de Minas (ICCM). Foram premiados os 10 primeiros caf\u00e9s do N\u00facleo de Itaip\u00e9 que participa mais 5 munic\u00edpios: Cara\u00ed, Catuji, Ladainha, Pot\u00e9 e Novo Cruzeiro. Com a parceria do ICCM de Capelinha as 56 amostras foram provadas e classificadas. O caf\u00e9 premiado em primeiro lugar teve 80,4 considerado um caf\u00e9 especial.<\/p>\n\n\n\n<h2 class=\"wp-block-heading\">Premiados:<\/h2>\n\n\n\n<p><strong>1. Maria Imaculada Pereira Silva (Santa Rosa I, Itaip\u00e9).<\/strong><\/p>\n\n\n\n<p><strong>2. Girlane de Souza Santos (Santa Rosa I, Itaip\u00e9).<\/strong><\/p>\n\n\n\n<p><strong>3. Maria das Gra\u00e7as Alves Silva (Santa Rosa III, Itaip\u00e9)<\/strong>.<\/p>\n\n\n\n<p><strong>4. Rita Esteves de Oliveira Bessa (Bom Sucesso II, Ladainha).<\/strong><\/p>\n\n\n\n<p><strong>5. Adriana da Silva Passos (Santa Rosa I, Itaip\u00e9).<\/strong><\/p>\n\n\n\n<p><strong>6. L\u00facia Helena Alves Silveira (Novo Cruzeiro).<\/strong><\/p>\n\n\n\n<p><strong>7. Vilma de Souza Ramos (Limat\u00e3o, Itaip\u00e9).<\/strong><\/p>\n\n\n\n<p><strong>8. Maria Elza Gomes da Silva Morais (S\u00e3o Pedro, Catuji).<\/strong><\/p>\n\n\n\n<p><strong>9. Cl\u00e1udia Coimbra Santos (Limat\u00e3o, Itaip\u00e9).<\/strong><\/p>\n\n\n\n<p><strong>10. Maria dos Anjos Ramos de Jesus (Bom Sucesso, Ladainha).<\/strong><\/p>\n\n\n\n<p><strong>(Informa\u00e7\u00f5es\/Fotos: Assessoria de comunica\u00e7\u00e3o\/ Prefeitura de Ladainha)<\/strong><\/p>\n","protected":false},"excerpt":{"rendered":"<p>A Prefeitura Municipal de Ladainha, atrav\u00e9s da Secretaria de Agropecu\u00e1ria e Meio Ambiente e a Emater realizaram o II Concurso Regional de Qualidade do Caf\u00e9 das Mulheres Rurais, na Quadra Poliesportiva Municipal, que contou com participa\u00e7\u00e3o dos munic\u00edpios de Ladainha, Novo Cruzeiro, Catuji, Cara\u00ed, Itaip\u00e9 e Pot\u00e9. Um dos principais focos do evento \u00e9 a [&hellip;]<\/p>\n","protected":false},"author":1,"featured_media":17532,"comment_status":"open","ping_status":"open","sticky":false,"template":"","format":"standard","meta":{"rop_custom_images_group":[],"rop_custom_messages_group":[],"rop_publish_now":"initial","rop_publish_now_accounts":[],"rop_publish_now_history":[],"rop_publish_now_status":"pending","footnotes":""},"categories":[18],"tags":[4924,86,4487,4925],"class_list":["post-17531","post","type-post","status-publish","format-standard","has-post-thumbnail","hentry","category-regiao","tag-concurso-regional","tag-ladainha","tag-mulheres-rurais","tag-qualidade-do-cafe"],"_links":{"self":[{"href":"https:\/\/diariotribuna.com.br\/index.php?rest_route=\/wp\/v2\/posts\/17531"}],"collection":[{"href":"https:\/\/diariotribuna.com.br\/index.php?rest_route=\/wp\/v2\/posts"}],"about":[{"href":"https:\/\/diariotribuna.com.br\/index.php?rest_route=\/wp\/v2\/types\/post"}],"author":[{"embeddable":true,"href":"https:\/\/diariotribuna.com.br\/index.php?rest_route=\/wp\/v2\/users\/1"}],"replies":[{"embeddable":true,"href":"https:\/\/diariotribuna.com.br\/index.php?rest_route=%2Fwp%2Fv2%2Fcomments&post=17531"}],"version-history":[{"count":1,"href":"https:\/\/diariotribuna.com.br\/index.php?rest_route=\/wp\/v2\/posts\/17531\/revisions"}],"predecessor-version":[{"id":17541,"href":"https:\/\/diariotribuna.com.br\/index.php?rest_route=\/wp\/v2\/posts\/17531\/revisions\/17541"}],"wp:featuredmedia":[{"embeddable":true,"href":"https:\/\/diariotribuna.com.br\/index.php?rest_route=\/wp\/v2\/media\/17532"}],"wp:attachment":[{"href":"https:\/\/diariotribuna.com.br\/index.php?rest_route=%2Fwp%2Fv2%2Fmedia&parent=17531"}],"wp:term":[{"taxonomy":"category","embeddable":true,"href":"https:\/\/diariotribuna.com.br\/index.php?rest_route=%2Fwp%2Fv2%2Fcategories&post=17531"},{"taxonomy":"post_tag","embeddable":true,"href":"https:\/\/diariotribuna.com.br\/index.php?rest_route=%2Fwp%2Fv2%2Ftags&post=17531"}],"curies":[{"name":"wp","href":"https:\/\/api.w.org\/{rel}","templated":true}]}}