{"id":17546,"date":"2022-11-18T23:32:03","date_gmt":"2022-11-19T02:32:03","guid":{"rendered":"https:\/\/diariotribuna.com.br\/?p=17546"},"modified":"2022-11-22T19:23:21","modified_gmt":"2022-11-22T22:23:21","slug":"colisao-entre-veiculos-na-rodovia-mg-217-quase-termina-em-tragedia","status":"publish","type":"post","link":"https:\/\/diariotribuna.com.br\/?p=17546","title":{"rendered":"Colis\u00e3o entre ve\u00edculos na rodovia MG 217 quase termina em trag\u00e9dia"},"content":{"rendered":"\n<figure class=\"wp-block-gallery has-nested-images columns-default is-cropped wp-block-gallery-1 is-layout-flex wp-block-gallery-is-layout-flex\">\n<figure class=\"wp-block-image size-large is-style-default\"><img loading=\"lazy\" decoding=\"async\" width=\"600\" height=\"414\" data-id=\"17548\" src=\"https:\/\/diariotribuna.com.br\/wp-content\/uploads\/2022\/11\/d8bbc0ae-0c83-480e-9853-94a0b5b9b2c6.jpg\" alt=\"\" class=\"wp-image-17548\" srcset=\"https:\/\/diariotribuna.com.br\/wp-content\/uploads\/2022\/11\/d8bbc0ae-0c83-480e-9853-94a0b5b9b2c6.jpg 600w, https:\/\/diariotribuna.com.br\/wp-content\/uploads\/2022\/11\/d8bbc0ae-0c83-480e-9853-94a0b5b9b2c6-300x207.jpg 300w, https:\/\/diariotribuna.com.br\/wp-content\/uploads\/2022\/11\/d8bbc0ae-0c83-480e-9853-94a0b5b9b2c6-100x70.jpg 100w, https:\/\/diariotribuna.com.br\/wp-content\/uploads\/2022\/11\/d8bbc0ae-0c83-480e-9853-94a0b5b9b2c6-218x150.jpg 218w\" sizes=\"(max-width: 600px) 100vw, 600px\" \/><\/figure>\n\n\n\n<figure class=\"wp-block-image size-large is-style-default\"><img loading=\"lazy\" decoding=\"async\" width=\"700\" height=\"480\" data-id=\"17547\" src=\"https:\/\/diariotribuna.com.br\/wp-content\/uploads\/2022\/11\/2e33fab7-80cd-4e2e-8896-2365e14fc15b.jpg\" alt=\"\" class=\"wp-image-17547\" srcset=\"https:\/\/diariotribuna.com.br\/wp-content\/uploads\/2022\/11\/2e33fab7-80cd-4e2e-8896-2365e14fc15b.jpg 700w, https:\/\/diariotribuna.com.br\/wp-content\/uploads\/2022\/11\/2e33fab7-80cd-4e2e-8896-2365e14fc15b-300x206.jpg 300w, https:\/\/diariotribuna.com.br\/wp-content\/uploads\/2022\/11\/2e33fab7-80cd-4e2e-8896-2365e14fc15b-100x70.jpg 100w, https:\/\/diariotribuna.com.br\/wp-content\/uploads\/2022\/11\/2e33fab7-80cd-4e2e-8896-2365e14fc15b-218x150.jpg 218w, https:\/\/diariotribuna.com.br\/wp-content\/uploads\/2022\/11\/2e33fab7-80cd-4e2e-8896-2365e14fc15b-696x477.jpg 696w, https:\/\/diariotribuna.com.br\/wp-content\/uploads\/2022\/11\/2e33fab7-80cd-4e2e-8896-2365e14fc15b-613x420.jpg 613w\" sizes=\"(max-width: 700px) 100vw, 700px\" \/><\/figure>\n<\/figure>\n\n\n\n<p>A Pol\u00edcia Militar Rodovi\u00e1ria foi acionada, na manh\u00e3 de sexta-feira (18\/11), para atender uma colis\u00e3o entre dois ve\u00edculos na MG 217, km 16, distrito de Val\u00e3o, cidade de Pot\u00e9, fato que feriu dois adultos e uma crian\u00e7a e danificou bastante os dois autom\u00f3veis. No local os militares depararam com o VW Polo no meio da via com danos generalizados e o VW Gol de cor preta dentro do matagal \u00e0s margens da rodovia. Populares afirmaram que ap\u00f3s a colis\u00e3o as v\u00edtimas haviam sido socorridas pelo Samu e encaminhadas a um hospital em Te\u00f3filo Otoni.<\/p>\n\n\n\n<p>Na Unidade de Pronto Atendimento (UPA) o condutor do VW Polo relatou aos policiais que trafegava pela via, sentido a cidade de Te\u00f3filo Otoni, com o seu filho devidamente afixado na cadeirinha, momento em que um \u00f4nibus que trafegava sentido contr\u00e1rio encostou, uma picape teria iniciado a ultrapassagem, quando o VW Gol invadiu a contram\u00e3o de dire\u00e7\u00e3o para acessar uma propriedade rural e por ser uma curva sem visibilidade, n\u00e3o foi poss\u00edvel evitar a colis\u00e3o.<\/p>\n\n\n\n<p>O motorista e a crian\u00e7a queixavam-se de dores na altura do peito onde ficam afixados os cintos de seguran\u00e7a. O motorista do VW Polo foi submetido ao teste do etil\u00f4metro, com resultado negativo para o uso de \u00e1lcool. O outro motorista deu entrada na UPA, foi medicado, mas n\u00e3o aguardou a presen\u00e7a policial e n\u00e3o foi localizado para apresentar a sua vers\u00e3o dos fatos.<\/p>\n\n\n\n<p>\u201cNesse sinistro destacamos duas situa\u00e7\u00f5es distintas: a negativa diz respeito \u00e0 prov\u00e1vel manobra realizada de forma irregular dentro de uma curva, local sem visibilidade. Lamentavelmente temos registrado v\u00e1rios sinistros de tr\u00e2nsito graves causados por falha humana e desrespeito \u00e0s normas de tr\u00e2nsito. A situa\u00e7\u00e3o positiva trata-se do uso do cinto de seguran\u00e7a e da cadeirinha, itens que foram fundamentais na preserva\u00e7\u00e3o das vidas dos ocupantes dos ve\u00edculos\u201d, destacou o tenente Reinaldo Martins.<\/p>\n\n\n\n<p>A Pol\u00edcia Militar Rodovi\u00e1ria alerta para a sequ\u00eancia de acidentes de tr\u00e2nsito dos \u00faltimos dias, principalmente com a chegada do per\u00edodo chuvoso. O tenente pede cautela aos usu\u00e1rios das rodovias, afinal nossas estradas s\u00e3o estreitas, sinuosas e com pouco ou sem acostamentos. Um ato simples de desrespeito pode causar uma grande trag\u00e9dia e matar fam\u00edlias inteiras.<\/p>\n\n\n\n<p>\u201cContinuaremos trabalhando intensamente nas rodovias, a imprensa tem nos apoiado diariamente na divulga\u00e7\u00e3o das orienta\u00e7\u00f5es, mas cabe ao motorista o protagonismo na preven\u00e7\u00e3o de sinistros de tr\u00e2nsito\u201d, disse o tenente Reinaldo. Policia Militar Rodovi\u00e1ria: \u201cOs anjos da guarda dos caminhos de Minas\u201d.<\/p>\n","protected":false},"excerpt":{"rendered":"<p>A Pol\u00edcia Militar Rodovi\u00e1ria foi acionada, na manh\u00e3 de sexta-feira (18\/11), para atender uma colis\u00e3o entre dois ve\u00edculos na MG 217, km 16, distrito de Val\u00e3o, cidade de Pot\u00e9, fato que feriu dois adultos e uma crian\u00e7a e danificou bastante os dois autom\u00f3veis. No local os militares depararam com o VW Polo no meio da [&hellip;]<\/p>\n","protected":false},"author":1,"featured_media":17547,"comment_status":"open","ping_status":"open","sticky":false,"template":"","format":"standard","meta":{"rop_custom_images_group":[],"rop_custom_messages_group":[],"rop_publish_now":"initial","rop_publish_now_accounts":[],"rop_publish_now_history":[],"rop_publish_now_status":"pending","footnotes":""},"categories":[20],"tags":[125,688,1559,1030,119,689],"class_list":["post-17546","post","type-post","status-publish","format-standard","has-post-thumbnail","hentry","category-policia","tag-acidente","tag-colisao","tag-mg-217","tag-policia-militar-rodoviaria","tag-pote","tag-veiculos"],"_links":{"self":[{"href":"https:\/\/diariotribuna.com.br\/index.php?rest_route=\/wp\/v2\/posts\/17546"}],"collection":[{"href":"https:\/\/diariotribuna.com.br\/index.php?rest_route=\/wp\/v2\/posts"}],"about":[{"href":"https:\/\/diariotribuna.com.br\/index.php?rest_route=\/wp\/v2\/types\/post"}],"author":[{"embeddable":true,"href":"https:\/\/diariotribuna.com.br\/index.php?rest_route=\/wp\/v2\/users\/1"}],"replies":[{"embeddable":true,"href":"https:\/\/diariotribuna.com.br\/index.php?rest_route=%2Fwp%2Fv2%2Fcomments&post=17546"}],"version-history":[{"count":1,"href":"https:\/\/diariotribuna.com.br\/index.php?rest_route=\/wp\/v2\/posts\/17546\/revisions"}],"predecessor-version":[{"id":17549,"href":"https:\/\/diariotribuna.com.br\/index.php?rest_route=\/wp\/v2\/posts\/17546\/revisions\/17549"}],"wp:featuredmedia":[{"embeddable":true,"href":"https:\/\/diariotribuna.com.br\/index.php?rest_route=\/wp\/v2\/media\/17547"}],"wp:attachment":[{"href":"https:\/\/diariotribuna.com.br\/index.php?rest_route=%2Fwp%2Fv2%2Fmedia&parent=17546"}],"wp:term":[{"taxonomy":"category","embeddable":true,"href":"https:\/\/diariotribuna.com.br\/index.php?rest_route=%2Fwp%2Fv2%2Fcategories&post=17546"},{"taxonomy":"post_tag","embeddable":true,"href":"https:\/\/diariotribuna.com.br\/index.php?rest_route=%2Fwp%2Fv2%2Ftags&post=17546"}],"curies":[{"name":"wp","href":"https:\/\/api.w.org\/{rel}","templated":true}]}}