{"id":17554,"date":"2022-11-20T19:40:16","date_gmt":"2022-11-20T22:40:16","guid":{"rendered":"https:\/\/diariotribuna.com.br\/?p=17554"},"modified":"2022-11-20T19:40:17","modified_gmt":"2022-11-20T22:40:17","slug":"homem-e-preso-apos-incendiar-duas-viaturas-da-policia-militar-em-divisopolis","status":"publish","type":"post","link":"https:\/\/diariotribuna.com.br\/?p=17554","title":{"rendered":"Homem \u00e9 preso ap\u00f3s incendiar duas viaturas da Pol\u00edcia Militar em Divis\u00f3polis"},"content":{"rendered":"\n<figure class=\"wp-block-gallery has-nested-images columns-default is-cropped wp-block-gallery-1 is-layout-flex wp-block-gallery-is-layout-flex\">\n<figure class=\"wp-block-image size-large is-style-default\"><img loading=\"lazy\" decoding=\"async\" width=\"700\" height=\"481\" data-id=\"17555\" src=\"https:\/\/diariotribuna.com.br\/wp-content\/uploads\/2022\/11\/a250f5db-0ae8-4d08-8452-b600d54ef975.jpg\" alt=\"\" class=\"wp-image-17555\" srcset=\"https:\/\/diariotribuna.com.br\/wp-content\/uploads\/2022\/11\/a250f5db-0ae8-4d08-8452-b600d54ef975.jpg 700w, https:\/\/diariotribuna.com.br\/wp-content\/uploads\/2022\/11\/a250f5db-0ae8-4d08-8452-b600d54ef975-300x206.jpg 300w, https:\/\/diariotribuna.com.br\/wp-content\/uploads\/2022\/11\/a250f5db-0ae8-4d08-8452-b600d54ef975-100x70.jpg 100w, https:\/\/diariotribuna.com.br\/wp-content\/uploads\/2022\/11\/a250f5db-0ae8-4d08-8452-b600d54ef975-218x150.jpg 218w, https:\/\/diariotribuna.com.br\/wp-content\/uploads\/2022\/11\/a250f5db-0ae8-4d08-8452-b600d54ef975-696x478.jpg 696w, https:\/\/diariotribuna.com.br\/wp-content\/uploads\/2022\/11\/a250f5db-0ae8-4d08-8452-b600d54ef975-611x420.jpg 611w\" sizes=\"(max-width: 700px) 100vw, 700px\" \/><\/figure>\n\n\n\n<figure class=\"wp-block-image size-large is-style-default\"><img loading=\"lazy\" decoding=\"async\" width=\"700\" height=\"514\" data-id=\"17556\" src=\"https:\/\/diariotribuna.com.br\/wp-content\/uploads\/2022\/11\/b8aa7fd4-3a66-4ad3-8b8c-e182d31c611a.jpg\" alt=\"\" class=\"wp-image-17556\" srcset=\"https:\/\/diariotribuna.com.br\/wp-content\/uploads\/2022\/11\/b8aa7fd4-3a66-4ad3-8b8c-e182d31c611a.jpg 700w, https:\/\/diariotribuna.com.br\/wp-content\/uploads\/2022\/11\/b8aa7fd4-3a66-4ad3-8b8c-e182d31c611a-300x220.jpg 300w, https:\/\/diariotribuna.com.br\/wp-content\/uploads\/2022\/11\/b8aa7fd4-3a66-4ad3-8b8c-e182d31c611a-80x60.jpg 80w, https:\/\/diariotribuna.com.br\/wp-content\/uploads\/2022\/11\/b8aa7fd4-3a66-4ad3-8b8c-e182d31c611a-696x511.jpg 696w, https:\/\/diariotribuna.com.br\/wp-content\/uploads\/2022\/11\/b8aa7fd4-3a66-4ad3-8b8c-e182d31c611a-572x420.jpg 572w\" sizes=\"(max-width: 700px) 100vw, 700px\" \/><\/figure>\n<\/figure>\n\n\n\n<p>O fato ocorreu na madrugada deste domingo (20\/11\/2022), na cidade de Divis\u00f3polis. A Pol\u00edcia Militar foi informada, e no local, o comandante da cidade deparou com as viaturas Fiat Toro, com aproximadamente 8 mil km rodados, e Fiat p\u00e1lio, com aproximadamente 56 mil km rodados, pegando fogo. Segundo a PM, quando o comandante tentou se aproximar, houve uma explos\u00e3o e ele foi projetado ao ch\u00e3o, mas n\u00e3o teria sofrido les\u00f5es aparentes. Os militares e populares retiraram rapidamente os pertences do quartel.<\/p>\n\n\n\n<p>A PM acionou a per\u00edcia t\u00e9cnica e o Corpo de Bombeiros, e durante as dilig\u00eancias, verificou atrav\u00e9s de c\u00e2meras dos com\u00e9rcios adjacentes, um homem entrando no quartel, e pouco tempo depois fugiu em uma bicicleta cor vermelha. As roupas que o suspeito usava eram semelhantes a de um homem que participava de uma festa na cidade, e foi retirado do local por seguran\u00e7as privados. Ao insistir em entrar na festa, foi advertido pela PM que fazia o policiamento no local, tendo em vista que ele estava causando diversas confus\u00f5es. Os militares fizeram rastreamentos e capturaram o homem, de 45 anos, em sua resid\u00eancia, na Avenida Alberto Vicente Pereira, Bairro Boa Vista.<\/p>\n\n\n\n<p>Segundo a PM o homem relatou que ficou inconformado por ser expulso da festa, e terem utilizado o spray de pimenta, ent\u00e3o foi at\u00e9 sua resid\u00eancia, pegou uma garrafa tipo pet com gasolina, colocou no bolso da cal\u00e7a, e por volta das 5h, foi ao quartel, pulou o muro, jogou a gasolina em cima das viaturas e ateou fogo com um isqueiro, fugindo em seguida em uma bicicleta cor vermelha, conforme imagens de c\u00e2meras de seguran\u00e7a, que ser\u00e3o repassadas para a Pol\u00edcia Civil. Ele foi preso em flagrante e conduzido \u00e0 delegacia de Almenara. (Informa\u00e7\u00f5es: PMMG. Fotos: Divulga\u00e7\u00e3o).<\/p>\n","protected":false},"excerpt":{"rendered":"<p>O fato ocorreu na madrugada deste domingo (20\/11\/2022), na cidade de Divis\u00f3polis. A Pol\u00edcia Militar foi informada, e no local, o comandante da cidade deparou com as viaturas Fiat Toro, com aproximadamente 8 mil km rodados, e Fiat p\u00e1lio, com aproximadamente 56 mil km rodados, pegando fogo. Segundo a PM, quando o comandante tentou se [&hellip;]<\/p>\n","protected":false},"author":1,"featured_media":17556,"comment_status":"open","ping_status":"open","sticky":false,"template":"","format":"standard","meta":{"rop_custom_images_group":[],"rop_custom_messages_group":[],"rop_publish_now":"initial","rop_publish_now_accounts":[],"rop_publish_now_history":[],"rop_publish_now_status":"pending","footnotes":""},"categories":[25,20],"tags":[],"class_list":["post-17554","post","type-post","status-publish","format-standard","has-post-thumbnail","hentry","category-destaque","category-policia"],"_links":{"self":[{"href":"https:\/\/diariotribuna.com.br\/index.php?rest_route=\/wp\/v2\/posts\/17554"}],"collection":[{"href":"https:\/\/diariotribuna.com.br\/index.php?rest_route=\/wp\/v2\/posts"}],"about":[{"href":"https:\/\/diariotribuna.com.br\/index.php?rest_route=\/wp\/v2\/types\/post"}],"author":[{"embeddable":true,"href":"https:\/\/diariotribuna.com.br\/index.php?rest_route=\/wp\/v2\/users\/1"}],"replies":[{"embeddable":true,"href":"https:\/\/diariotribuna.com.br\/index.php?rest_route=%2Fwp%2Fv2%2Fcomments&post=17554"}],"version-history":[{"count":1,"href":"https:\/\/diariotribuna.com.br\/index.php?rest_route=\/wp\/v2\/posts\/17554\/revisions"}],"predecessor-version":[{"id":17557,"href":"https:\/\/diariotribuna.com.br\/index.php?rest_route=\/wp\/v2\/posts\/17554\/revisions\/17557"}],"wp:featuredmedia":[{"embeddable":true,"href":"https:\/\/diariotribuna.com.br\/index.php?rest_route=\/wp\/v2\/media\/17556"}],"wp:attachment":[{"href":"https:\/\/diariotribuna.com.br\/index.php?rest_route=%2Fwp%2Fv2%2Fmedia&parent=17554"}],"wp:term":[{"taxonomy":"category","embeddable":true,"href":"https:\/\/diariotribuna.com.br\/index.php?rest_route=%2Fwp%2Fv2%2Fcategories&post=17554"},{"taxonomy":"post_tag","embeddable":true,"href":"https:\/\/diariotribuna.com.br\/index.php?rest_route=%2Fwp%2Fv2%2Ftags&post=17554"}],"curies":[{"name":"wp","href":"https:\/\/api.w.org\/{rel}","templated":true}]}}