{"id":17562,"date":"2022-11-21T15:05:40","date_gmt":"2022-11-21T18:05:40","guid":{"rendered":"https:\/\/diariotribuna.com.br\/?p=17562"},"modified":"2022-11-22T12:21:31","modified_gmt":"2022-11-22T15:21:31","slug":"programa-imersao-industria-debate-politica-e-economia-com-especialistas-do-mercado","status":"publish","type":"post","link":"https:\/\/diariotribuna.com.br\/?p=17562","title":{"rendered":"Programa Imers\u00e3o Ind\u00fastria debate pol\u00edtica e economia com especialistas do mercado"},"content":{"rendered":"\n<figure class=\"wp-block-image size-full is-style-default\"><img loading=\"lazy\" decoding=\"async\" width=\"500\" height=\"328\" src=\"https:\/\/diariotribuna.com.br\/wp-content\/uploads\/2022\/11\/Sem-titulo.png\" alt=\"\" class=\"wp-image-17563\" srcset=\"https:\/\/diariotribuna.com.br\/wp-content\/uploads\/2022\/11\/Sem-titulo.png 500w, https:\/\/diariotribuna.com.br\/wp-content\/uploads\/2022\/11\/Sem-titulo-300x197.png 300w\" sizes=\"(max-width: 500px) 100vw, 500px\" \/><\/figure>\n\n\n\n<p>Os Cen\u00e1rios Brasileiros \u2013 Pol\u00edtica, Economia e Neg\u00f3cios analisados pelos maiores especialistas do mercado est\u00e3o na pauta dos industriais mineiros. Nesta ter\u00e7a-feira (22\/11), eles se re\u00fanem no &#8220;Imers\u00e3o Ind\u00fastria &#8220;, promovido pela FIEMG e o Servi\u00e7o Brasileiro de Apoio \u00e0s Micro e Pequenas Empresas (Sebrae), das 8h \u00e0s 16h, no Minascentro, em Belo Horizonte.<\/p>\n\n\n\n<p>A programa\u00e7\u00e3o do evento contempla dois grandes pain\u00e9is tem\u00e1ticos sobre economia e pol\u00edtica, debate entre empreendedores e uma palestra magna. Entre os convidados, est\u00e3o o economista Ricardo Amorim, a jornalista da CNN Brasil Tha\u00eds Arbex, o empreendedor digital Rick Chesther, al\u00e9m de empres\u00e1rios, executivos e consultores.<\/p>\n\n\n\n<p>A FIEMG lan\u00e7ou o Imers\u00e3o Ind\u00fastria no come\u00e7o deste ano, quando, entre 7 de mar\u00e7o e 4 de abril, ofereceu a 1\u00aa Capacita\u00e7\u00e3o Pol\u00edtica, com a oportunidade de os participantes aprofundarem seus conhecimentos sobre o cen\u00e1rio e a pr\u00e1tica da pol\u00edtica e do Direito Eleitoral brasileiro.<\/p>\n\n\n\n<p>Ao longo de 2022, a iniciativa reuniu ministros do Supremo Tribunal Federal (STF), especialistas de renome, fomentando debates em torno de temas da atualidade semin\u00e1rios, congressos, feira e capacita\u00e7\u00f5es. Dessa forma, o Imers\u00e3o Ind\u00fastria tem o prop\u00f3sito de fortalecer parcerias, repensar estrat\u00e9gias, aperfei\u00e7oar conhecimento e criar solu\u00e7\u00f5es inovadoras.<\/p>\n","protected":false},"excerpt":{"rendered":"<p>Os Cen\u00e1rios Brasileiros \u2013 Pol\u00edtica, Economia e Neg\u00f3cios analisados pelos maiores especialistas do mercado est\u00e3o na pauta dos industriais mineiros. Nesta ter\u00e7a-feira (22\/11), eles se re\u00fanem no &#8220;Imers\u00e3o Ind\u00fastria &#8220;, promovido pela FIEMG e o Servi\u00e7o Brasileiro de Apoio \u00e0s Micro e Pequenas Empresas (Sebrae), das 8h \u00e0s 16h, no Minascentro, em Belo Horizonte. A [&hellip;]<\/p>\n","protected":false},"author":1,"featured_media":17563,"comment_status":"open","ping_status":"open","sticky":false,"template":"","format":"standard","meta":{"rop_custom_images_group":[],"rop_custom_messages_group":[],"rop_publish_now":"initial","rop_publish_now_accounts":[],"rop_publish_now_history":[],"rop_publish_now_status":"pending","footnotes":""},"categories":[19],"tags":[4034,4933,4932,82,4931,4930],"class_list":["post-17562","post","type-post","status-publish","format-standard","has-post-thumbnail","hentry","category-gerais","tag-4034","tag-conexao","tag-conhecimento","tag-fiemg","tag-imersao-industria","tag-sindjori"],"_links":{"self":[{"href":"https:\/\/diariotribuna.com.br\/index.php?rest_route=\/wp\/v2\/posts\/17562"}],"collection":[{"href":"https:\/\/diariotribuna.com.br\/index.php?rest_route=\/wp\/v2\/posts"}],"about":[{"href":"https:\/\/diariotribuna.com.br\/index.php?rest_route=\/wp\/v2\/types\/post"}],"author":[{"embeddable":true,"href":"https:\/\/diariotribuna.com.br\/index.php?rest_route=\/wp\/v2\/users\/1"}],"replies":[{"embeddable":true,"href":"https:\/\/diariotribuna.com.br\/index.php?rest_route=%2Fwp%2Fv2%2Fcomments&post=17562"}],"version-history":[{"count":1,"href":"https:\/\/diariotribuna.com.br\/index.php?rest_route=\/wp\/v2\/posts\/17562\/revisions"}],"predecessor-version":[{"id":17564,"href":"https:\/\/diariotribuna.com.br\/index.php?rest_route=\/wp\/v2\/posts\/17562\/revisions\/17564"}],"wp:featuredmedia":[{"embeddable":true,"href":"https:\/\/diariotribuna.com.br\/index.php?rest_route=\/wp\/v2\/media\/17563"}],"wp:attachment":[{"href":"https:\/\/diariotribuna.com.br\/index.php?rest_route=%2Fwp%2Fv2%2Fmedia&parent=17562"}],"wp:term":[{"taxonomy":"category","embeddable":true,"href":"https:\/\/diariotribuna.com.br\/index.php?rest_route=%2Fwp%2Fv2%2Fcategories&post=17562"},{"taxonomy":"post_tag","embeddable":true,"href":"https:\/\/diariotribuna.com.br\/index.php?rest_route=%2Fwp%2Fv2%2Ftags&post=17562"}],"curies":[{"name":"wp","href":"https:\/\/api.w.org\/{rel}","templated":true}]}}