{"id":17565,"date":"2022-11-22T00:13:11","date_gmt":"2022-11-22T03:13:11","guid":{"rendered":"https:\/\/diariotribuna.com.br\/?p=17565"},"modified":"2022-11-22T00:54:45","modified_gmt":"2022-11-22T03:54:45","slug":"homem-que-saiu-de-teofilo-otoni-e-detido-com-pedras-preciosas-em-joao-monlevade","status":"publish","type":"post","link":"https:\/\/diariotribuna.com.br\/?p=17565","title":{"rendered":"Homem que saiu de Te\u00f3filo Otoni foi detido com pedras preciosas em Jo\u00e3o Monlevade"},"content":{"rendered":"\n<p><em><strong>O homem disse que saiu de Te\u00f3filo Otoni com destino a Belo Horizonte, onde faria a venda das pedras<\/strong><\/em><\/p>\n\n\n\n<figure class=\"wp-block-image size-full is-resized is-style-default\"><img loading=\"lazy\" decoding=\"async\" src=\"https:\/\/diariotribuna.com.br\/wp-content\/uploads\/2022\/11\/c63b6a19-0447-4e83-8ac1-29290877660f.jpg\" alt=\"\" class=\"wp-image-17566\" width=\"437\" height=\"298\" srcset=\"https:\/\/diariotribuna.com.br\/wp-content\/uploads\/2022\/11\/c63b6a19-0447-4e83-8ac1-29290877660f.jpg 700w, https:\/\/diariotribuna.com.br\/wp-content\/uploads\/2022\/11\/c63b6a19-0447-4e83-8ac1-29290877660f-300x204.jpg 300w, https:\/\/diariotribuna.com.br\/wp-content\/uploads\/2022\/11\/c63b6a19-0447-4e83-8ac1-29290877660f-218x150.jpg 218w, https:\/\/diariotribuna.com.br\/wp-content\/uploads\/2022\/11\/c63b6a19-0447-4e83-8ac1-29290877660f-696x474.jpg 696w, https:\/\/diariotribuna.com.br\/wp-content\/uploads\/2022\/11\/c63b6a19-0447-4e83-8ac1-29290877660f-616x420.jpg 616w\" sizes=\"(max-width: 437px) 100vw, 437px\" \/><\/figure>\n\n\n\n<p>A Pol\u00edcia Militar recebeu den\u00fancia, nesta segunda-feira (21\/11), informando que havia um homem de camisa branca e cavanhaque dentro de um \u00f4nibus da Gontijo, \u00e0s margens da BR-381, em Jo\u00e3o Monlevade, e que ele teria deixado cair uma cartela de produtos aparentando ser comprimidos de \u00eaxtase. Os militares foram ao local onde abordaram o \u00f4nibus e encontraram com o homem denunciado. Ele tem 32 anos e est\u00e1 qualificado na ocorr\u00eancia policial.<\/p>\n\n\n\n<p>Ele foi submetido a busca pessoal, foi feita consulta aos sistemas da Pol\u00edcia Militar, e em sua bolsa foi encontrado um pacote pl\u00e1stico contendo pedras preciosas, que foram devidamente relacionadas em campo pr\u00f3prio da ocorr\u00eancia policial. Perguntado, o homem disse que teria sa\u00eddo de Te\u00f3filo Otoni com destino a Belo Horizonte, onde faria a venda das pedras.<\/p>\n\n\n\n<p>Disse ainda que n\u00e3o possu\u00eda qualquer documenta\u00e7\u00e3o para transporte das pedras, nem nota fiscal ou qualquer guia de autoriza\u00e7\u00e3o para o transporte. Os militares apreenderam o material e conduziram o homem \u00e0 delegacia de plant\u00e3o da Pol\u00edcia Civil em Jo\u00e3o Monlevade para provid\u00eancias cab\u00edveis. A discrimina\u00e7\u00e3o das gemas foi feita considerando descri\u00e7\u00e3o do autor.<\/p>\n\n\n\n<p>Segundo a Pol\u00edcia Militar, a delegada de Pol\u00edcia Civil, declinou quanto ao recebimento da ocorr\u00eancia devido a compet\u00eancia federal do fato, e orientou a condu\u00e7\u00e3o do homem at\u00e9 a delegacia de Pol\u00edcia Federal na cidade de Belo Horizonte. (Informa\u00e7\u00f5es\/Foto: PMMG).<\/p>\n","protected":false},"excerpt":{"rendered":"<p>O homem disse que saiu de Te\u00f3filo Otoni com destino a Belo Horizonte, onde faria a venda das pedras A Pol\u00edcia Militar recebeu den\u00fancia, nesta segunda-feira (21\/11), informando que havia um homem de camisa branca e cavanhaque dentro de um \u00f4nibus da Gontijo, \u00e0s margens da BR-381, em Jo\u00e3o Monlevade, e que ele teria deixado [&hellip;]<\/p>\n","protected":false},"author":1,"featured_media":17566,"comment_status":"open","ping_status":"open","sticky":false,"template":"","format":"standard","meta":{"rop_custom_images_group":[],"rop_custom_messages_group":[],"rop_publish_now":"initial","rop_publish_now_accounts":[],"rop_publish_now_history":[],"rop_publish_now_status":"pending","footnotes":""},"categories":[25,20],"tags":[1275,2255,70,4934,76,649,75],"class_list":["post-17565","post","type-post","status-publish","format-standard","has-post-thumbnail","hentry","category-destaque","category-policia","tag-homem","tag-joao-monlevade","tag-minas-gerais","tag-pedras-preciosas","tag-policia-militar","tag-prisao","tag-teofilo-otoni"],"_links":{"self":[{"href":"https:\/\/diariotribuna.com.br\/index.php?rest_route=\/wp\/v2\/posts\/17565"}],"collection":[{"href":"https:\/\/diariotribuna.com.br\/index.php?rest_route=\/wp\/v2\/posts"}],"about":[{"href":"https:\/\/diariotribuna.com.br\/index.php?rest_route=\/wp\/v2\/types\/post"}],"author":[{"embeddable":true,"href":"https:\/\/diariotribuna.com.br\/index.php?rest_route=\/wp\/v2\/users\/1"}],"replies":[{"embeddable":true,"href":"https:\/\/diariotribuna.com.br\/index.php?rest_route=%2Fwp%2Fv2%2Fcomments&post=17565"}],"version-history":[{"count":4,"href":"https:\/\/diariotribuna.com.br\/index.php?rest_route=\/wp\/v2\/posts\/17565\/revisions"}],"predecessor-version":[{"id":17571,"href":"https:\/\/diariotribuna.com.br\/index.php?rest_route=\/wp\/v2\/posts\/17565\/revisions\/17571"}],"wp:featuredmedia":[{"embeddable":true,"href":"https:\/\/diariotribuna.com.br\/index.php?rest_route=\/wp\/v2\/media\/17566"}],"wp:attachment":[{"href":"https:\/\/diariotribuna.com.br\/index.php?rest_route=%2Fwp%2Fv2%2Fmedia&parent=17565"}],"wp:term":[{"taxonomy":"category","embeddable":true,"href":"https:\/\/diariotribuna.com.br\/index.php?rest_route=%2Fwp%2Fv2%2Fcategories&post=17565"},{"taxonomy":"post_tag","embeddable":true,"href":"https:\/\/diariotribuna.com.br\/index.php?rest_route=%2Fwp%2Fv2%2Ftags&post=17565"}],"curies":[{"name":"wp","href":"https:\/\/api.w.org\/{rel}","templated":true}]}}