{"id":17576,"date":"2022-11-22T12:21:08","date_gmt":"2022-11-22T15:21:08","guid":{"rendered":"https:\/\/diariotribuna.com.br\/?p=17576"},"modified":"2022-11-22T12:21:10","modified_gmt":"2022-11-22T15:21:10","slug":"delegado-jeferson-botelho-pede-exoneracao-da-secretaria-adjunta-da-sejusp-mg","status":"publish","type":"post","link":"https:\/\/diariotribuna.com.br\/?p=17576","title":{"rendered":"Delegado Jeferson Botelho pede exonera\u00e7\u00e3o da secretaria adjunta da SEJUSP\/MG"},"content":{"rendered":"\n<figure class=\"wp-block-image size-full is-resized is-style-default\"><img loading=\"lazy\" decoding=\"async\" src=\"https:\/\/diariotribuna.com.br\/wp-content\/uploads\/2022\/11\/f726b624-7a43-4c5a-83e0-017173aba3f2.jpg\" alt=\"\" class=\"wp-image-17577\" width=\"509\" height=\"345\" srcset=\"https:\/\/diariotribuna.com.br\/wp-content\/uploads\/2022\/11\/f726b624-7a43-4c5a-83e0-017173aba3f2.jpg 700w, https:\/\/diariotribuna.com.br\/wp-content\/uploads\/2022\/11\/f726b624-7a43-4c5a-83e0-017173aba3f2-300x204.jpg 300w, https:\/\/diariotribuna.com.br\/wp-content\/uploads\/2022\/11\/f726b624-7a43-4c5a-83e0-017173aba3f2-696x472.jpg 696w, https:\/\/diariotribuna.com.br\/wp-content\/uploads\/2022\/11\/f726b624-7a43-4c5a-83e0-017173aba3f2-619x420.jpg 619w\" sizes=\"(max-width: 509px) 100vw, 509px\" \/><\/figure>\n\n\n\n<p>O Delegado Geral de Pol\u00edcia Civil, Escritor, Jurista, Professor, Dr. Jeferson Botelho Pereira, pediu exonera\u00e7\u00e3o, nesta ter\u00e7a-feira (22\/11\/2022), do cargo de Secret\u00e1rio de Estado Adjunto de Justi\u00e7a e Seguran\u00e7a P\u00fablica de Minas Gerais (Sejusp-MG), que ocupava desde 03\/02\/2021. Pelo tempo que esteve \u00e0 frente da pasta e desempenhou excelentes servi\u00e7os, Dr. Jeferson disse que \u201ca \u00faltima express\u00e3o \u00e9 de profunda gratid\u00e3o por todo o aprendizado e grandes crescimentos adquiridos sob a lideran\u00e7a do\u00a0not\u00e1vel Secret\u00e1rio, Dr. Rog\u00e9rio Greco&#8221;.<\/p>\n\n\n\n<p>\u201cA todos, minha eterna e sincera considera\u00e7\u00e3o. Da mesma forma como pude vivenciar ao lado do Exmo. Secret\u00e1rio, procurem amar sempre; valorizem o companheirismo e a lealdade; continuem com a \u00e9tica; valorizem a grandeza do servi\u00e7o p\u00fablico, h\u00e1 de prevalecer a supremacia do interesse p\u00fablico, cuidem bem do er\u00e1rio p\u00fablico; sejam porta-vozes da raz\u00e3o; e por fim, sejam a b\u00fassola do seu tempo, fa\u00e7am hist\u00f3ria, lancem luzes \u00e0 inova\u00e7\u00e3o; irradiem luminosidades; amem as pessoas; respeitem o humanismo, pois o mais importante da vida \u00e9 a marca indel\u00e9vel do exemplo e a inexor\u00e1vel for\u00e7a do car\u00e1ter\u201d, disse.<\/p>\n\n\n\n<p><strong>Em um dos trechos do seu pedido de exonera\u00e7\u00e3o, direcionado ao Secret\u00e1rio da Sejusp, Dr. Rog\u00e9rio Greco, Botelho disse:<\/strong><\/p>\n\n\n\n<p>\u201cCom o presente, apraz-me dirigir a Vossa Excel\u00eancia, para solicitar exonera\u00e7\u00e3o do cargo de Secret\u00e1rio de Estado Adjunto de Justi\u00e7a e Seguran\u00e7a P\u00fablica de Minas Gerais, a partir de 23 de novembro de 2022, por motivos de conhecimento de Vossa Excel\u00eancia, oportunidade em que aproveito para lhe agradecer efusivamente pela oportunidade de ter-me proporcionado condi\u00e7\u00f5es de humildemente contribuir para a constru\u00e7\u00e3o e efetiva\u00e7\u00e3o de projetos estrat\u00e9gicos importantes para a Seguran\u00e7a P\u00fablica de Minas Gerais\u201d.<\/p>\n\n\n\n<p><strong>Dr. Jeferson deixou uma mensagem de reflex\u00e3o aos servidores que compuseram a pasta ao seu lado durante um ano e nove meses:<\/strong> \u201cPermita-me, com as devidas v\u00eanias, deixar algumas reflex\u00f5es finais, dirigidas a todos os servidores desta destacada Secretaria de Estado da Justi\u00e7a e Seguran\u00e7a P\u00fablica. Nessa toada, os homens passam; seus exemplos arrastam; deixam reflexos, valores, particularidades, a fortaleza de car\u00e1ter fica impregnada nos umbrais de seus gabinetes, nos quadrantes da Administra\u00e7\u00e3o P\u00fablica\u201d. Belo Horizonte, 22 de novembro de 2022. Jeferson Botelho Pereira. Requerente.<\/p>\n\n\n\n<p><strong>Em entrevista exclusiva \u00e0 nossa reportagem do Di\u00e1rio Tribuna, questionado sobre a motiva\u00e7\u00e3o do pedido de exonera\u00e7\u00e3o, Dr. Jeferson respondeu: \u201cMotivo de foro \u00edntimo e convic\u00e7\u00f5es pr\u00f3prias\u201d.<\/strong><\/p>\n","protected":false},"excerpt":{"rendered":"<p>O Delegado Geral de Pol\u00edcia Civil, Escritor, Jurista, Professor, Dr. Jeferson Botelho Pereira, pediu exonera\u00e7\u00e3o, nesta ter\u00e7a-feira (22\/11\/2022), do cargo de Secret\u00e1rio de Estado Adjunto de Justi\u00e7a e Seguran\u00e7a P\u00fablica de Minas Gerais (Sejusp-MG), que ocupava desde 03\/02\/2021. Pelo tempo que esteve \u00e0 frente da pasta e desempenhou excelentes servi\u00e7os, Dr. Jeferson disse que \u201ca [&hellip;]<\/p>\n","protected":false},"author":1,"featured_media":17577,"comment_status":"open","ping_status":"open","sticky":false,"template":"","format":"standard","meta":{"rop_custom_images_group":[],"rop_custom_messages_group":[],"rop_publish_now":"initial","rop_publish_now_accounts":[],"rop_publish_now_history":[],"rop_publish_now_status":"pending","footnotes":""},"categories":[25,19],"tags":[4935,1749,4936,2628],"class_list":["post-17576","post","type-post","status-publish","format-standard","has-post-thumbnail","hentry","category-destaque","category-gerais","tag-22-11-2022","tag-jeferson-botelho-pereira","tag-pedido-de-exoneracao","tag-sejusp-mg"],"_links":{"self":[{"href":"https:\/\/diariotribuna.com.br\/index.php?rest_route=\/wp\/v2\/posts\/17576"}],"collection":[{"href":"https:\/\/diariotribuna.com.br\/index.php?rest_route=\/wp\/v2\/posts"}],"about":[{"href":"https:\/\/diariotribuna.com.br\/index.php?rest_route=\/wp\/v2\/types\/post"}],"author":[{"embeddable":true,"href":"https:\/\/diariotribuna.com.br\/index.php?rest_route=\/wp\/v2\/users\/1"}],"replies":[{"embeddable":true,"href":"https:\/\/diariotribuna.com.br\/index.php?rest_route=%2Fwp%2Fv2%2Fcomments&post=17576"}],"version-history":[{"count":1,"href":"https:\/\/diariotribuna.com.br\/index.php?rest_route=\/wp\/v2\/posts\/17576\/revisions"}],"predecessor-version":[{"id":17578,"href":"https:\/\/diariotribuna.com.br\/index.php?rest_route=\/wp\/v2\/posts\/17576\/revisions\/17578"}],"wp:featuredmedia":[{"embeddable":true,"href":"https:\/\/diariotribuna.com.br\/index.php?rest_route=\/wp\/v2\/media\/17577"}],"wp:attachment":[{"href":"https:\/\/diariotribuna.com.br\/index.php?rest_route=%2Fwp%2Fv2%2Fmedia&parent=17576"}],"wp:term":[{"taxonomy":"category","embeddable":true,"href":"https:\/\/diariotribuna.com.br\/index.php?rest_route=%2Fwp%2Fv2%2Fcategories&post=17576"},{"taxonomy":"post_tag","embeddable":true,"href":"https:\/\/diariotribuna.com.br\/index.php?rest_route=%2Fwp%2Fv2%2Ftags&post=17576"}],"curies":[{"name":"wp","href":"https:\/\/api.w.org\/{rel}","templated":true}]}}