{"id":17579,"date":"2022-11-22T19:22:31","date_gmt":"2022-11-22T22:22:31","guid":{"rendered":"https:\/\/diariotribuna.com.br\/?p=17579"},"modified":"2022-11-25T17:22:57","modified_gmt":"2022-11-25T20:22:57","slug":"policia-militar-apreende-grande-quantidade-de-drogas-e-armas-de-grosso-calibre-em-itaobim","status":"publish","type":"post","link":"https:\/\/diariotribuna.com.br\/?p=17579","title":{"rendered":"Pol\u00edcia Militar apreende grande quantidade de drogas e armas de grosso calibre em Itaobim"},"content":{"rendered":"\n<p><strong><em>O autor de 33 anos que fugiu no momento da abordagem, foi capturado devido ao monitoramento da tornozeleira eletr\u00f4nica que ele usa<\/em><\/strong><\/p>\n\n\n\n<figure class=\"wp-block-image size-full is-resized is-style-default\"><img loading=\"lazy\" decoding=\"async\" src=\"https:\/\/diariotribuna.com.br\/wp-content\/uploads\/2022\/11\/b9eff8a8-1f53-4072-b8ed-acadb2290bf0.jpg\" alt=\"\" class=\"wp-image-17580\" width=\"487\" height=\"312\" srcset=\"https:\/\/diariotribuna.com.br\/wp-content\/uploads\/2022\/11\/b9eff8a8-1f53-4072-b8ed-acadb2290bf0.jpg 700w, https:\/\/diariotribuna.com.br\/wp-content\/uploads\/2022\/11\/b9eff8a8-1f53-4072-b8ed-acadb2290bf0-300x192.jpg 300w, https:\/\/diariotribuna.com.br\/wp-content\/uploads\/2022\/11\/b9eff8a8-1f53-4072-b8ed-acadb2290bf0-696x445.jpg 696w, https:\/\/diariotribuna.com.br\/wp-content\/uploads\/2022\/11\/b9eff8a8-1f53-4072-b8ed-acadb2290bf0-656x420.jpg 656w\" sizes=\"(max-width: 487px) 100vw, 487px\" \/><\/figure>\n\n\n\n<p>Na noite de segunda-feira (21\/11), a Pol\u00edcia Militar fazia o monitoramento de um local denunciado, onde teria uma fac\u00e7\u00e3o criminosa escondendo armamentos e drogas, pr\u00f3ximo \u00e0 fazenda Cilindro, zona rural da cidade de Itaobim. No local, os militares depararam com G.C.S., de 33 anos, carregando alguns objetos suspeitos numa \u00e1rea de mata, e ap\u00f3s perceber a presen\u00e7a da pol\u00edcia ele fugiu. Os militares fizeram buscas na localidade e encontraram grande quantidade de armas de fogo de grosso calibre, muni\u00e7\u00f5es e drogas<\/p>\n\n\n\n<p><strong>Foram apreendidos:<\/strong> 01 fuzil de assalto AM15 calibre 5.56; 01 espingarda calibre 12, marca CBC; 01 espingarda calibre 12, marca ARMTAC\/ ARMSAM RS-S1; 01 pistola marca Canik com seletor de rajada, calibre 9mm; 01 rev\u00f3lver marca Taurus, calibre .38; 02 coletes bal\u00edsticos completos; 24 muni\u00e7\u00f5es calibre 5.56; 04 muni\u00e7\u00f5es calibre .38 e um estojo; 177 muni\u00e7\u00f5es 9mm; 10 muni\u00e7\u00f5es calibre .45; 10 muni\u00e7\u00f5es calibre .40; 20 muni\u00e7\u00f5es calibre .380; 8,020 kg de pasta base de coca\u00edna; 2kg de coca\u00edna; 3,46 kg de maconha; 02 camisas com a identifica\u00e7\u00e3o da Pol\u00edcia Civil-MG.<\/p>\n\n\n\n<p>Segundo a PM, o autor possui passagens por posse ilegal de arma de fogo, uso e consumo de drogas, e atualmente se encontra cumprindo pris\u00e3o domiciliar e sendo monitorado atrav\u00e9s de tornozeleira eletr\u00f4nica. Foi realizado rastreamento com o objetivo de localizar G.C.S., e ele foi capturado no Bairro S\u00e3o Crist\u00f3v\u00e3o e apresentado \u00e0 autoridade de pol\u00edcia judici\u00e1ria em Pedra Azul para demais provid\u00eancias. Ele foi capturado devido ao monitoramento da tornozeleira eletr\u00f4nica, cerca de 7 Km do local onde foi flagrado pela Pol\u00edcia Militar.<\/p>\n\n\n\n<figure class=\"wp-block-image size-full is-resized is-style-default\"><img loading=\"lazy\" decoding=\"async\" src=\"https:\/\/diariotribuna.com.br\/wp-content\/uploads\/2022\/11\/a78f6a87-31ff-4fda-b256-9c372b011321.jpg\" alt=\"\" class=\"wp-image-17581\" width=\"589\" height=\"306\" srcset=\"https:\/\/diariotribuna.com.br\/wp-content\/uploads\/2022\/11\/a78f6a87-31ff-4fda-b256-9c372b011321.jpg 600w, https:\/\/diariotribuna.com.br\/wp-content\/uploads\/2022\/11\/a78f6a87-31ff-4fda-b256-9c372b011321-300x156.jpg 300w\" sizes=\"(max-width: 589px) 100vw, 589px\" \/><\/figure>\n\n\n\n<p><strong>(Informa\u00e7\u00f5es\/Fotos: assessoria de comunica\u00e7\u00e3o do 70\u00ba BPM, Ara\u00e7ua\u00ed)<\/strong>.<\/p>\n","protected":false},"excerpt":{"rendered":"<p>O autor de 33 anos que fugiu no momento da abordagem, foi capturado devido ao monitoramento da tornozeleira eletr\u00f4nica que ele usa Na noite de segunda-feira (21\/11), a Pol\u00edcia Militar fazia o monitoramento de um local denunciado, onde teria uma fac\u00e7\u00e3o criminosa escondendo armamentos e drogas, pr\u00f3ximo \u00e0 fazenda Cilindro, zona rural da cidade de [&hellip;]<\/p>\n","protected":false},"author":1,"featured_media":17580,"comment_status":"open","ping_status":"open","sticky":false,"template":"","format":"standard","meta":{"rop_custom_images_group":[],"rop_custom_messages_group":[],"rop_publish_now":"initial","rop_publish_now_accounts":[],"rop_publish_now_history":[],"rop_publish_now_status":"pending","footnotes":""},"categories":[20],"tags":[376,207,387,205,76],"class_list":["post-17579","post","type-post","status-publish","format-standard","has-post-thumbnail","hentry","category-policia","tag-armas-de-fogo","tag-drogas","tag-itaobim","tag-municoes","tag-policia-militar"],"_links":{"self":[{"href":"https:\/\/diariotribuna.com.br\/index.php?rest_route=\/wp\/v2\/posts\/17579"}],"collection":[{"href":"https:\/\/diariotribuna.com.br\/index.php?rest_route=\/wp\/v2\/posts"}],"about":[{"href":"https:\/\/diariotribuna.com.br\/index.php?rest_route=\/wp\/v2\/types\/post"}],"author":[{"embeddable":true,"href":"https:\/\/diariotribuna.com.br\/index.php?rest_route=\/wp\/v2\/users\/1"}],"replies":[{"embeddable":true,"href":"https:\/\/diariotribuna.com.br\/index.php?rest_route=%2Fwp%2Fv2%2Fcomments&post=17579"}],"version-history":[{"count":1,"href":"https:\/\/diariotribuna.com.br\/index.php?rest_route=\/wp\/v2\/posts\/17579\/revisions"}],"predecessor-version":[{"id":17582,"href":"https:\/\/diariotribuna.com.br\/index.php?rest_route=\/wp\/v2\/posts\/17579\/revisions\/17582"}],"wp:featuredmedia":[{"embeddable":true,"href":"https:\/\/diariotribuna.com.br\/index.php?rest_route=\/wp\/v2\/media\/17580"}],"wp:attachment":[{"href":"https:\/\/diariotribuna.com.br\/index.php?rest_route=%2Fwp%2Fv2%2Fmedia&parent=17579"}],"wp:term":[{"taxonomy":"category","embeddable":true,"href":"https:\/\/diariotribuna.com.br\/index.php?rest_route=%2Fwp%2Fv2%2Fcategories&post=17579"},{"taxonomy":"post_tag","embeddable":true,"href":"https:\/\/diariotribuna.com.br\/index.php?rest_route=%2Fwp%2Fv2%2Ftags&post=17579"}],"curies":[{"name":"wp","href":"https:\/\/api.w.org\/{rel}","templated":true}]}}