{"id":17588,"date":"2022-11-24T00:11:36","date_gmt":"2022-11-24T03:11:36","guid":{"rendered":"https:\/\/diariotribuna.com.br\/?p=17588"},"modified":"2022-11-24T23:17:45","modified_gmt":"2022-11-25T02:17:45","slug":"justificativa-de-ausencia-ao-1o-turno-deve-ser-feita-ate-1o-de-dezembro","status":"publish","type":"post","link":"https:\/\/diariotribuna.com.br\/?p=17588","title":{"rendered":"Justificativa de aus\u00eancia ao 1\u00ba turno deve ser feita at\u00e9 1\u00ba de dezembro"},"content":{"rendered":"\n<p><strong><em>A justificativa pode ser feita no site do TSE, pelo e-T\u00edtulo ou presencialmente em um cart\u00f3rio eleitoral<\/em><\/strong><\/p>\n\n\n\n<figure class=\"wp-block-image size-full is-resized is-style-default\"><img loading=\"lazy\" decoding=\"async\" src=\"https:\/\/diariotribuna.com.br\/wp-content\/uploads\/2022\/11\/5cebda67-63ae-4937-8754-421a284db504.jpeg\" alt=\"\" class=\"wp-image-17589\" width=\"555\" height=\"267\" srcset=\"https:\/\/diariotribuna.com.br\/wp-content\/uploads\/2022\/11\/5cebda67-63ae-4937-8754-421a284db504.jpeg 540w, https:\/\/diariotribuna.com.br\/wp-content\/uploads\/2022\/11\/5cebda67-63ae-4937-8754-421a284db504-300x144.jpeg 300w\" sizes=\"(max-width: 555px) 100vw, 555px\" \/><\/figure>\n\n\n\n<p>Est\u00e1 terminando o prazo para a justificativa de aus\u00eancia ao 1\u00ba turno das Elei\u00e7\u00f5es 2022. Eleitoras e eleitores com voto obrigat\u00f3rio que n\u00e3o foram \u00e0s urnas no dia 2 de outubro t\u00eam at\u00e9 o dia 1\u00ba de dezembro para justificar o n\u00e3o comparecimento. Em Minas Gerais, 3.628.828 eleitoras e eleitores (22,28% do eleitorado apto) n\u00e3o votaram no 1\u00ba turno. Desse total, 2.798.517 (77,12%) ainda n\u00e3o justificaram a aus\u00eancia.<\/p>\n\n\n\n<p>A justificativa pode ser feita de tr\u00eas formas: pelo sistema Justifica, no site do TSE; no aplicativo e-T\u00edtulo; presencialmente, em um cart\u00f3rio eleitoral. Em Belo Horizonte, o atendimento \u00e9 de segunda a sexta, das 8h \u00e0s 17h. Nos demais munic\u00edpios, o funcionamento dos cart\u00f3rios \u00e9 das 12h \u00e0s 18h. Confira os endere\u00e7os dos cart\u00f3rios eleitorais em Minas Gerais no site: <a href=\"https:\/\/www.tre-mg.jus.br\/eleitor\/zonas-eleitorais\/consulta-enderecos-de-zonas-eleitorais\">https:\/\/www.tre-mg.jus.br\/eleitor\/zonas-eleitorais\/consulta-enderecos-de-zonas-eleitorais<\/a>.<\/p>\n\n\n\n<p><strong>2\u00ba turno &#8211;<\/strong> O prazo para justificativa de aus\u00eancia ao 2\u00ba turno, realizado no dia 30 de outubro, vai at\u00e9 9 de janeiro. Dos 3.410.661 eleitoras e eleitores que n\u00e3o votaram, 2.689.447 (78,85%) ainda n\u00e3o justificaram a aus\u00eancia.<\/p>\n\n\n\n<p><strong>Consequ\u00eancias para a aus\u00eancia de voto e justificativa<\/strong> \u2013 Quem n\u00e3o votar e n\u00e3o justificar a aus\u00eancia no prazo definido pela legisla\u00e7\u00e3o estar\u00e1 sujeito ao pagamento de multa e ficar\u00e1 sem quita\u00e7\u00e3o eleitoral enquanto n\u00e3o regularizar essa pend\u00eancia. A falta de quita\u00e7\u00e3o com a Justi\u00e7a Eleitoral pode ocasionar diversos impedimentos para atos da vida civil, previstos no art. 7\u00ba do C\u00f3digo Eleitoral. Entre eles, a obten\u00e7\u00e3o de passaporte ou carteira de identidade, fazer inscri\u00e7\u00e3o em concurso p\u00fablico, tomar posse em cargo p\u00fablico, receber remunera\u00e7\u00e3o de fun\u00e7\u00e3o ou emprego p\u00fablico, fazer matr\u00edcula em institui\u00e7\u00e3o oficial de ensino.<\/p>\n\n\n\n<p>O voto \u00e9 obrigat\u00f3rio para eleitoras e eleitores entre 18 e 69 anos, que n\u00e3o sejam analfabetos. O voto \u00e9 facultativo para jovens de 16 e 17 anos, pessoas a partir dos 70 anos e pessoas analfabetas. Para esse grupo, a aus\u00eancia \u00e0s urnas n\u00e3o gera consequ\u00eancias junto \u00e0 Justi\u00e7a Eleitoral e n\u00e3o \u00e9 necess\u00e1rio apresentar justificativa. D\u00favidas podem ser esclarecidas pelo Disque-Eleitor: telefones 148 ou (31) 2116-3600. O servi\u00e7o funciona de segunda a sexta, das 7h \u00e0s 19h. (TRE\/MG).<\/p>\n","protected":false},"excerpt":{"rendered":"<p>A justificativa pode ser feita no site do TSE, pelo e-T\u00edtulo ou presencialmente em um cart\u00f3rio eleitoral Est\u00e1 terminando o prazo para a justificativa de aus\u00eancia ao 1\u00ba turno das Elei\u00e7\u00f5es 2022. Eleitoras e eleitores com voto obrigat\u00f3rio que n\u00e3o foram \u00e0s urnas no dia 2 de outubro t\u00eam at\u00e9 o dia 1\u00ba de dezembro [&hellip;]<\/p>\n","protected":false},"author":1,"featured_media":17589,"comment_status":"open","ping_status":"open","sticky":false,"template":"","format":"standard","meta":{"rop_custom_images_group":[],"rop_custom_messages_group":[],"rop_publish_now":"initial","rop_publish_now_accounts":[],"rop_publish_now_history":[],"rop_publish_now_status":"pending","footnotes":""},"categories":[21],"tags":[4938,4170,2208,1528],"class_list":["post-17588","post","type-post","status-publish","format-standard","has-post-thumbnail","hentry","category-politica","tag-ausencia-1o-turno","tag-eleicoes-2022","tag-justificativa","tag-tre-mg"],"_links":{"self":[{"href":"https:\/\/diariotribuna.com.br\/index.php?rest_route=\/wp\/v2\/posts\/17588"}],"collection":[{"href":"https:\/\/diariotribuna.com.br\/index.php?rest_route=\/wp\/v2\/posts"}],"about":[{"href":"https:\/\/diariotribuna.com.br\/index.php?rest_route=\/wp\/v2\/types\/post"}],"author":[{"embeddable":true,"href":"https:\/\/diariotribuna.com.br\/index.php?rest_route=\/wp\/v2\/users\/1"}],"replies":[{"embeddable":true,"href":"https:\/\/diariotribuna.com.br\/index.php?rest_route=%2Fwp%2Fv2%2Fcomments&post=17588"}],"version-history":[{"count":1,"href":"https:\/\/diariotribuna.com.br\/index.php?rest_route=\/wp\/v2\/posts\/17588\/revisions"}],"predecessor-version":[{"id":17590,"href":"https:\/\/diariotribuna.com.br\/index.php?rest_route=\/wp\/v2\/posts\/17588\/revisions\/17590"}],"wp:featuredmedia":[{"embeddable":true,"href":"https:\/\/diariotribuna.com.br\/index.php?rest_route=\/wp\/v2\/media\/17589"}],"wp:attachment":[{"href":"https:\/\/diariotribuna.com.br\/index.php?rest_route=%2Fwp%2Fv2%2Fmedia&parent=17588"}],"wp:term":[{"taxonomy":"category","embeddable":true,"href":"https:\/\/diariotribuna.com.br\/index.php?rest_route=%2Fwp%2Fv2%2Fcategories&post=17588"},{"taxonomy":"post_tag","embeddable":true,"href":"https:\/\/diariotribuna.com.br\/index.php?rest_route=%2Fwp%2Fv2%2Ftags&post=17588"}],"curies":[{"name":"wp","href":"https:\/\/api.w.org\/{rel}","templated":true}]}}