{"id":17601,"date":"2022-11-25T09:40:10","date_gmt":"2022-11-25T12:40:10","guid":{"rendered":"https:\/\/diariotribuna.com.br\/?p=17601"},"modified":"2022-11-28T14:50:38","modified_gmt":"2022-11-28T17:50:38","slug":"diario-tribuna-25-de-novembro-2022-teofilo-otoni-mg","status":"publish","type":"post","link":"https:\/\/diariotribuna.com.br\/?p=17601","title":{"rendered":"Di\u00e1rio Tribuna, 25 de Novembro 2022, Te\u00f3filo Otoni &#8211; MG"},"content":{"rendered":"\n<figure class=\"wp-block-image size-full is-resized is-style-default\"><img loading=\"lazy\" decoding=\"async\" src=\"https:\/\/diariotribuna.com.br\/wp-content\/uploads\/2022\/11\/607c417c-6b0b-450f-a269-efa8c2480792.jpg\" alt=\"\" class=\"wp-image-17603\" width=\"380\" height=\"541\" srcset=\"https:\/\/diariotribuna.com.br\/wp-content\/uploads\/2022\/11\/607c417c-6b0b-450f-a269-efa8c2480792.jpg 698w, https:\/\/diariotribuna.com.br\/wp-content\/uploads\/2022\/11\/607c417c-6b0b-450f-a269-efa8c2480792-211x300.jpg 211w, https:\/\/diariotribuna.com.br\/wp-content\/uploads\/2022\/11\/607c417c-6b0b-450f-a269-efa8c2480792-696x991.jpg 696w, https:\/\/diariotribuna.com.br\/wp-content\/uploads\/2022\/11\/607c417c-6b0b-450f-a269-efa8c2480792-295x420.jpg 295w\" sizes=\"(max-width: 380px) 100vw, 380px\" \/><\/figure>\n\n\n\n<h2 class=\"wp-block-heading\"><strong><strong><mark style=\"background-color:rgba(0, 0, 0, 0)\" class=\"has-inline-color has-vivid-red-color\">Acesse o link abaixo e veja a edi\u00e7\u00e3o completa do Di\u00e1rio Tribuna desta sexta-feira (25\/11\/2022)<\/mark><\/strong><\/strong><\/h2>\n\n\n\n<h2 class=\"wp-block-heading\"><a href=\"https:\/\/diariotribuna.com.br\/wp-content\/uploads\/2022\/11\/DIARIO-TRIBUNA-53-ANOS-25-NOVEMBRO-2022.pdf\"><strong><mark style=\"background-color:rgba(0, 0, 0, 0)\" class=\"has-inline-color has-vivid-red-color\">https:\/\/diariotribuna.com.br\/wp-content\/uploads\/2022\/11\/DIARIO-TRIBUNA-53-ANOS-25-NOVEMBRO-2022.pdf<\/mark><\/strong><\/a><\/h2>\n","protected":false},"excerpt":{"rendered":"<p>Acesse o link abaixo e veja a edi\u00e7\u00e3o completa do Di\u00e1rio Tribuna desta sexta-feira (25\/11\/2022) https:\/\/diariotribuna.com.br\/wp-content\/uploads\/2022\/11\/DIARIO-TRIBUNA-53-ANOS-25-NOVEMBRO-2022.pdf<\/p>\n","protected":false},"author":1,"featured_media":17603,"comment_status":"open","ping_status":"open","sticky":false,"template":"","format":"standard","meta":{"rop_custom_images_group":[],"rop_custom_messages_group":[],"rop_publish_now":"initial","rop_publish_now_accounts":[],"rop_publish_now_history":[],"rop_publish_now_status":"pending","footnotes":""},"categories":[17,23],"tags":[4942,42,1010,75,867],"class_list":["post-17601","post","type-post","status-publish","format-standard","has-post-thumbnail","hentry","category-teofilootoni","category-ultimaedicao","tag-25-11-2022","tag-diario-tribuna","tag-nordeste-mineiro","tag-teofilo-otoni","tag-vale-do-mucuri"],"_links":{"self":[{"href":"https:\/\/diariotribuna.com.br\/index.php?rest_route=\/wp\/v2\/posts\/17601"}],"collection":[{"href":"https:\/\/diariotribuna.com.br\/index.php?rest_route=\/wp\/v2\/posts"}],"about":[{"href":"https:\/\/diariotribuna.com.br\/index.php?rest_route=\/wp\/v2\/types\/post"}],"author":[{"embeddable":true,"href":"https:\/\/diariotribuna.com.br\/index.php?rest_route=\/wp\/v2\/users\/1"}],"replies":[{"embeddable":true,"href":"https:\/\/diariotribuna.com.br\/index.php?rest_route=%2Fwp%2Fv2%2Fcomments&post=17601"}],"version-history":[{"count":1,"href":"https:\/\/diariotribuna.com.br\/index.php?rest_route=\/wp\/v2\/posts\/17601\/revisions"}],"predecessor-version":[{"id":17604,"href":"https:\/\/diariotribuna.com.br\/index.php?rest_route=\/wp\/v2\/posts\/17601\/revisions\/17604"}],"wp:featuredmedia":[{"embeddable":true,"href":"https:\/\/diariotribuna.com.br\/index.php?rest_route=\/wp\/v2\/media\/17603"}],"wp:attachment":[{"href":"https:\/\/diariotribuna.com.br\/index.php?rest_route=%2Fwp%2Fv2%2Fmedia&parent=17601"}],"wp:term":[{"taxonomy":"category","embeddable":true,"href":"https:\/\/diariotribuna.com.br\/index.php?rest_route=%2Fwp%2Fv2%2Fcategories&post=17601"},{"taxonomy":"post_tag","embeddable":true,"href":"https:\/\/diariotribuna.com.br\/index.php?rest_route=%2Fwp%2Fv2%2Ftags&post=17601"}],"curies":[{"name":"wp","href":"https:\/\/api.w.org\/{rel}","templated":true}]}}