{"id":17620,"date":"2022-11-25T17:22:17","date_gmt":"2022-11-25T20:22:17","guid":{"rendered":"https:\/\/diariotribuna.com.br\/?p=17620"},"modified":"2022-11-25T17:22:19","modified_gmt":"2022-11-25T20:22:19","slug":"casal-conectado-parte-1-ele-gari-ela-policial-militar-o-inicio-dessa-historia","status":"publish","type":"post","link":"https:\/\/diariotribuna.com.br\/?p=17620","title":{"rendered":"Casal conectado \u2013 parte 1: Ele, gari. Ela, policial militar. O in\u00edcio dessa hist\u00f3ria"},"content":{"rendered":"\n<figure class=\"wp-block-image size-full is-resized is-style-default\"><img loading=\"lazy\" decoding=\"async\" src=\"https:\/\/diariotribuna.com.br\/wp-content\/uploads\/2022\/11\/Juliana-2.jpg\" alt=\"\" class=\"wp-image-17621\" width=\"333\" height=\"349\" srcset=\"https:\/\/diariotribuna.com.br\/wp-content\/uploads\/2022\/11\/Juliana-2.jpg 650w, https:\/\/diariotribuna.com.br\/wp-content\/uploads\/2022\/11\/Juliana-2-286x300.jpg 286w, https:\/\/diariotribuna.com.br\/wp-content\/uploads\/2022\/11\/Juliana-2-401x420.jpg 401w\" sizes=\"(max-width: 333px) 100vw, 333px\" \/><figcaption><strong><strong>Juliana Lemes da Cruz.<\/strong><\/strong><br><strong><strong>Doutoranda em Pol\u00edtica Social \u2013 UFF.<\/strong><\/strong><br><strong><strong>Pesquisadora GEPAF\/UFVJM.<\/strong><\/strong><br><strong><strong>Coordenadora do Projeto MLV.<\/strong><\/strong><br><strong><strong>Contato: <\/strong><a href=\"mailto:julianalemes@id.uff.br\"><strong>julianalemes@id.uff.br<\/strong><\/a><\/strong><\/figcaption><\/figure>\n\n\n\n<p>Certas hist\u00f3rias t\u00eam o poder de provocar reflex\u00f5es profundas sobre as escolhas que fazemos na vida. Um dos principais desafios da atualidade diz respeito \u00e0 capacidade individual e\/ou coletiva de atribuir \u201csentido\u201d frente \u00e0s escolhas que se faz. \u00c9 comum que a press\u00e3o social influencie o nascimento, manuten\u00e7\u00e3o ou t\u00e9rmino de relacionamentos afetivos. Espera-se, em maior ou menor grau, que as pessoas ajam de modo a oferecer as respostas aceit\u00e1veis socialmente, mesmo que seja uma decis\u00e3o pela busca de relacionamentos sem conex\u00e3o entre os envolvidos. Assumir um relacionamento afetivo dispensando a \u201cpermiss\u00e3o social\u201d \u2013 que define as \u201ctampas para as panelas\u201d \u2013 tornou-se um ato de coragem.<\/p>\n\n\n\n<figure class=\"wp-block-gallery has-nested-images columns-default is-cropped wp-block-gallery-1 is-layout-flex wp-block-gallery-is-layout-flex\">\n<figure class=\"wp-block-image size-large is-style-default\"><img loading=\"lazy\" decoding=\"async\" width=\"600\" height=\"561\" data-id=\"17625\" src=\"https:\/\/diariotribuna.com.br\/wp-content\/uploads\/2022\/11\/unnamed-1.jpg\" alt=\"\" class=\"wp-image-17625\" srcset=\"https:\/\/diariotribuna.com.br\/wp-content\/uploads\/2022\/11\/unnamed-1.jpg 600w, https:\/\/diariotribuna.com.br\/wp-content\/uploads\/2022\/11\/unnamed-1-300x281.jpg 300w, https:\/\/diariotribuna.com.br\/wp-content\/uploads\/2022\/11\/unnamed-1-449x420.jpg 449w\" sizes=\"(max-width: 600px) 100vw, 600px\" \/><\/figure>\n\n\n\n<figure class=\"wp-block-image size-large is-style-default\"><img loading=\"lazy\" decoding=\"async\" width=\"600\" height=\"632\" data-id=\"17624\" src=\"https:\/\/diariotribuna.com.br\/wp-content\/uploads\/2022\/11\/unnamed-2-2.jpg\" alt=\"\" class=\"wp-image-17624\" srcset=\"https:\/\/diariotribuna.com.br\/wp-content\/uploads\/2022\/11\/unnamed-2-2.jpg 600w, https:\/\/diariotribuna.com.br\/wp-content\/uploads\/2022\/11\/unnamed-2-2-285x300.jpg 285w, https:\/\/diariotribuna.com.br\/wp-content\/uploads\/2022\/11\/unnamed-2-2-399x420.jpg 399w\" sizes=\"(max-width: 600px) 100vw, 600px\" \/><\/figure>\n<\/figure>\n\n\n\n<p>A hist\u00f3ria de Tales Alves e Joseli Lima mostra, aos mais atentos, um conjunto de elementos que evidenciam, sobretudo, a quebra de paradigmas. A come\u00e7ar pelo aspecto que, aparentemente, os afastaria da possibilidade de contato mais estreito: suas profiss\u00f5es. Tales, que trabalha como gari na capital mineira, destaca o qu\u00e3o a categoria \u00e9 vista como desimportante. Por outro lado, Joseli trabalha como policial militar, institui\u00e7\u00e3o historicamente reconhecida por sua relev\u00e2ncia social, al\u00e9m de representar um dos s\u00edmbolos de poder do Estado, sob gest\u00e3o dos governos eleitos. As diferen\u00e7as salariais, bem como, da notoriedade entre ambas categorias, tamb\u00e9m s\u00e3o elementos a se destacar. Em conjunto com outros, conferem o n\u00edvel de status da profiss\u00e3o e as associa\u00e7\u00f5es imediatas feitas a respeito do perfil dos trabalhadores que se candidatam \u00e0quelas fun\u00e7\u00f5es. O que reflete uma das principais caracter\u00edsticas do pa\u00eds: a desigualdade. Seja ela no campo social, econ\u00f4mico, cultural, pol\u00edtico ou quaisquer outras. Fator que afeta diretamente a rela\u00e7\u00e3o estabelecida entre as pessoas.<\/p>\n\n\n\n<p>Apesar disso, bastou uma atividade em comum para que os caminhos do gari e da policial militar se cruzassem. As barreiras sociais n\u00e3o foram capazes de evitar que Tales e Joseli rompessem suas respectivas \u201cbolhas\u201d relacionais, onde, em regra, de forma simb\u00f3lica ou expl\u00edcita, s\u00e3o estabelecidas condi\u00e7\u00f5es para os relacionamentos. Trata-se do apontamento externo da companhia ideal para cada tipo de perfil. E por esse olhar, definitivamente, a uni\u00e3o de um gari com uma policial militar foge ao \u201cpadr\u00e3o\u201d e n\u00e3o est\u00e1 livre dos julgamentos carregados de preconceito.<\/p>\n\n\n\n<p>O casal se conheceu na academia. \u201cOlhei pra ele e falei: Nossa, que homem bonito! Mas, a\u00ed eu pensei: Nossa, deve ser metido para danar. Ele \u00e9 grand\u00e3o, todo malhado, todo bonit\u00e3o. Pensei: hum, deve se achar\u201d, afirmou Joseli. Com tr\u00eas dias de observa\u00e7\u00e3o, ela notou que ele conversava com todo mundo do espa\u00e7o. Ficou impressionada com sua simplicidade e simpatia. No dia em que se conheceram ele j\u00e1 disse que corria 15 quil\u00f4metros por dia e que treina desde os quinze anos de idade. Logo, Josy, como \u00e9 apelidada, imaginou que ele corresse na Orla da Pampulha. Tales explicou: \u201cN\u00e3o, eu corro todo dia 15km porque eu sou gari, ent\u00e3o tenho que correr bastante\u201d. Surpresa imaginou: \u201cGente, o boy \u00e9 gari!\u201d. Pouco depois, papo vai, papo vem, descobriram-se bastante parecidos. O per\u00edodo que iniciaram o relacionamento foi o per\u00edodo em que ele estava come\u00e7ando a aparecer na m\u00eddia.<\/p>\n\n\n\n<p>A visibilidade adquirida por Tales na condi\u00e7\u00e3o de trabalhador da limpeza urbana de Belo Horizonte representou o in\u00edcio da quebra dos paradigmas sobre as associa\u00e7\u00f5es imediatas que se faz de um gari, de uma policial e da uni\u00e3o de ambos pela via dos sentimentos e n\u00e3o do status funcional que caracteriza suas categorias de trabalho. Tales ostenta cerca de 3 milh\u00f5es de seguidores em suas redes.<\/p>\n\n\n\n<p>Ele, que n\u00e3o tinha conta em redes sociais, foi incentivado por sua filha adolescente a criar e postar v\u00eddeos mostrando como desempenhava seu trabalho. Os registros viralizaram, dando visibilidade tanto \u00e0 sua imagem pessoal, quanto \u00e0 categoria dos garis. Reconhecido pelas ruas, Tales saiu do anonimato para dar espa\u00e7o \u00e0 figura do Gari Gato. As demonstra\u00e7\u00f5es de afeto dos admiradores do gari refletiam seu carisma, leveza, simplicidade e satisfa\u00e7\u00e3o ao desempenhar seu trabalho. Atividade que sempre foi, para ele, motivo de orgulho.<\/p>\n\n\n\n<p>Descoberto, Tales foi alvo de manchetes de jornais e convidado a participar de programas de TV em n\u00edvel nacional, a exemplo de sua participa\u00e7\u00e3o no Programa Ana Maria Braga e no Profiss\u00e3o Rep\u00f3rter, al\u00e9m de outros convites, como para participar do concurso Mister BH 2020. Nos \u00faltimos dois anos a produ\u00e7\u00e3o de conte\u00fado foi aprimorada. Com o apoio da companheira, o Gari Gato ganhou espa\u00e7o nas redes de seguidores de todas as regi\u00f5es do Brasil.<\/p>\n\n\n\n<p>De forma t\u00edmida, Josy foi se aproximando do universo virtual integrando as postagens do Gari Gato. Uma parte das seguidoras chegou a acenar sobre a validade do relacionamento declarado. Noutro sentido, o casal recebeu muito carinho, respeito e votos para que continuem juntos, ensinando mais sobre o quanto ainda importa a capacidade de enxergar e valorizar a ess\u00eancia do ser humano antes de qualquer outro atributo que a pessoa possa \u201cter\u201d vinculado ao seu \u201cser\u201d.<\/p>\n\n\n\n<p>Tales e Josy vivem juntos em BH, dividem as experi\u00eancias com os filhos, frutos de outros relacionamentos. Tales cresceu em uma regi\u00e3o perif\u00e9rica da capital e Josy, no munic\u00edpio de Pot\u00e9, Vale do Mucuri, interior do Estado de Minas. Ela tem origem familiar ind\u00edgena. Tales tem gostos muito similares aos de Josy, dentre os quais, a malha\u00e7\u00e3o. Ambos ostentam corpos f\u00edsicos invej\u00e1veis. Tales adentrou outros espa\u00e7os e tem se permitido pensar novos voos, uma vez que permanecer como gari parece ter se tornado tarefa improv\u00e1vel em raz\u00e3o de uma cirurgia a que foi submetido h\u00e1 alguns meses. Houve rompimento de estrutura muscular da regi\u00e3o do ombro, o que inviabilizar\u00e1 os movimentos demandados pela atividade. As propostas foram se avolumando e o casal tem discutido com a equipe que os auxilia sobre convites de trabalho ao Gari Gato at\u00e9 no exterior. Por serem muitas as tem\u00e1ticas, nas pr\u00f3ximas edi\u00e7\u00f5es retomarei o assunto, abordando sobre o \u201cCasal conectado \u2013 Ele, gari. Ela, policial\u201d.<\/p>\n\n\n\n<figure class=\"wp-block-image size-full is-resized is-style-default\"><img loading=\"lazy\" decoding=\"async\" src=\"https:\/\/diariotribuna.com.br\/wp-content\/uploads\/2022\/11\/unnamed-1-1.jpg\" alt=\"\" class=\"wp-image-17626\" width=\"474\" height=\"443\" srcset=\"https:\/\/diariotribuna.com.br\/wp-content\/uploads\/2022\/11\/unnamed-1-1.jpg 600w, https:\/\/diariotribuna.com.br\/wp-content\/uploads\/2022\/11\/unnamed-1-1-300x281.jpg 300w, https:\/\/diariotribuna.com.br\/wp-content\/uploads\/2022\/11\/unnamed-1-1-449x420.jpg 449w\" sizes=\"(max-width: 474px) 100vw, 474px\" \/><\/figure>\n","protected":false},"excerpt":{"rendered":"<p>Certas hist\u00f3rias t\u00eam o poder de provocar reflex\u00f5es profundas sobre as escolhas que fazemos na vida. Um dos principais desafios da atualidade diz respeito \u00e0 capacidade individual e\/ou coletiva de atribuir \u201csentido\u201d frente \u00e0s escolhas que se faz. \u00c9 comum que a press\u00e3o social influencie o nascimento, manuten\u00e7\u00e3o ou t\u00e9rmino de relacionamentos afetivos. Espera-se, em [&hellip;]<\/p>\n","protected":false},"author":1,"featured_media":17621,"comment_status":"open","ping_status":"open","sticky":false,"template":"","format":"standard","meta":{"rop_custom_images_group":[],"rop_custom_messages_group":[],"rop_publish_now":"initial","rop_publish_now_accounts":[],"rop_publish_now_history":[],"rop_publish_now_status":"pending","footnotes":""},"categories":[25,24],"tags":[4944,4945,1194,835],"class_list":["post-17620","post","type-post","status-publish","format-standard","has-post-thumbnail","hentry","category-destaque","category-opiniao","tag-casal-conectado","tag-gari","tag-juliana-lemes","tag-policial-militar"],"_links":{"self":[{"href":"https:\/\/diariotribuna.com.br\/index.php?rest_route=\/wp\/v2\/posts\/17620"}],"collection":[{"href":"https:\/\/diariotribuna.com.br\/index.php?rest_route=\/wp\/v2\/posts"}],"about":[{"href":"https:\/\/diariotribuna.com.br\/index.php?rest_route=\/wp\/v2\/types\/post"}],"author":[{"embeddable":true,"href":"https:\/\/diariotribuna.com.br\/index.php?rest_route=\/wp\/v2\/users\/1"}],"replies":[{"embeddable":true,"href":"https:\/\/diariotribuna.com.br\/index.php?rest_route=%2Fwp%2Fv2%2Fcomments&post=17620"}],"version-history":[{"count":1,"href":"https:\/\/diariotribuna.com.br\/index.php?rest_route=\/wp\/v2\/posts\/17620\/revisions"}],"predecessor-version":[{"id":17627,"href":"https:\/\/diariotribuna.com.br\/index.php?rest_route=\/wp\/v2\/posts\/17620\/revisions\/17627"}],"wp:featuredmedia":[{"embeddable":true,"href":"https:\/\/diariotribuna.com.br\/index.php?rest_route=\/wp\/v2\/media\/17621"}],"wp:attachment":[{"href":"https:\/\/diariotribuna.com.br\/index.php?rest_route=%2Fwp%2Fv2%2Fmedia&parent=17620"}],"wp:term":[{"taxonomy":"category","embeddable":true,"href":"https:\/\/diariotribuna.com.br\/index.php?rest_route=%2Fwp%2Fv2%2Fcategories&post=17620"},{"taxonomy":"post_tag","embeddable":true,"href":"https:\/\/diariotribuna.com.br\/index.php?rest_route=%2Fwp%2Fv2%2Ftags&post=17620"}],"curies":[{"name":"wp","href":"https:\/\/api.w.org\/{rel}","templated":true}]}}