{"id":17628,"date":"2022-11-25T21:10:13","date_gmt":"2022-11-26T00:10:13","guid":{"rendered":"https:\/\/diariotribuna.com.br\/?p=17628"},"modified":"2022-11-25T21:10:15","modified_gmt":"2022-11-26T00:10:15","slug":"foragido-da-justica-e-preso-ao-tentar-tirar-nova-via-da-carteira-de-identidade","status":"publish","type":"post","link":"https:\/\/diariotribuna.com.br\/?p=17628","title":{"rendered":"Foragido da justi\u00e7a \u00e9 preso ao tentar tirar nova via da carteira de identidade"},"content":{"rendered":"\n<figure class=\"wp-block-image size-full is-resized is-style-default\"><img loading=\"lazy\" decoding=\"async\" src=\"https:\/\/diariotribuna.com.br\/wp-content\/uploads\/2022\/11\/unnamed-file.jpeg\" alt=\"\" class=\"wp-image-17629\" width=\"518\" height=\"355\" srcset=\"https:\/\/diariotribuna.com.br\/wp-content\/uploads\/2022\/11\/unnamed-file.jpeg 700w, https:\/\/diariotribuna.com.br\/wp-content\/uploads\/2022\/11\/unnamed-file-300x206.jpeg 300w, https:\/\/diariotribuna.com.br\/wp-content\/uploads\/2022\/11\/unnamed-file-100x70.jpeg 100w, https:\/\/diariotribuna.com.br\/wp-content\/uploads\/2022\/11\/unnamed-file-218x150.jpeg 218w, https:\/\/diariotribuna.com.br\/wp-content\/uploads\/2022\/11\/unnamed-file-696x477.jpeg 696w, https:\/\/diariotribuna.com.br\/wp-content\/uploads\/2022\/11\/unnamed-file-613x420.jpeg 613w\" sizes=\"(max-width: 518px) 100vw, 518px\" \/><\/figure>\n\n\n\n<p><strong>Almenara &#8211;<\/strong> A Pol\u00edcia Civil de Minas Gerais cumpriu mandado de pris\u00e3o contra um homem, de 49 anos, em Almenara, no Vale do Jequitinhonha, por tentativa de homic\u00eddio. A ordem foi expedida pela Justi\u00e7a h\u00e1 tr\u00eas anos, sendo o indiv\u00edduo detido na quarta-feira (23\/11), quando compareceu \u00e0 delegacia para tirar nova via da carteira de identidade. Em consulta a dados no sistema, a investigadora de pol\u00edcia que atendeu o suspeito na delegacia constatou a exist\u00eancia do mandado de pris\u00e3o.<\/p>\n\n\n\n<p>O homem foi investigado e indiciado pela PCMG, em 2014, pelo crime de homic\u00eddio qualificado por motivo f\u00fatil, na modalidade tentada. Em 2019, o Poder Judici\u00e1rio decretou a pris\u00e3o do investigado, que permanecia foragido at\u00e9 ent\u00e3o. Ap\u00f3s a formaliza\u00e7\u00e3o do procedimento, com a devida comunica\u00e7\u00e3o \u00e0 Justi\u00e7a, o homem foi encaminhado ao sistema prisional. (Informa\u00e7\u00f5es\/Foto: assessoria de comunica\u00e7\u00e3o da PCMG).<\/p>\n","protected":false},"excerpt":{"rendered":"<p>Almenara &#8211; A Pol\u00edcia Civil de Minas Gerais cumpriu mandado de pris\u00e3o contra um homem, de 49 anos, em Almenara, no Vale do Jequitinhonha, por tentativa de homic\u00eddio. A ordem foi expedida pela Justi\u00e7a h\u00e1 tr\u00eas anos, sendo o indiv\u00edduo detido na quarta-feira (23\/11), quando compareceu \u00e0 delegacia para tirar nova via da carteira de [&hellip;]<\/p>\n","protected":false},"author":1,"featured_media":17629,"comment_status":"open","ping_status":"open","sticky":false,"template":"","format":"standard","meta":{"rop_custom_images_group":[],"rop_custom_messages_group":[],"rop_publish_now":"initial","rop_publish_now_accounts":[],"rop_publish_now_history":[],"rop_publish_now_status":"pending","footnotes":""},"categories":[25,20],"tags":[110,989,70,292,649],"class_list":["post-17628","post","type-post","status-publish","format-standard","has-post-thumbnail","hentry","category-destaque","category-policia","tag-almenara","tag-foragido-da-justica","tag-minas-gerais","tag-policia-civil","tag-prisao"],"_links":{"self":[{"href":"https:\/\/diariotribuna.com.br\/index.php?rest_route=\/wp\/v2\/posts\/17628"}],"collection":[{"href":"https:\/\/diariotribuna.com.br\/index.php?rest_route=\/wp\/v2\/posts"}],"about":[{"href":"https:\/\/diariotribuna.com.br\/index.php?rest_route=\/wp\/v2\/types\/post"}],"author":[{"embeddable":true,"href":"https:\/\/diariotribuna.com.br\/index.php?rest_route=\/wp\/v2\/users\/1"}],"replies":[{"embeddable":true,"href":"https:\/\/diariotribuna.com.br\/index.php?rest_route=%2Fwp%2Fv2%2Fcomments&post=17628"}],"version-history":[{"count":1,"href":"https:\/\/diariotribuna.com.br\/index.php?rest_route=\/wp\/v2\/posts\/17628\/revisions"}],"predecessor-version":[{"id":17630,"href":"https:\/\/diariotribuna.com.br\/index.php?rest_route=\/wp\/v2\/posts\/17628\/revisions\/17630"}],"wp:featuredmedia":[{"embeddable":true,"href":"https:\/\/diariotribuna.com.br\/index.php?rest_route=\/wp\/v2\/media\/17629"}],"wp:attachment":[{"href":"https:\/\/diariotribuna.com.br\/index.php?rest_route=%2Fwp%2Fv2%2Fmedia&parent=17628"}],"wp:term":[{"taxonomy":"category","embeddable":true,"href":"https:\/\/diariotribuna.com.br\/index.php?rest_route=%2Fwp%2Fv2%2Fcategories&post=17628"},{"taxonomy":"post_tag","embeddable":true,"href":"https:\/\/diariotribuna.com.br\/index.php?rest_route=%2Fwp%2Fv2%2Ftags&post=17628"}],"curies":[{"name":"wp","href":"https:\/\/api.w.org\/{rel}","templated":true}]}}