{"id":17644,"date":"2022-11-26T23:28:18","date_gmt":"2022-11-27T02:28:18","guid":{"rendered":"https:\/\/diariotribuna.com.br\/?p=17644"},"modified":"2022-11-28T22:56:11","modified_gmt":"2022-11-29T01:56:11","slug":"prefeitura-cria-plano-operacional-de-enfrentamento-aos-incidentes-causados-pela-chuva-em-teofilo-otoni","status":"publish","type":"post","link":"https:\/\/diariotribuna.com.br\/?p=17644","title":{"rendered":"Prefeitura cria plano operacional de enfrentamento aos incidentes causados pela chuva em Te\u00f3filo Otoni"},"content":{"rendered":"\n<figure class=\"wp-block-image size-full is-resized is-style-default\"><img loading=\"lazy\" decoding=\"async\" src=\"https:\/\/diariotribuna.com.br\/wp-content\/uploads\/2022\/11\/2-7.jpg\" alt=\"\" class=\"wp-image-17645\" width=\"582\" height=\"366\" srcset=\"https:\/\/diariotribuna.com.br\/wp-content\/uploads\/2022\/11\/2-7.jpg 700w, https:\/\/diariotribuna.com.br\/wp-content\/uploads\/2022\/11\/2-7-300x189.jpg 300w, https:\/\/diariotribuna.com.br\/wp-content\/uploads\/2022\/11\/2-7-696x438.jpg 696w, https:\/\/diariotribuna.com.br\/wp-content\/uploads\/2022\/11\/2-7-667x420.jpg 667w\" sizes=\"(max-width: 582px) 100vw, 582px\" \/><\/figure>\n\n\n\n<p>O governo municipal se reuniu na sexta-feira (25\/11), para elaborar um plano operacional de enfrentamento aos incidentes causados pelas fortes chuvas que ca\u00edram em Te\u00f3filo Otoni nos \u00faltimos dias, junto com parlamentares, Corpo de Bombeiros, Pol\u00edcia Militar e Rodovi\u00e1ria Federal, Defesa Civil, Cemig e Copasa. Antes, o prefeito Daniel Sucupira concedeu entrevista coletiva \u00e0 imprensa e apresentou um balan\u00e7o da situa\u00e7\u00e3o na cidade. Ao falar dos casos registrados, como deslizamentos e im\u00f3veis atingidos, colocou os fatos ao conhecimento de todos.<\/p>\n\n\n\n<p>Disse que o panorama \u00e9 de um impacto significativo nas zonas urbana e rural, e ressaltou que neste dia havia mais de 300 pessoas em campo, fazendo levantamentos e a desobstru\u00e7\u00e3o das vias p\u00fablicas. Informou ainda que as fam\u00edlias que est\u00e3o em maior dificuldade no momento, a prefeitura est\u00e1 disponibilizando o aluguel social. E as pessoas j\u00e1 podem procurar a Secretaria de Assist\u00eancia Social.<\/p>\n\n\n\n<p>O prefeito informou que at\u00e9 sexta-feira (25), a Defesa Civil j\u00e1 tinha atendido em torno de 100 chamados de fam\u00edlias com problemas em decorr\u00eancia&nbsp;das chuvas. Foi ampliada a equipe de defesa civil e existe uma demanda grande para ser atendida. Nesta data foi decretada situa\u00e7\u00e3o de emerg\u00eancia no munic\u00edpio. O secret\u00e1rio municipal de Agropecu\u00e1ria, Lucas Miglio, disse que foi acionado, na noite de quinta-feira (24), pelo prefeito Daniel Sucupira, que pediu para ele colocar todo seu efetivo a servi\u00e7o da popula\u00e7\u00e3o, para diminuir os impactos das chuvas.<\/p>\n\n\n\n<p>\u201cGra\u00e7as a Deus n\u00e3o houve at\u00e9 agora v\u00edtimas devido \u00e0s chuvas, mas v\u00e1rias pontes, estradas vicinais est\u00e3o completamente destru\u00eddas. Entre elas, as comunidades de Bias Fortes e Itamunheque est\u00e3o isoladas. Mas, n\u00f3s j\u00e1 pegamos todo nosso maquin\u00e1rio e despachamos para essas \u00e1reas com os nossos profissionais para que fa\u00e7am esse desbloqueio o mais r\u00e1pido poss\u00edvel, e a situa\u00e7\u00e3o volte \u00e0 normalidade\u201d, disse Miglio.<\/p>\n\n\n\n<figure class=\"wp-block-image size-full is-resized is-style-default\"><img loading=\"lazy\" decoding=\"async\" src=\"https:\/\/diariotribuna.com.br\/wp-content\/uploads\/2022\/11\/1-8.jpg\" alt=\"\" class=\"wp-image-17646\" width=\"482\" height=\"319\" srcset=\"https:\/\/diariotribuna.com.br\/wp-content\/uploads\/2022\/11\/1-8.jpg 600w, https:\/\/diariotribuna.com.br\/wp-content\/uploads\/2022\/11\/1-8-300x199.jpg 300w\" sizes=\"(max-width: 482px) 100vw, 482px\" \/><\/figure>\n\n\n\n<p><strong>Situa\u00e7\u00e3o de Emerg\u00eancia&nbsp;\u2013 <\/strong>A Prefeitura Municipal de Te\u00f3filo Otoni publicou o<strong> Decreto N\u00ba 8.362, de 25 de novembro de 2022<\/strong>, que declara <strong>situa\u00e7\u00e3o de emerg\u00eancia<\/strong> nas \u00e1reas do munic\u00edpio afetadas por chuvas intensas e deslizamentos de solo. (Cobrade). Alguns pontos do decreto dizem que: \u201c<strong>Considerando<\/strong>&nbsp;as fortes e intensas chuvas ocorridas na cidade neste m\u00eas de novembro, em especial pela chuva ocorrida durante todo o dia e que se prolongou na noite de ontem (24\/11\/2022), acarretando in\u00fameros preju\u00edzos materiais\u201d; \u201c<strong>Considerando<\/strong>&nbsp;que em decorr\u00eancia das chuvas tivemos deslizamentos de solo, ocasionando danos a diversas fam\u00edlias que ficaram desabrigadas e sem estrutura de subsist\u00eancia digna\u201d; \u201c<strong>Considerando<\/strong>&nbsp;que as \u00e1reas afetadas poder\u00e3o ter sua situa\u00e7\u00e3o agravada com a continuidade das chuvas, como previsto\u201d;&nbsp;<strong>Considerando<\/strong>&nbsp;solicita\u00e7\u00e3o da Coordenadoria de Prote\u00e7\u00e3o e Defesa Civil do Munic\u00edpio de Te\u00f3filo Otoni, favor\u00e1vel \u00e0 decreta\u00e7\u00e3o de situa\u00e7\u00e3o de emerg\u00eancia\u201d;&nbsp;<strong>Decreta: Art. 1\u00ba<\/strong>. Fica decretada situa\u00e7\u00e3o de emerg\u00eancia no Munic\u00edpio de Te\u00f3filo Otoni\u201d. (&#8230;). Assina: o prefeito Daniel Sucupira. (Fotos: Di\u00e1rio Tribuna).<\/p>\n","protected":false},"excerpt":{"rendered":"<p>O governo municipal se reuniu na sexta-feira (25\/11), para elaborar um plano operacional de enfrentamento aos incidentes causados pelas fortes chuvas que ca\u00edram em Te\u00f3filo Otoni nos \u00faltimos dias, junto com parlamentares, Corpo de Bombeiros, Pol\u00edcia Militar e Rodovi\u00e1ria Federal, Defesa Civil, Cemig e Copasa. Antes, o prefeito Daniel Sucupira concedeu entrevista coletiva \u00e0 imprensa [&hellip;]<\/p>\n","protected":false},"author":1,"featured_media":17645,"comment_status":"open","ping_status":"open","sticky":false,"template":"","format":"standard","meta":{"rop_custom_images_group":[],"rop_custom_messages_group":[],"rop_publish_now":"initial","rop_publish_now_accounts":[],"rop_publish_now_history":[],"rop_publish_now_status":"pending","footnotes":""},"categories":[17],"tags":[4034,1953,1010,4946,75],"class_list":["post-17644","post","type-post","status-publish","format-standard","has-post-thumbnail","hentry","category-teofilootoni","tag-4034","tag-chuvas","tag-nordeste-mineiro","tag-situacao-de-emergencia","tag-teofilo-otoni"],"_links":{"self":[{"href":"https:\/\/diariotribuna.com.br\/index.php?rest_route=\/wp\/v2\/posts\/17644"}],"collection":[{"href":"https:\/\/diariotribuna.com.br\/index.php?rest_route=\/wp\/v2\/posts"}],"about":[{"href":"https:\/\/diariotribuna.com.br\/index.php?rest_route=\/wp\/v2\/types\/post"}],"author":[{"embeddable":true,"href":"https:\/\/diariotribuna.com.br\/index.php?rest_route=\/wp\/v2\/users\/1"}],"replies":[{"embeddable":true,"href":"https:\/\/diariotribuna.com.br\/index.php?rest_route=%2Fwp%2Fv2%2Fcomments&post=17644"}],"version-history":[{"count":2,"href":"https:\/\/diariotribuna.com.br\/index.php?rest_route=\/wp\/v2\/posts\/17644\/revisions"}],"predecessor-version":[{"id":17653,"href":"https:\/\/diariotribuna.com.br\/index.php?rest_route=\/wp\/v2\/posts\/17644\/revisions\/17653"}],"wp:featuredmedia":[{"embeddable":true,"href":"https:\/\/diariotribuna.com.br\/index.php?rest_route=\/wp\/v2\/media\/17645"}],"wp:attachment":[{"href":"https:\/\/diariotribuna.com.br\/index.php?rest_route=%2Fwp%2Fv2%2Fmedia&parent=17644"}],"wp:term":[{"taxonomy":"category","embeddable":true,"href":"https:\/\/diariotribuna.com.br\/index.php?rest_route=%2Fwp%2Fv2%2Fcategories&post=17644"},{"taxonomy":"post_tag","embeddable":true,"href":"https:\/\/diariotribuna.com.br\/index.php?rest_route=%2Fwp%2Fv2%2Ftags&post=17644"}],"curies":[{"name":"wp","href":"https:\/\/api.w.org\/{rel}","templated":true}]}}