{"id":17648,"date":"2022-11-26T23:47:27","date_gmt":"2022-11-27T02:47:27","guid":{"rendered":"https:\/\/diariotribuna.com.br\/?p=17648"},"modified":"2022-11-28T23:32:38","modified_gmt":"2022-11-29T02:32:38","slug":"policiais-militares-de-minas-comecam-a-utilizar-cameras-nas-fardas","status":"publish","type":"post","link":"https:\/\/diariotribuna.com.br\/?p=17648","title":{"rendered":"Policiais militares de Minas come\u00e7am a utilizar c\u00e2meras nas fardas"},"content":{"rendered":"\n<p><strong>Corpora\u00e7\u00e3o distribuir\u00e1 1.040 equipamentos; Governo tamb\u00e9m anuncia&nbsp;concurso para 10.268 novos policiais para os pr\u00f3ximos quatro anos<\/strong><\/p>\n\n\n\n<figure class=\"wp-block-image size-full is-resized is-style-default\"><img loading=\"lazy\" decoding=\"async\" src=\"https:\/\/diariotribuna.com.br\/wp-content\/uploads\/2022\/11\/Camera-05.jpg\" alt=\"\" class=\"wp-image-17649\" width=\"559\" height=\"361\" srcset=\"https:\/\/diariotribuna.com.br\/wp-content\/uploads\/2022\/11\/Camera-05.jpg 700w, https:\/\/diariotribuna.com.br\/wp-content\/uploads\/2022\/11\/Camera-05-300x194.jpg 300w, https:\/\/diariotribuna.com.br\/wp-content\/uploads\/2022\/11\/Camera-05-696x449.jpg 696w, https:\/\/diariotribuna.com.br\/wp-content\/uploads\/2022\/11\/Camera-05-650x420.jpg 650w\" sizes=\"(max-width: 559px) 100vw, 559px\" \/><\/figure>\n\n\n\n<p>A&nbsp;<a rel=\"noreferrer noopener\" href=\"http:\/\/www.policiamilitar.mg.gov.br\/\" target=\"_blank\">Pol\u00edcia Militar de Minas Gerais (PMMG)<\/a>&nbsp;vai come\u00e7ar a utilizar as C\u00e2meras Operacionais Port\u00e1teis (COP) nas fardas dos agentes nos pr\u00f3ximos dias. O an\u00fancio foi feito na quinta-feira (24\/11), pelo&nbsp;<a rel=\"noreferrer noopener\" href=\"http:\/\/www.secretariageral.mg.gov.br\/\" target=\"_blank\">secret\u00e1rio-geral do&nbsp;Estado<\/a>, Professor Mateus, durante a segunda edi\u00e7\u00e3o da Feira de Inova\u00e7\u00e3o Tecnol\u00f3gica, na Academia de Pol\u00edcia Militar, em Belo Horizonte.<br><br>S\u00e3o 1.040 equipamentos adquiridos, que foram entregues \u00e0 institui\u00e7\u00e3o em outubro e ser\u00e3o implementados at\u00e9 8 de dezembro. Desta forma, mais de 4 mil policiais de todas as regi\u00f5es do estado far\u00e3o uso da tecnologia, em turnos alternados, com o planejamento de distribui\u00e7\u00e3o de acordo com as diretrizes definidas pelo Estado-Maior da PMMG.<br><br>&#8220;Nos pr\u00f3ximos dias, ser\u00e3o mais de 4 mil policiais que estar\u00e3o nas ruas portando as c\u00e2meras, que acompanhar\u00e3o em tempo integral as opera\u00e7\u00f5es, facilitando a apura\u00e7\u00e3o dos crimes. Integrando isso ao Olho Vivo, que \u00e9 um projeto que ajuda no monitoramento da situa\u00e7\u00e3o de seguran\u00e7a nas ruas, continuaremos comemorando a redu\u00e7\u00e3o dos \u00edndices de criminalidade em Minas Gerais&#8221;, afirmou Professor Mateus.<\/p>\n\n\n\n<p><strong>Investimento<\/strong> &#8211; O investimento de R$ 2,4 milh\u00f5es contempla, al\u00e9m da aquisi\u00e7\u00e3o das 1.040 c\u00e2meras, 65 unidades de docas para fazer o download das imagens das c\u00e2meras e a recarga dos equipamentos, e ainda 1.040 pistolas de impulso el\u00e9trico, instrumentos de menor potencial ofensivo para auxiliar os militares em a\u00e7\u00f5es de defesa pessoal e de imobiliza\u00e7\u00e3o de suspeitos. As 19 regi\u00f5es da PMMG receber\u00e3o as c\u00e2meras com acesso \u00e0 internet, capazes de filmar, fotografar, transmitir em tempo real e oferecer a localiza\u00e7\u00e3o dos policiais por georreferenciamento.<br><br>&#8220;A Pol\u00edcia Militar, ao longo dos 247 anos, se mostra uma institui\u00e7\u00e3o aberta \u00e0 inova\u00e7\u00e3o e que se atualiza constantemente. Fizemos um aprofundamento do uso das c\u00e2meras e agora a entrega \u00e9 uma realidade. A ideia \u00e9 ter uma aquisi\u00e7\u00e3o continuada e progressiva&#8221;, adiantou o comandante-geral da Pol\u00edcia Militar de Minas, coronel Rodrigo Sousa Rodrigues. &#8220;O equipamento ser\u00e1 uma ferramenta que vai complementar a atua\u00e7\u00e3o do policial, para que seja prestado um servi\u00e7o de qualidade \u00e0 popula\u00e7\u00e3o, al\u00e9m da transpar\u00eancia e da legitimidade que as imagens proporcionar\u00e3o&#8221;, completou.<br><br><strong>Concurso<\/strong> &#8211; Na ocasi\u00e3o, o&nbsp;<a rel=\"noreferrer noopener\" href=\"http:\/\/www.mg.gov.br\/\" target=\"_blank\">Governo de Minas<\/a>&nbsp;tamb\u00e9m anunciou concurso para a incorpora\u00e7\u00e3o de 10.268 novos policiais militares para os pr\u00f3ximos quatro anos, dos quais 3.250 se somar\u00e3o ao efetivo j\u00e1 em 2023. &#8220;O nosso reconhecimento vai al\u00e9m do refor\u00e7o tecnol\u00f3gico. O refor\u00e7o humano da atividade policial \u00e9 central. Conseguimos integrar mais de 4 mil agentes no \u00faltimo mandato e temos o compromisso de garantir a reposi\u00e7\u00e3o do efetivo ao longo de cada ano. S\u00e3o concursos cont\u00ednuos, como sempre deveriam ter acontecido&#8221;, refor\u00e7ou o secret\u00e1rio-geral de Estado.<\/p>\n\n\n\n<p><strong>Integra\u00e7\u00e3o<\/strong> &#8211; A corpora\u00e7\u00e3o ainda assinou um contrato com a Universidade Federal de Minas Gerais (UFMG), com apoio da&nbsp;<a rel=\"noreferrer noopener\" href=\"http:\/\/www.fapemig.br\/\" target=\"_blank\">Funda\u00e7\u00e3o de Amparo \u00e0 Pesquisa do Estado de Minas Gerais (Fapemig)<\/a>, para produ\u00e7\u00e3o da primeira Encomenda Tecnol\u00f3gica de Seguran\u00e7a do pa\u00eds. A ideia \u00e9 desenvolver um sistema para integrar as etapas de planejamento, execu\u00e7\u00e3o, monitoramento e avalia\u00e7\u00e3o das unidades da Pol\u00edcia Militar, modernizando assim sua gest\u00e3o operacional.<br><br>&#8220;Temos muita satisfa\u00e7\u00e3o de ter o apoio da Fapemig, da UFMG e do Governo de Minas, que direcionou recursos da ordem de R$ 4,2 milh\u00f5es para pesquisa. Estamos fazendo uma encomenda tecnol\u00f3gica, que ser\u00e1 um sistema que far\u00e1 a gest\u00e3o dos processos, nosso efetivo e ordem de servi\u00e7os, o que facilitar\u00e1 o nosso dia a dia. Essa encomenda \u00e9 uma pesquisa, um teste para que possa sair um produto final que vai otimizar o nosso trabalho&#8221;, afirmou o comandante-geral. <strong>(Ag\u00eancia Minas\/ Foto: Cristiano Machado\/ Imprensa MG).<\/strong><\/p>\n","protected":false},"excerpt":{"rendered":"<p>Corpora\u00e7\u00e3o distribuir\u00e1 1.040 equipamentos; Governo tamb\u00e9m anuncia&nbsp;concurso para 10.268 novos policiais para os pr\u00f3ximos quatro anos A&nbsp;Pol\u00edcia Militar de Minas Gerais (PMMG)&nbsp;vai come\u00e7ar a utilizar as C\u00e2meras Operacionais Port\u00e1teis (COP) nas fardas dos agentes nos pr\u00f3ximos dias. O an\u00fancio foi feito na quinta-feira (24\/11), pelo&nbsp;secret\u00e1rio-geral do&nbsp;Estado, Professor Mateus, durante a segunda edi\u00e7\u00e3o da Feira de [&hellip;]<\/p>\n","protected":false},"author":1,"featured_media":17649,"comment_status":"open","ping_status":"open","sticky":false,"template":"","format":"standard","meta":{"rop_custom_images_group":[],"rop_custom_messages_group":[],"rop_publish_now":"initial","rop_publish_now_accounts":[],"rop_publish_now_history":[],"rop_publish_now_status":"pending","footnotes":""},"categories":[19],"tags":[4947,70,76],"class_list":["post-17648","post","type-post","status-publish","format-standard","has-post-thumbnail","hentry","category-gerais","tag-cameras-nas-fardas","tag-minas-gerais","tag-policia-militar"],"_links":{"self":[{"href":"https:\/\/diariotribuna.com.br\/index.php?rest_route=\/wp\/v2\/posts\/17648"}],"collection":[{"href":"https:\/\/diariotribuna.com.br\/index.php?rest_route=\/wp\/v2\/posts"}],"about":[{"href":"https:\/\/diariotribuna.com.br\/index.php?rest_route=\/wp\/v2\/types\/post"}],"author":[{"embeddable":true,"href":"https:\/\/diariotribuna.com.br\/index.php?rest_route=\/wp\/v2\/users\/1"}],"replies":[{"embeddable":true,"href":"https:\/\/diariotribuna.com.br\/index.php?rest_route=%2Fwp%2Fv2%2Fcomments&post=17648"}],"version-history":[{"count":2,"href":"https:\/\/diariotribuna.com.br\/index.php?rest_route=\/wp\/v2\/posts\/17648\/revisions"}],"predecessor-version":[{"id":17672,"href":"https:\/\/diariotribuna.com.br\/index.php?rest_route=\/wp\/v2\/posts\/17648\/revisions\/17672"}],"wp:featuredmedia":[{"embeddable":true,"href":"https:\/\/diariotribuna.com.br\/index.php?rest_route=\/wp\/v2\/media\/17649"}],"wp:attachment":[{"href":"https:\/\/diariotribuna.com.br\/index.php?rest_route=%2Fwp%2Fv2%2Fmedia&parent=17648"}],"wp:term":[{"taxonomy":"category","embeddable":true,"href":"https:\/\/diariotribuna.com.br\/index.php?rest_route=%2Fwp%2Fv2%2Fcategories&post=17648"},{"taxonomy":"post_tag","embeddable":true,"href":"https:\/\/diariotribuna.com.br\/index.php?rest_route=%2Fwp%2Fv2%2Ftags&post=17648"}],"curies":[{"name":"wp","href":"https:\/\/api.w.org\/{rel}","templated":true}]}}