{"id":17651,"date":"2022-11-27T13:44:39","date_gmt":"2022-11-27T16:44:39","guid":{"rendered":"https:\/\/diariotribuna.com.br\/?p=17651"},"modified":"2022-11-27T17:25:03","modified_gmt":"2022-11-27T20:25:03","slug":"muro-de-residencia-desaba-na-cidade-de-almenara","status":"publish","type":"post","link":"https:\/\/diariotribuna.com.br\/?p=17651","title":{"rendered":"Muro de resid\u00eancia desaba na cidade de Almenara"},"content":{"rendered":"\n<figure class=\"wp-block-image size-full is-resized is-style-default\"><img loading=\"lazy\" decoding=\"async\" src=\"https:\/\/diariotribuna.com.br\/wp-content\/uploads\/2022\/11\/1.png\" alt=\"\" class=\"wp-image-17654\" width=\"620\" height=\"350\" srcset=\"https:\/\/diariotribuna.com.br\/wp-content\/uploads\/2022\/11\/1.png 700w, https:\/\/diariotribuna.com.br\/wp-content\/uploads\/2022\/11\/1-300x169.png 300w, https:\/\/diariotribuna.com.br\/wp-content\/uploads\/2022\/11\/1-696x393.png 696w\" sizes=\"(max-width: 620px) 100vw, 620px\" \/><\/figure>\n\n\n\n<p>O Corpo de Bombeiros foi acionado para atendimento da ocorr\u00eancia, e disse que, trata-se de um muro de arrimo constru\u00eddo com blocos, localizado entre duas resid\u00eancias, na Avenida Almenara, na cidade de Almenara, no Vale do Jequitinhonha, que desabou completamente na tarde de s\u00e1bado (26\/11\/22), por volta de 15h, ap\u00f3s colapsar, em decorr\u00eancia de intensas chuvas que atingem a regi\u00e3o.<\/p>\n\n\n\n<p>A propriet\u00e1ria da resid\u00eancia foi orientada a colocar uma lona sobre a parte exposta do barranco, para proteger a estrutura do im\u00f3vel da precipita\u00e7\u00e3o de chuvas, at\u00e9 ocorra estabiliza\u00e7\u00e3o do clima para eventuais obras de conten\u00e7\u00e3o do barranco. As moradoras das duas resid\u00eancias foram orientadas a procurarem um engenheiro civil para avalia\u00e7\u00e3o da estrutura colapsada. (Informa\u00e7\u00f5es: CBMMG).<\/p>\n\n\n\n<h2 class=\"wp-block-heading\"><strong>VEJA O EXATO MOMENTO QUE O MURO DA RESID\u00caNCIA CAIU<\/strong><\/h2>\n\n\n\n<figure class=\"wp-block-video\"><video controls src=\"https:\/\/diariotribuna.com.br\/wp-content\/uploads\/2022\/11\/VID-20221127-WA0056.mp4\"><\/video><\/figure>\n\n\n\n<p><\/p>\n","protected":false},"excerpt":{"rendered":"<p>O Corpo de Bombeiros foi acionado para atendimento da ocorr\u00eancia, e disse que, trata-se de um muro de arrimo constru\u00eddo com blocos, localizado entre duas resid\u00eancias, na Avenida Almenara, na cidade de Almenara, no Vale do Jequitinhonha, que desabou completamente na tarde de s\u00e1bado (26\/11\/22), por volta de 15h, ap\u00f3s colapsar, em decorr\u00eancia de intensas [&hellip;]<\/p>\n","protected":false},"author":1,"featured_media":17654,"comment_status":"open","ping_status":"open","sticky":false,"template":"","format":"standard","meta":{"rop_custom_images_group":[],"rop_custom_messages_group":[],"rop_publish_now":"initial","rop_publish_now_accounts":[],"rop_publish_now_history":[],"rop_publish_now_status":"pending","footnotes":""},"categories":[25,18],"tags":[],"class_list":["post-17651","post","type-post","status-publish","format-standard","has-post-thumbnail","hentry","category-destaque","category-regiao"],"_links":{"self":[{"href":"https:\/\/diariotribuna.com.br\/index.php?rest_route=\/wp\/v2\/posts\/17651"}],"collection":[{"href":"https:\/\/diariotribuna.com.br\/index.php?rest_route=\/wp\/v2\/posts"}],"about":[{"href":"https:\/\/diariotribuna.com.br\/index.php?rest_route=\/wp\/v2\/types\/post"}],"author":[{"embeddable":true,"href":"https:\/\/diariotribuna.com.br\/index.php?rest_route=\/wp\/v2\/users\/1"}],"replies":[{"embeddable":true,"href":"https:\/\/diariotribuna.com.br\/index.php?rest_route=%2Fwp%2Fv2%2Fcomments&post=17651"}],"version-history":[{"count":2,"href":"https:\/\/diariotribuna.com.br\/index.php?rest_route=\/wp\/v2\/posts\/17651\/revisions"}],"predecessor-version":[{"id":17657,"href":"https:\/\/diariotribuna.com.br\/index.php?rest_route=\/wp\/v2\/posts\/17651\/revisions\/17657"}],"wp:featuredmedia":[{"embeddable":true,"href":"https:\/\/diariotribuna.com.br\/index.php?rest_route=\/wp\/v2\/media\/17654"}],"wp:attachment":[{"href":"https:\/\/diariotribuna.com.br\/index.php?rest_route=%2Fwp%2Fv2%2Fmedia&parent=17651"}],"wp:term":[{"taxonomy":"category","embeddable":true,"href":"https:\/\/diariotribuna.com.br\/index.php?rest_route=%2Fwp%2Fv2%2Fcategories&post=17651"},{"taxonomy":"post_tag","embeddable":true,"href":"https:\/\/diariotribuna.com.br\/index.php?rest_route=%2Fwp%2Fv2%2Ftags&post=17651"}],"curies":[{"name":"wp","href":"https:\/\/api.w.org\/{rel}","templated":true}]}}