{"id":17677,"date":"2022-11-29T23:43:15","date_gmt":"2022-11-30T02:43:15","guid":{"rendered":"https:\/\/diariotribuna.com.br\/?p=17677"},"modified":"2022-12-02T00:50:38","modified_gmt":"2022-12-02T03:50:38","slug":"diplomacao-dos-eleitos-em-minas-sera-no-dia-19-de-dezembro","status":"publish","type":"post","link":"https:\/\/diariotribuna.com.br\/?p=17677","title":{"rendered":"Diploma\u00e7\u00e3o dos eleitos em Minas ser\u00e1 no dia 19 de dezembro"},"content":{"rendered":"\n<p><strong><em>Cerim\u00f4nia ser\u00e1 transmitida ao vivo no canal do TRE no YouTube<\/em><\/strong><\/p>\n\n\n\n<figure class=\"wp-block-image size-full is-resized is-style-default\"><img loading=\"lazy\" decoding=\"async\" src=\"https:\/\/diariotribuna.com.br\/wp-content\/uploads\/2022\/11\/1.jpeg\" alt=\"\" class=\"wp-image-17679\" width=\"583\" height=\"290\" srcset=\"https:\/\/diariotribuna.com.br\/wp-content\/uploads\/2022\/11\/1.jpeg 550w, https:\/\/diariotribuna.com.br\/wp-content\/uploads\/2022\/11\/1-300x149.jpeg 300w, https:\/\/diariotribuna.com.br\/wp-content\/uploads\/2022\/11\/1-324x160.jpeg 324w\" sizes=\"(max-width: 583px) 100vw, 583px\" \/><\/figure>\n\n\n\n<p>A solenidade de diploma\u00e7\u00e3o das eleitas e eleitos em 2022 em Minas Gerais ser\u00e1 realizada no dia 19 de dezembro, \u00e0s 17h. A cerim\u00f4nia, que acontecer\u00e1 na Sala Minas Gerais, em Belo Horizonte, ser\u00e1 transmitida ao vivo no canal do TRE no YouTube. A diploma\u00e7\u00e3o dos eleitos \u00e9 um ato previsto na legisla\u00e7\u00e3o e marca o encerramento do processo eleitoral. O ato consiste na entrega do diploma aos eleitos, um documento oficial emitido pelo TRE, assinado pelo presidente da institui\u00e7\u00e3o, e que \u00e9 condi\u00e7\u00e3o para a posse em 2023.<\/p>\n\n\n\n<figure class=\"wp-block-image size-full is-resized is-style-default\"><img loading=\"lazy\" decoding=\"async\" src=\"https:\/\/diariotribuna.com.br\/wp-content\/uploads\/2022\/11\/2.jpeg\" alt=\"\" class=\"wp-image-17678\" width=\"562\" height=\"270\" srcset=\"https:\/\/diariotribuna.com.br\/wp-content\/uploads\/2022\/11\/2.jpeg 537w, https:\/\/diariotribuna.com.br\/wp-content\/uploads\/2022\/11\/2-300x144.jpeg 300w, https:\/\/diariotribuna.com.br\/wp-content\/uploads\/2022\/11\/2-534x258.jpeg 534w\" sizes=\"(max-width: 562px) 100vw, 562px\" \/><figcaption><strong>Eleitas e eleitos (ou seus representantes) j\u00e1 participaram de uma<\/strong><br><strong>reuni\u00e3o no TRE para receberem orienta\u00e7\u00f5es e tirarem d\u00favidas<\/strong><br><strong>sobre a solenidade<\/strong><\/figcaption><\/figure>\n\n\n\n<p><strong>Ser\u00e3o 135 diplomados, nesta ordem:<\/strong> o governador Romeu Zema e seu vice, Mateus Sim\u00f5es; o senador Cleitinho Azevedo e dois suplentes; 53 deputadas e deputados federais e 77 deputadas e deputados estaduais. Na quarta (23\/11), eleitas e eleitos (ou seus representantes) participaram de uma reuni\u00e3o no TRE para receberem orienta\u00e7\u00f5es e tirarem d\u00favidas sobre a solenidade.<\/p>\n\n\n\n<p>A diretora-geral do Tribunal, Gl\u00f3ria Ara\u00fajo, destacou que ser\u00e1 uma sess\u00e3o solene, com rito pr\u00f3prio, e pediu que todos fiquem atentos \u00e0s regras estabelecidas. Tamb\u00e9m explicou todo o trabalho para a realiza\u00e7\u00e3o da diploma\u00e7\u00e3o, com o envolvimento de diversas \u00e1reas do TRE, incluindo o planejamento da seguran\u00e7a do evento, com apoio do Gabinete Institucional de Seguran\u00e7a das Elei\u00e7\u00f5es 2022.<\/p>\n\n\n\n<p>A equipe de cerimonial do Tribunal esclareceu pontos como o n\u00famero de convites a que cada diplomando ter\u00e1 direito, o acesso deles e de seus convidados ao local do evento e a proibi\u00e7\u00e3o do uso de cartazes, faixas e outros itens para manifesta\u00e7\u00f5es pol\u00edticas durante a solenidade. Foram apresentadas, ainda, explica\u00e7\u00f5es sobre a emiss\u00e3o dos diplomas e retirada do documento pelos eleitos que n\u00e3o puderem comparecer ao evento.<\/p>\n\n\n\n<p><strong>Credenciamento de imprensa &#8211;<\/strong> Ve\u00edculos de comunica\u00e7\u00e3o interessados em acompanhar presencialmente a solenidade devem solicitar credenciamento por meio de formul\u00e1rio disponibilizado pela assessoria de imprensa. O credenciamento ser\u00e1 encerrado \u00e0s 18h do dia 30 de novembro ou quando forem preenchidas as 25 vagas dispon\u00edveis, o que acontecer primeiro.<\/p>\n\n\n\n<p>Devido \u00e0 limita\u00e7\u00e3o de espa\u00e7o e quest\u00f5es de seguran\u00e7a do evento, foram estabelecidas algumas regras para o trabalho da imprensa. S\u00f3 ser\u00e3o credenciados ve\u00edculos de comunica\u00e7\u00e3o formalizados \u2013 emissoras de r\u00e1dio e TV detentoras de concess\u00e3o p\u00fablica e jornais\/portais de not\u00edcia\/ag\u00eancias de not\u00edcia com CNPJ registrado. N\u00e3o ser\u00e3o credenciadas como imprensa pessoas que t\u00eam apenas blog ou perfil pessoal em redes sociais ou assessores de imprensa dos eleitos.<\/p>\n\n\n\n<p>Cada ve\u00edculo poder\u00e1 credenciar apenas uma equipe. Emissoras de TV ter\u00e3o direito a tr\u00eas credenciais. Emissoras de r\u00e1dio, jornais, portais e ag\u00eancias de not\u00edcias ter\u00e3o direito a duas credenciais. As credenciais dever\u00e3o ser retiradas na sede do TRE em data a ser informada pela assessoria de imprensa. N\u00e3o haver\u00e1 entrega de credenciais no dia do evento. O uso da credencial ser\u00e1 obrigat\u00f3rio para entrar na Sala Minas Gerais e durante toda a perman\u00eancia no local.<\/p>\n\n\n\n<p><strong>Entrevistas com os diplomandos<\/strong> s\u00f3 poder\u00e3o ser realizadas no foyer da Sala Minas Gerais. Os diplomandos n\u00e3o poder\u00e3o ter fot\u00f3grafos e cinegrafistas pr\u00f3prios para o registro da solenidade. Fotos oficiais do evento ser\u00e3o disponibilizadas \u00e0s eleitas e eleitos e tamb\u00e9m aos jornalistas que tiverem interesse nas imagens. (Informa\u00e7\u00f5es\/Foto: TRE-MG).<\/p>\n","protected":false},"excerpt":{"rendered":"<p>Cerim\u00f4nia ser\u00e1 transmitida ao vivo no canal do TRE no YouTube A solenidade de diploma\u00e7\u00e3o das eleitas e eleitos em 2022 em Minas Gerais ser\u00e1 realizada no dia 19 de dezembro, \u00e0s 17h. A cerim\u00f4nia, que acontecer\u00e1 na Sala Minas Gerais, em Belo Horizonte, ser\u00e1 transmitida ao vivo no canal do TRE no YouTube. A [&hellip;]<\/p>\n","protected":false},"author":1,"featured_media":17679,"comment_status":"open","ping_status":"open","sticky":false,"template":"","format":"standard","meta":{"rop_custom_images_group":[],"rop_custom_messages_group":[],"rop_publish_now":"initial","rop_publish_now_accounts":[],"rop_publish_now_history":[],"rop_publish_now_status":"pending","footnotes":""},"categories":[21],"tags":[4951,2294,4170,70],"class_list":["post-17677","post","type-post","status-publish","format-standard","has-post-thumbnail","hentry","category-politica","tag-19-12-2022","tag-diplomacao","tag-eleicoes-2022","tag-minas-gerais"],"_links":{"self":[{"href":"https:\/\/diariotribuna.com.br\/index.php?rest_route=\/wp\/v2\/posts\/17677"}],"collection":[{"href":"https:\/\/diariotribuna.com.br\/index.php?rest_route=\/wp\/v2\/posts"}],"about":[{"href":"https:\/\/diariotribuna.com.br\/index.php?rest_route=\/wp\/v2\/types\/post"}],"author":[{"embeddable":true,"href":"https:\/\/diariotribuna.com.br\/index.php?rest_route=\/wp\/v2\/users\/1"}],"replies":[{"embeddable":true,"href":"https:\/\/diariotribuna.com.br\/index.php?rest_route=%2Fwp%2Fv2%2Fcomments&post=17677"}],"version-history":[{"count":1,"href":"https:\/\/diariotribuna.com.br\/index.php?rest_route=\/wp\/v2\/posts\/17677\/revisions"}],"predecessor-version":[{"id":17680,"href":"https:\/\/diariotribuna.com.br\/index.php?rest_route=\/wp\/v2\/posts\/17677\/revisions\/17680"}],"wp:featuredmedia":[{"embeddable":true,"href":"https:\/\/diariotribuna.com.br\/index.php?rest_route=\/wp\/v2\/media\/17679"}],"wp:attachment":[{"href":"https:\/\/diariotribuna.com.br\/index.php?rest_route=%2Fwp%2Fv2%2Fmedia&parent=17677"}],"wp:term":[{"taxonomy":"category","embeddable":true,"href":"https:\/\/diariotribuna.com.br\/index.php?rest_route=%2Fwp%2Fv2%2Fcategories&post=17677"},{"taxonomy":"post_tag","embeddable":true,"href":"https:\/\/diariotribuna.com.br\/index.php?rest_route=%2Fwp%2Fv2%2Ftags&post=17677"}],"curies":[{"name":"wp","href":"https:\/\/api.w.org\/{rel}","templated":true}]}}