{"id":17685,"date":"2022-11-30T23:50:22","date_gmt":"2022-12-01T02:50:22","guid":{"rendered":"https:\/\/diariotribuna.com.br\/?p=17685"},"modified":"2022-11-30T23:50:39","modified_gmt":"2022-12-01T02:50:39","slug":"crianca-completa-8-anos-e-escolhe-pmmg-como-tema-do-seu-aniversario","status":"publish","type":"post","link":"https:\/\/diariotribuna.com.br\/?p=17685","title":{"rendered":"Crian\u00e7a completa 8 anos e escolhe PMMG como tema do seu anivers\u00e1rio"},"content":{"rendered":"\n<figure class=\"wp-block-image size-full is-resized is-style-default\"><img loading=\"lazy\" decoding=\"async\" src=\"https:\/\/diariotribuna.com.br\/wp-content\/uploads\/2022\/11\/4f75d9fa-da3b-4a2e-a85c-be7ad9a91ff0.jpg\" alt=\"\" class=\"wp-image-17686\" width=\"508\" height=\"349\" srcset=\"https:\/\/diariotribuna.com.br\/wp-content\/uploads\/2022\/11\/4f75d9fa-da3b-4a2e-a85c-be7ad9a91ff0.jpg 700w, https:\/\/diariotribuna.com.br\/wp-content\/uploads\/2022\/11\/4f75d9fa-da3b-4a2e-a85c-be7ad9a91ff0-300x206.jpg 300w, https:\/\/diariotribuna.com.br\/wp-content\/uploads\/2022\/11\/4f75d9fa-da3b-4a2e-a85c-be7ad9a91ff0-100x70.jpg 100w, https:\/\/diariotribuna.com.br\/wp-content\/uploads\/2022\/11\/4f75d9fa-da3b-4a2e-a85c-be7ad9a91ff0-218x150.jpg 218w, https:\/\/diariotribuna.com.br\/wp-content\/uploads\/2022\/11\/4f75d9fa-da3b-4a2e-a85c-be7ad9a91ff0-696x478.jpg 696w, https:\/\/diariotribuna.com.br\/wp-content\/uploads\/2022\/11\/4f75d9fa-da3b-4a2e-a85c-be7ad9a91ff0-611x420.jpg 611w\" sizes=\"(max-width: 508px) 100vw, 508px\" \/><\/figure>\n\n\n\n<p>Policiais militares do 44\u00ba Batalh\u00e3o de Almenara foram especialmente convidados a participarem de uma festa de anivers\u00e1rio infantil com o tema \u201cPol\u00edcia Militar de Minas Gerais\u201d. O tema foi escolhido a pedido da pr\u00f3pria aniversariante, Maria Isis, que completou 8 anos de idade. O evento ocorreu na sexta-feira, 25 de novembro de 2022, em Almenara, no Vale do Jequitinhonha.<\/p>\n\n\n\n<p>Lucinara, m\u00e3e da aniversariante, contou que sua filha sonha em ingressar nas fileiras da Pol\u00edcia Militar de Minas Gerais. A admira\u00e7\u00e3o da menina com a PM chegou ao conhecimento do comando do 44\u00ba BPM que disponibilizou uma equipe para comparecer no evento. Os militares surpreenderam a aniversariante que se emocionou com a presen\u00e7a em sua festinha e agradeceu muito. (Assessoria de comunica\u00e7\u00e3o do 44\u00ba BPM, Almenara).<\/p>\n","protected":false},"excerpt":{"rendered":"<p>Policiais militares do 44\u00ba Batalh\u00e3o de Almenara foram especialmente convidados a participarem de uma festa de anivers\u00e1rio infantil com o tema \u201cPol\u00edcia Militar de Minas Gerais\u201d. O tema foi escolhido a pedido da pr\u00f3pria aniversariante, Maria Isis, que completou 8 anos de idade. O evento ocorreu na sexta-feira, 25 de novembro de 2022, em Almenara, [&hellip;]<\/p>\n","protected":false},"author":1,"featured_media":17686,"comment_status":"open","ping_status":"open","sticky":false,"template":"","format":"standard","meta":{"rop_custom_images_group":[],"rop_custom_messages_group":[],"rop_publish_now":"initial","rop_publish_now_accounts":[],"rop_publish_now_history":[],"rop_publish_now_status":"pending","footnotes":""},"categories":[25,19],"tags":[174,110,4953,76,4954],"class_list":["post-17685","post","type-post","status-publish","format-standard","has-post-thumbnail","hentry","category-destaque","category-gerais","tag-44o-bpm","tag-almenara","tag-aniversario-infantil","tag-policia-militar","tag-tema-pmmg"],"_links":{"self":[{"href":"https:\/\/diariotribuna.com.br\/index.php?rest_route=\/wp\/v2\/posts\/17685"}],"collection":[{"href":"https:\/\/diariotribuna.com.br\/index.php?rest_route=\/wp\/v2\/posts"}],"about":[{"href":"https:\/\/diariotribuna.com.br\/index.php?rest_route=\/wp\/v2\/types\/post"}],"author":[{"embeddable":true,"href":"https:\/\/diariotribuna.com.br\/index.php?rest_route=\/wp\/v2\/users\/1"}],"replies":[{"embeddable":true,"href":"https:\/\/diariotribuna.com.br\/index.php?rest_route=%2Fwp%2Fv2%2Fcomments&post=17685"}],"version-history":[{"count":1,"href":"https:\/\/diariotribuna.com.br\/index.php?rest_route=\/wp\/v2\/posts\/17685\/revisions"}],"predecessor-version":[{"id":17687,"href":"https:\/\/diariotribuna.com.br\/index.php?rest_route=\/wp\/v2\/posts\/17685\/revisions\/17687"}],"wp:featuredmedia":[{"embeddable":true,"href":"https:\/\/diariotribuna.com.br\/index.php?rest_route=\/wp\/v2\/media\/17686"}],"wp:attachment":[{"href":"https:\/\/diariotribuna.com.br\/index.php?rest_route=%2Fwp%2Fv2%2Fmedia&parent=17685"}],"wp:term":[{"taxonomy":"category","embeddable":true,"href":"https:\/\/diariotribuna.com.br\/index.php?rest_route=%2Fwp%2Fv2%2Fcategories&post=17685"},{"taxonomy":"post_tag","embeddable":true,"href":"https:\/\/diariotribuna.com.br\/index.php?rest_route=%2Fwp%2Fv2%2Ftags&post=17685"}],"curies":[{"name":"wp","href":"https:\/\/api.w.org\/{rel}","templated":true}]}}