{"id":17697,"date":"2022-12-02T00:00:09","date_gmt":"2022-12-02T03:00:09","guid":{"rendered":"https:\/\/diariotribuna.com.br\/?p=17697"},"modified":"2022-12-02T01:00:53","modified_gmt":"2022-12-02T04:00:53","slug":"cabeca-dagua-assusta-moradores-do-distrito-de-pedro-versiani","status":"publish","type":"post","link":"https:\/\/diariotribuna.com.br\/?p=17697","title":{"rendered":"Cabe\u00e7a d\u00b4\u00e1gua assusta moradores do Distrito de Pedro Versiani"},"content":{"rendered":"\n<figure class=\"wp-block-image size-full is-resized is-style-default\"><img loading=\"lazy\" decoding=\"async\" src=\"https:\/\/diariotribuna.com.br\/wp-content\/uploads\/2022\/12\/b325066d-3158-470c-82af-94262f866fa9.jpg\" alt=\"\" class=\"wp-image-17700\" width=\"553\" height=\"408\" srcset=\"https:\/\/diariotribuna.com.br\/wp-content\/uploads\/2022\/12\/b325066d-3158-470c-82af-94262f866fa9.jpg 700w, https:\/\/diariotribuna.com.br\/wp-content\/uploads\/2022\/12\/b325066d-3158-470c-82af-94262f866fa9-300x221.jpg 300w, https:\/\/diariotribuna.com.br\/wp-content\/uploads\/2022\/12\/b325066d-3158-470c-82af-94262f866fa9-80x60.jpg 80w, https:\/\/diariotribuna.com.br\/wp-content\/uploads\/2022\/12\/b325066d-3158-470c-82af-94262f866fa9-696x513.jpg 696w, https:\/\/diariotribuna.com.br\/wp-content\/uploads\/2022\/12\/b325066d-3158-470c-82af-94262f866fa9-570x420.jpg 570w\" sizes=\"(max-width: 553px) 100vw, 553px\" \/><\/figure>\n\n\n\n<p><strong>Te\u00f3filo Otoni &#8211;<\/strong> Os moradores do Distrito de Pedro Versiani, no munic\u00edpio de Te\u00f3filo Otoni, foram surpreendidos, ao final da tarde desta quinta-feira (01\/12), com uma cabe\u00e7a d\u00b4\u00e1gua na localidade, causando transtornos e medos. Muita \u00e1gua e lama invadiram as ruas e algumas resid\u00eancias. Atrav\u00e9s de v\u00eddeos que circularam nas redes sociais foi poss\u00edvel perceber o grande volume de \u00e1gua e lama que atravessaram o distrito, deixando um rastro de destrui\u00e7\u00e3o.<\/p>\n\n\n\n<p>O tenente Alonso do Corpo de Bombeiros disse que, \u201cprovavelmente choveu bastante e o sistema de escoamento n\u00e3o deu conta, o que provocou o alagamento. A cabe\u00e7a d\u2019\u00e1gua pode ser entendida como um fen\u00f4meno meteorol\u00f3gico causado pelo aumento r\u00e1pido e repentino do n\u00edvel de \u00e1gua em rios. Ela ocorre quando uma grande quantidade de chuva cai em partes superiores de uma cachoeira ou ao longo de um curso d\u2019\u00e1gua\u201d, explicou.<\/p>\n\n\n\n<p>O coordenador da defesa civil municipal, Luiz Gomes Ferreira disse que, assim que soube do alagamento em Pedro Versiani, foi imediatamente pra l\u00e1, com todos os secret\u00e1rios municipais e suas equipes, para atendimento imediato \u00e0s fam\u00edlias atingidas. \u201cAs casas que foram inundadas, o pessoal j\u00e1 est\u00e1 sendo retirado, est\u00e1 indo para um abrigo provis\u00f3rio, com toda estrutura que a prefeitura est\u00e1 oferecendo aqui\u201d disse Luiz.<\/p>\n\n\n\n<p>A prefeitura enviou m\u00e1quinas pesadas para o local, para a retirada de materiais que foram arrastados pelas \u00e1guas. O prefeito Daniel Sucupira acompanhou de perto os trabalhos junto com seus secret\u00e1rios e demais servidores da prefeitura. \u201cAs maquinas nesse momento j\u00e1 desobstru\u00edram o principal ponto que proporcionou parte do alagamento, devido a esse volume de material que chegou logo aqui na sa\u00edda da \u00e1gua\u201d, disse.<\/p>\n\n\n\n<p>Sucupira informou que um caminh\u00e3o pipa estava no local para fazer a limpeza, e ca\u00e7amba para retirar toda sujeira. E nesta sexta-feira, uma equipe com mais de 50 pessoas vai ao distrito para fazer uma limpeza geral. \u201cA prefeitura j\u00e1 prestou a assist\u00eancia e as pessoas est\u00e3o encaminhadas para dormirem em paz na noite de hoje\u201d.<\/p>\n\n\n\n<p>A secret\u00e1ria de Assist\u00eancia Social, Maria Helena Costa Salim, informou que foi prestado rapidamente o atendimento aos moradores atingidos, foi criado um abrigo na localidade, e foram levados colch\u00f5es, materiais de limpeza, alimentos para passar a noite, e outros itens de primeira necessidade.<\/p>\n\n\n\n<p>O secret\u00e1rio Lucas Miglio disse que, quando chegou ao local, as casas ainda estavam sendo inundadas. \u201cN\u00f3s demos toda assist\u00eancia \u00e0s pessoas. O Corpo de Bombeiros veio junto com a gente. N\u00e3o foi rompida nenhuma barragem, mas foi sim uma cabe\u00e7a d\u00b4\u00e1gua, uma chuva muito forte na cabeceira do rio que inundou o distrito\u201d, disse.<\/p>\n\n\n\n<p>O secret\u00e1rio do Meio Ambiente, Lucas Ribeiro foi ao local acompanhado de uma equipe t\u00e9cnica, uma engenheira ambiental e sanitarista e um engenheiro h\u00eddrico, para identificar o que teria ocorrido. \u201cAtrav\u00e9s de um parecer t\u00e9cnico do Corpo de Bombeiros, tivemos a not\u00edcia que seria uma tromba d\u00b4\u00e1gua. E por isso, acabou ocasionando essa situa\u00e7\u00e3o aqui\u201d. (Imagens: Divulga\u00e7\u00e3o).<\/p>\n\n\n\n<div class=\"wp-block-cover is-light\" style=\"min-height:100vh;aspect-ratio:unset;\"><span aria-hidden=\"true\" class=\"wp-block-cover__background has-background-dim\"><\/span><video class=\"wp-block-cover__video-background intrinsic-ignore\" autoplay muted loop playsinline src=\"https:\/\/diariotribuna.com.br\/wp-content\/uploads\/2022\/12\/VID-20221201-WA0124.mp4\" data-object-fit=\"cover\"><\/video><div class=\"wp-block-cover__inner-container is-layout-flow wp-block-cover-is-layout-flow\">\n<p class=\"has-text-align-center has-large-font-size\"><\/p>\n<\/div><\/div>\n\n\n\n<p><\/p>\n","protected":false},"excerpt":{"rendered":"<p>Te\u00f3filo Otoni &#8211; Os moradores do Distrito de Pedro Versiani, no munic\u00edpio de Te\u00f3filo Otoni, foram surpreendidos, ao final da tarde desta quinta-feira (01\/12), com uma cabe\u00e7a d\u00b4\u00e1gua na localidade, causando transtornos e medos. Muita \u00e1gua e lama invadiram as ruas e algumas resid\u00eancias. Atrav\u00e9s de v\u00eddeos que circularam nas redes sociais foi poss\u00edvel perceber [&hellip;]<\/p>\n","protected":false},"author":1,"featured_media":17700,"comment_status":"open","ping_status":"open","sticky":false,"template":"","format":"standard","meta":{"rop_custom_images_group":[],"rop_custom_messages_group":[],"rop_publish_now":"initial","rop_publish_now_accounts":[],"rop_publish_now_history":[],"rop_publish_now_status":"pending","footnotes":""},"categories":[25,17],"tags":[2648,4957,4960,75],"class_list":["post-17697","post","type-post","status-publish","format-standard","has-post-thumbnail","hentry","category-destaque","category-teofilootoni","tag-alagamentos","tag-cabeca-dagua","tag-pedro-versiani","tag-teofilo-otoni"],"_links":{"self":[{"href":"https:\/\/diariotribuna.com.br\/index.php?rest_route=\/wp\/v2\/posts\/17697"}],"collection":[{"href":"https:\/\/diariotribuna.com.br\/index.php?rest_route=\/wp\/v2\/posts"}],"about":[{"href":"https:\/\/diariotribuna.com.br\/index.php?rest_route=\/wp\/v2\/types\/post"}],"author":[{"embeddable":true,"href":"https:\/\/diariotribuna.com.br\/index.php?rest_route=\/wp\/v2\/users\/1"}],"replies":[{"embeddable":true,"href":"https:\/\/diariotribuna.com.br\/index.php?rest_route=%2Fwp%2Fv2%2Fcomments&post=17697"}],"version-history":[{"count":6,"href":"https:\/\/diariotribuna.com.br\/index.php?rest_route=\/wp\/v2\/posts\/17697\/revisions"}],"predecessor-version":[{"id":17707,"href":"https:\/\/diariotribuna.com.br\/index.php?rest_route=\/wp\/v2\/posts\/17697\/revisions\/17707"}],"wp:featuredmedia":[{"embeddable":true,"href":"https:\/\/diariotribuna.com.br\/index.php?rest_route=\/wp\/v2\/media\/17700"}],"wp:attachment":[{"href":"https:\/\/diariotribuna.com.br\/index.php?rest_route=%2Fwp%2Fv2%2Fmedia&parent=17697"}],"wp:term":[{"taxonomy":"category","embeddable":true,"href":"https:\/\/diariotribuna.com.br\/index.php?rest_route=%2Fwp%2Fv2%2Fcategories&post=17697"},{"taxonomy":"post_tag","embeddable":true,"href":"https:\/\/diariotribuna.com.br\/index.php?rest_route=%2Fwp%2Fv2%2Ftags&post=17697"}],"curies":[{"name":"wp","href":"https:\/\/api.w.org\/{rel}","templated":true}]}}