{"id":17716,"date":"2022-12-02T11:04:09","date_gmt":"2022-12-02T14:04:09","guid":{"rendered":"https:\/\/diariotribuna.com.br\/?p=17716"},"modified":"2022-12-15T20:52:44","modified_gmt":"2022-12-15T23:52:44","slug":"casal-conectado-parte-2-o-onus-e-o-bonus-de-expor-relacao-com-uma-sub-celebridade","status":"publish","type":"post","link":"https:\/\/diariotribuna.com.br\/?p=17716","title":{"rendered":"Casal conectado \u2013 parte 2: O \u00f4nus e o b\u00f4nus de expor rela\u00e7\u00e3o com uma \u201csub celebridade\u201d"},"content":{"rendered":"\n<figure class=\"wp-block-image size-full is-resized is-style-default\"><img loading=\"lazy\" decoding=\"async\" src=\"https:\/\/diariotribuna.com.br\/wp-content\/uploads\/2022\/12\/Juliana.jpg\" alt=\"\" class=\"wp-image-17718\" width=\"369\" height=\"387\" srcset=\"https:\/\/diariotribuna.com.br\/wp-content\/uploads\/2022\/12\/Juliana.jpg 650w, https:\/\/diariotribuna.com.br\/wp-content\/uploads\/2022\/12\/Juliana-286x300.jpg 286w, https:\/\/diariotribuna.com.br\/wp-content\/uploads\/2022\/12\/Juliana-401x420.jpg 401w\" sizes=\"(max-width: 369px) 100vw, 369px\" \/><figcaption class=\"wp-element-caption\"><strong><strong>Juliana Lemes da Cruz.<\/strong><\/strong><br><strong><strong>Doutoranda em Pol\u00edtica Social \u2013 UFF.<\/strong><\/strong><br><strong><strong>Pesquisadora GEPAF\/UFVJM.<\/strong><\/strong><br><strong><strong>Coordenadora do Projeto MLV.<\/strong><\/strong><br><strong><strong>Contato: <\/strong><a href=\"mailto:julianalemes@id.uff.br\"><strong>julianalemes@id.uff.br<\/strong><\/a><\/strong><\/figcaption><\/figure>\n\n\n\n<p>A fama bateu \u00e0 porta do gari ap\u00f3s a repercuss\u00e3o de um v\u00eddeo em uma rede social. Seu trabalho noturno, no centro da capital mineira, era badalado. Admiradores o abordaram para registrar fotografias. Eram mulheres, homens, crian\u00e7as e fam\u00edlias inteiras.<\/p>\n\n\n\n<p>Morador de um aglomerado urbano de Belo Horizonte, Tales, o \u201cGari Gato\u201d, passou a mostrar sua rotina de tarefas dom\u00e9sticas em pequenos v\u00eddeos que postava nas redes sociais. Sua vida pessoal estava exposta de forma bastante clara: uma vida simples, de disciplina alimentar e amor \u00e0 profiss\u00e3o. Tales disse ter feito esfor\u00e7o para ser admitido na empresa de coleta porque admirava a alegria com que os garis trabalhavam enquanto coletava o lixo nas proximidades do supermercado em que trabalhava \u00e0 \u00e9poca.<\/p>\n\n\n\n<p>Certo \u00e9, que a fama tem sido uma experi\u00eancia desafiante para Tales e sua companheira. Por um lado, o \u00f4nus, especialmente carregado por Josy, que recebe cr\u00edticas ofensivas por parte de algumas seguidoras do Gari Gato. Por outro, o b\u00f4nus de tornarem-se refer\u00eancias como casal que deixou diferen\u00e7as de lado para assumir viver um amor que os surpreendeu. Tales e Josy s\u00e3o admirados nas redes pela naturalidade que exp\u00f5em suas realidades. O gari que, em um belo dia se tornou influencer com cerca de 3 milh\u00f5es de seguidores em suas redes, nos \u00faltimos 2 anos manteve seu destaque em raz\u00e3o da simplicidade e espontaneidade com os quais conquistou p\u00fablico de todos os cantos do Brasil.<\/p>\n\n\n\n<p>Como fiel seguidora do Gari Gato, recordo-me de um v\u00eddeo curto que o casal gravou com uma influencer-personal trainer, onde a Josy simulava que estaria com ci\u00fames do Tales. Foi o bastante para que seguidoras a criticassem pela brincadeira, lan\u00e7ando ofensas que se relacionavam \u00e0 sua condi\u00e7\u00e3o de policial. A postagem, que levou o nome de \u201cquando a f\u00e3 come\u00e7a se empolgar\u201d, rendeu mais de 4 milh\u00f5es e meio de visualiza\u00e7\u00f5es e cerca de 4 mil coment\u00e1rios, s\u00f3 no Instagram. Em resumo, uma minoria, confundiu tudo. Misturou-se a rela\u00e7\u00e3o de poder que ela exerce em raz\u00e3o de sua profiss\u00e3o com a situa\u00e7\u00e3o simulada entre o casal e uma amiga. Era para ser divertido, e para a maioria, realmente foi. O comportamento de algumas mulheres nada mais \u00e9 que o flagrante reflexo do machismo estrutural. Sim! Mulheres tamb\u00e9m reproduzem atitudes extremamente machistas, de desrespeito e pr\u00e9-julgamentos a outras mulheres, como um esfor\u00e7o \u00e0 ideia naturalizada da competi\u00e7\u00e3o feminina.<\/p>\n\n\n\n<p>Outra quest\u00e3o lembrada foi a diferen\u00e7a de idade entre o casal. No caso dos homens, n\u00e3o parece ser um problema se ele tem mais idade, mas, no caso das mulheres, ser mais velha que o parceiro parece um defeito. Josy, que \u00e9 6 anos mais velha que Tales, ainda recebe muitos ataques nas redes, embora tenha aprendido a lidar com eles. \u201cN\u00e3o fui com a cara dela\u201d; \u201cEla \u00e9 mais velha que ele?\u201d; \u201cPoderia ter achado uma mais bonita\u201d\u2026 s\u00e3o alguns dos coment\u00e1rios. Para qualquer mulher, contornar situa\u00e7\u00f5es assim, exige que ela saiba muito bem quem \u00e9 e o lugar que ocupa para n\u00e3o deixar que ningu\u00e9m diga onde ela deve estar. Mulher com autoestima balan\u00e7ada, n\u00e3o segura o roj\u00e3o. Por isso, \u00e9 t\u00e3o importante a busca pelo autoconhecimento e independ\u00eancia econ\u00f4mica e emocional.<\/p>\n\n\n\n<p>Josy, ao responder algumas mensagens, ressaltou o quanto n\u00f3s, mulheres, normalizamos o ass\u00e9dio quando ele \u00e9 feito por mulheres a homens, ao passo que repudiamos quando homens nos assediam. Assim como o ass\u00e9dio incomoda as mulheres, tamb\u00e9m incomoda os homens. \u201cTales \u00e9 uma figura p\u00fablica, n\u00e3o um patrim\u00f4nio p\u00fablico\u201d, reclamou Josy, que n\u00e3o considera os ci\u00fames um problema em potencial, mas, sim, o desrespeito das formas de ass\u00e9dio.<\/p>\n\n\n\n<p>Outras postagens tamb\u00e9m geraram pol\u00eamica e um alerta para o quanto pode ser perigoso a exposi\u00e7\u00e3o nas redes sociais. Al\u00e9m das cr\u00edticas \u00e0 Josy, que pode n\u00e3o ter sido abordada de outra forma por ser uma policial, a filha do Tales, de 15 anos, come\u00e7ou a ser assediada nas redes. Motivo pelo qual, Tales decidiu preserv\u00e1-la da exposi\u00e7\u00e3o ao p\u00fablico. O casal partilha, abertamente, seus momentos em fam\u00edlia, tendo reunido, inclusive, seus filhos em uma recente viagem ao litoral baiano. Josy tem dois filhos, Kaio (20) e Arthur (17). Tales tem duas filhas, J\u00falia (15) e Isabela (8). Fred, o c\u00e3ozinho, tamb\u00e9m faz parte da fam\u00edlia.<\/p>\n\n\n\n<p>Como b\u00f4nus, o casal recebe o respeito, admira\u00e7\u00e3o e carinho de muita gente que torce por eles. T\u00eam potencial para exercer influ\u00eancia positiva em linguagem acess\u00edvel a pessoas de g\u00eaneros e idades variadas, expondo para o debate, tem\u00e1ticas caras \u00e0 sociedade, a exemplo da viol\u00eancia dom\u00e9stica contra as mulheres \u2013 chegamos a fazer uma live sobre isso \u2013, e saneamento b\u00e1sico. T\u00eam portas abertas em espa\u00e7os que antes n\u00e3o tinham e veem outras possibilidades de renda em virtude de distintas propostas de trabalho.<\/p>\n\n\n\n<p>Entre o \u00f4nus da exposi\u00e7\u00e3o que invade a privacidade do casal e o b\u00f4nus, que oferece novas oportunidades, encontra-se uma hist\u00f3ria em comum cheia de momentos inesquec\u00edveis que vem sendo marcada pela rapidez com que as coisas t\u00eam acontecido. Os seguidores e f\u00e3s s\u00e3o os grandes propulsores do sucesso do companheiro da policial: o gari. Pessoa de origem humilde que, da noite para o dia, se descobriu modelo e influencer, desafiada a al\u00e7ar novos voos. Na pr\u00f3xima parte, a administra\u00e7\u00e3o da fama de uma \u201csub celebridade\u201d e as exposi\u00e7\u00f5es do casal na grande m\u00eddia.<\/p>\n\n\n\n<pre class=\"wp-block-verse\"><strong>Para conhecer melhor, siga @garigatobh e @josylima01<\/strong><\/pre>\n\n\n\n<figure class=\"wp-block-image size-large is-resized is-style-default\"><img loading=\"lazy\" decoding=\"async\" src=\"https:\/\/diariotribuna.com.br\/wp-content\/uploads\/2022\/12\/1af56978-d390-47f3-bff0-f04e6eecf088-658x1024.jpg\" alt=\"\" class=\"wp-image-17717\" width=\"591\" height=\"920\" srcset=\"https:\/\/diariotribuna.com.br\/wp-content\/uploads\/2022\/12\/1af56978-d390-47f3-bff0-f04e6eecf088-658x1024.jpg 658w, https:\/\/diariotribuna.com.br\/wp-content\/uploads\/2022\/12\/1af56978-d390-47f3-bff0-f04e6eecf088-193x300.jpg 193w, https:\/\/diariotribuna.com.br\/wp-content\/uploads\/2022\/12\/1af56978-d390-47f3-bff0-f04e6eecf088-696x1084.jpg 696w, https:\/\/diariotribuna.com.br\/wp-content\/uploads\/2022\/12\/1af56978-d390-47f3-bff0-f04e6eecf088-270x420.jpg 270w, https:\/\/diariotribuna.com.br\/wp-content\/uploads\/2022\/12\/1af56978-d390-47f3-bff0-f04e6eecf088.jpg 700w\" sizes=\"(max-width: 591px) 100vw, 591px\" \/><\/figure>\n","protected":false},"excerpt":{"rendered":"<p>A fama bateu \u00e0 porta do gari ap\u00f3s a repercuss\u00e3o de um v\u00eddeo em uma rede social. Seu trabalho noturno, no centro da capital mineira, era badalado. Admiradores o abordaram para registrar fotografias. Eram mulheres, homens, crian\u00e7as e fam\u00edlias inteiras. Morador de um aglomerado urbano de Belo Horizonte, Tales, o \u201cGari Gato\u201d, passou a mostrar [&hellip;]<\/p>\n","protected":false},"author":1,"featured_media":17718,"comment_status":"open","ping_status":"open","sticky":false,"template":"","format":"standard","meta":{"rop_custom_images_group":[],"rop_custom_messages_group":[],"rop_publish_now":"initial","rop_publish_now_accounts":[],"rop_publish_now_history":[],"rop_publish_now_status":"pending","footnotes":""},"categories":[24],"tags":[4965,4944,1194,4964,4359,4963],"class_list":["post-17716","post","type-post","status-publish","format-standard","has-post-thumbnail","hentry","category-opiniao","tag-bonus","tag-casal-conectado","tag-juliana-lemes","tag-onus","tag-parte-2","tag-sub-celebridade"],"_links":{"self":[{"href":"https:\/\/diariotribuna.com.br\/index.php?rest_route=\/wp\/v2\/posts\/17716"}],"collection":[{"href":"https:\/\/diariotribuna.com.br\/index.php?rest_route=\/wp\/v2\/posts"}],"about":[{"href":"https:\/\/diariotribuna.com.br\/index.php?rest_route=\/wp\/v2\/types\/post"}],"author":[{"embeddable":true,"href":"https:\/\/diariotribuna.com.br\/index.php?rest_route=\/wp\/v2\/users\/1"}],"replies":[{"embeddable":true,"href":"https:\/\/diariotribuna.com.br\/index.php?rest_route=%2Fwp%2Fv2%2Fcomments&post=17716"}],"version-history":[{"count":2,"href":"https:\/\/diariotribuna.com.br\/index.php?rest_route=\/wp\/v2\/posts\/17716\/revisions"}],"predecessor-version":[{"id":17876,"href":"https:\/\/diariotribuna.com.br\/index.php?rest_route=\/wp\/v2\/posts\/17716\/revisions\/17876"}],"wp:featuredmedia":[{"embeddable":true,"href":"https:\/\/diariotribuna.com.br\/index.php?rest_route=\/wp\/v2\/media\/17718"}],"wp:attachment":[{"href":"https:\/\/diariotribuna.com.br\/index.php?rest_route=%2Fwp%2Fv2%2Fmedia&parent=17716"}],"wp:term":[{"taxonomy":"category","embeddable":true,"href":"https:\/\/diariotribuna.com.br\/index.php?rest_route=%2Fwp%2Fv2%2Fcategories&post=17716"},{"taxonomy":"post_tag","embeddable":true,"href":"https:\/\/diariotribuna.com.br\/index.php?rest_route=%2Fwp%2Fv2%2Ftags&post=17716"}],"curies":[{"name":"wp","href":"https:\/\/api.w.org\/{rel}","templated":true}]}}