{"id":17729,"date":"2022-12-03T19:16:37","date_gmt":"2022-12-03T22:16:37","guid":{"rendered":"https:\/\/diariotribuna.com.br\/?p=17729"},"modified":"2022-12-05T23:22:55","modified_gmt":"2022-12-06T02:22:55","slug":"dois-irmaos-morrem-em-grave-acidente-na-mg-409-em-teofilo-otoni","status":"publish","type":"post","link":"https:\/\/diariotribuna.com.br\/?p=17729","title":{"rendered":"Dois irm\u00e3os morrem em grave acidente na MG 409, em Te\u00f3filo Otoni"},"content":{"rendered":"\n<figure class=\"wp-block-image size-full is-resized is-style-default\"><img loading=\"lazy\" decoding=\"async\" src=\"https:\/\/diariotribuna.com.br\/wp-content\/uploads\/2022\/12\/323e4039-d08f-4b58-976e-86be5f9e4e18.jpg\" alt=\"\" class=\"wp-image-17730\" width=\"530\" height=\"324\" srcset=\"https:\/\/diariotribuna.com.br\/wp-content\/uploads\/2022\/12\/323e4039-d08f-4b58-976e-86be5f9e4e18.jpg 700w, https:\/\/diariotribuna.com.br\/wp-content\/uploads\/2022\/12\/323e4039-d08f-4b58-976e-86be5f9e4e18-300x183.jpg 300w, https:\/\/diariotribuna.com.br\/wp-content\/uploads\/2022\/12\/323e4039-d08f-4b58-976e-86be5f9e4e18-696x426.jpg 696w, https:\/\/diariotribuna.com.br\/wp-content\/uploads\/2022\/12\/323e4039-d08f-4b58-976e-86be5f9e4e18-687x420.jpg 687w\" sizes=\"(max-width: 530px) 100vw, 530px\" \/><\/figure>\n\n\n\n<p>O acidente aconteceu na tarde deste s\u00e1bado (03\/12), na MG 409, no km 17, numa curva sinuosa, pr\u00f3ximo ao Distrito de Top\u00e1zio, C\u00f3rrego Jacar\u00e9, munic\u00edpio de Te\u00f3filo Otoni. Uma motocicleta Honda\/CG Titan 150, cor laranja, ocupada por dois irm\u00e3os, <strong>o condutor Gustavo Gomes da Silva, de 20 anos<\/strong>, e o <strong>passageiro Guilherme Gomes da Silva, de 19<\/strong>, seguia sentido Novo Oriente de Minas, quando o condutor perdeu o controle direcional e colidiu violentamente contra um caminh\u00e3o Ford\/Cargo, cor vermelha, que seguia na dire\u00e7\u00e3o contr\u00e1ria.<\/p>\n\n\n\n<p>Com o impacto da colis\u00e3o, a motocicleta pegou fogo, os dois ocupantes tiveram morte instant\u00e2nea. O condutor teve o corpo parcialmente carbonizado. Segundo a Pol\u00edcia Militar Rodovi\u00e1ria, o condutor do caminh\u00e3o C.F.A., de 46 anos, relatou que transitava pela rodovia, quando deparou com a motocicleta, que invadiu a contram\u00e3o em alta velocidade, chocando-se contra seu ve\u00edculo. Disse que o capacete pegou fogo ainda na cabe\u00e7a no condutor.<\/p>\n\n\n\n<figure class=\"wp-block-gallery has-nested-images columns-default is-cropped wp-block-gallery-1 is-layout-flex wp-block-gallery-is-layout-flex\">\n<figure class=\"wp-block-image size-large is-style-default\"><img loading=\"lazy\" decoding=\"async\" width=\"600\" height=\"369\" data-id=\"17732\" src=\"https:\/\/diariotribuna.com.br\/wp-content\/uploads\/2022\/12\/902df0d3-734e-48ad-86d3-70be458a8d45.jpg\" alt=\"\" class=\"wp-image-17732\" srcset=\"https:\/\/diariotribuna.com.br\/wp-content\/uploads\/2022\/12\/902df0d3-734e-48ad-86d3-70be458a8d45.jpg 600w, https:\/\/diariotribuna.com.br\/wp-content\/uploads\/2022\/12\/902df0d3-734e-48ad-86d3-70be458a8d45-300x185.jpg 300w, https:\/\/diariotribuna.com.br\/wp-content\/uploads\/2022\/12\/902df0d3-734e-48ad-86d3-70be458a8d45-356x220.jpg 356w\" sizes=\"(max-width: 600px) 100vw, 600px\" \/><\/figure>\n\n\n\n<figure class=\"wp-block-image size-large is-style-default\"><img loading=\"lazy\" decoding=\"async\" width=\"400\" height=\"303\" data-id=\"17731\" src=\"https:\/\/diariotribuna.com.br\/wp-content\/uploads\/2022\/12\/Sem-titulo.png\" alt=\"\" class=\"wp-image-17731\" srcset=\"https:\/\/diariotribuna.com.br\/wp-content\/uploads\/2022\/12\/Sem-titulo.png 400w, https:\/\/diariotribuna.com.br\/wp-content\/uploads\/2022\/12\/Sem-titulo-300x227.png 300w, https:\/\/diariotribuna.com.br\/wp-content\/uploads\/2022\/12\/Sem-titulo-80x60.png 80w\" sizes=\"(max-width: 400px) 100vw, 400px\" \/><\/figure>\n<\/figure>\n\n\n\n<p>O passageiro sofreu um corte profundo na regi\u00e3o frontal e fraturas m\u00faltiplas pelo corpo. O caminh\u00e3o arrastou a motocicleta por alguns metros, parando no acostamento, com a moto em chamas. Segundo um militar que atuou na ocorr\u00eancia, n\u00e3o chovia no momento do acidente, s\u00f3 choveu ap\u00f3s a chegada da sua equipe no local. Ap\u00f3s os trabalhos na per\u00edcia t\u00e9cnica da Pol\u00edcia Civil, os corpos de Gustavo e Guilherme foram removidos ao IML de Te\u00f3filo Otoni para necropsia. (Informa\u00e7\u00f5es: PM Rodovi\u00e1ria\/ Fotos: Divulga\u00e7\u00e3o).<\/p>\n\n\n\n<p><\/p>\n","protected":false},"excerpt":{"rendered":"<p>O acidente aconteceu na tarde deste s\u00e1bado (03\/12), na MG 409, no km 17, numa curva sinuosa, pr\u00f3ximo ao Distrito de Top\u00e1zio, C\u00f3rrego Jacar\u00e9, munic\u00edpio de Te\u00f3filo Otoni. Uma motocicleta Honda\/CG Titan 150, cor laranja, ocupada por dois irm\u00e3os, o condutor Gustavo Gomes da Silva, de 20 anos, e o passageiro Guilherme Gomes da Silva, [&hellip;]<\/p>\n","protected":false},"author":1,"featured_media":17730,"comment_status":"open","ping_status":"open","sticky":false,"template":"","format":"standard","meta":{"rop_custom_images_group":[],"rop_custom_messages_group":[],"rop_publish_now":"initial","rop_publish_now_accounts":[],"rop_publish_now_history":[],"rop_publish_now_status":"pending","footnotes":""},"categories":[18],"tags":[1926,125,185,1141,190,1030,75],"class_list":["post-17729","post","type-post","status-publish","format-standard","has-post-thumbnail","hentry","category-regiao","tag-2-obitos","tag-acidente","tag-caminhao","tag-mg-409","tag-moto","tag-policia-militar-rodoviaria","tag-teofilo-otoni"],"_links":{"self":[{"href":"https:\/\/diariotribuna.com.br\/index.php?rest_route=\/wp\/v2\/posts\/17729"}],"collection":[{"href":"https:\/\/diariotribuna.com.br\/index.php?rest_route=\/wp\/v2\/posts"}],"about":[{"href":"https:\/\/diariotribuna.com.br\/index.php?rest_route=\/wp\/v2\/types\/post"}],"author":[{"embeddable":true,"href":"https:\/\/diariotribuna.com.br\/index.php?rest_route=\/wp\/v2\/users\/1"}],"replies":[{"embeddable":true,"href":"https:\/\/diariotribuna.com.br\/index.php?rest_route=%2Fwp%2Fv2%2Fcomments&post=17729"}],"version-history":[{"count":1,"href":"https:\/\/diariotribuna.com.br\/index.php?rest_route=\/wp\/v2\/posts\/17729\/revisions"}],"predecessor-version":[{"id":17733,"href":"https:\/\/diariotribuna.com.br\/index.php?rest_route=\/wp\/v2\/posts\/17729\/revisions\/17733"}],"wp:featuredmedia":[{"embeddable":true,"href":"https:\/\/diariotribuna.com.br\/index.php?rest_route=\/wp\/v2\/media\/17730"}],"wp:attachment":[{"href":"https:\/\/diariotribuna.com.br\/index.php?rest_route=%2Fwp%2Fv2%2Fmedia&parent=17729"}],"wp:term":[{"taxonomy":"category","embeddable":true,"href":"https:\/\/diariotribuna.com.br\/index.php?rest_route=%2Fwp%2Fv2%2Fcategories&post=17729"},{"taxonomy":"post_tag","embeddable":true,"href":"https:\/\/diariotribuna.com.br\/index.php?rest_route=%2Fwp%2Fv2%2Ftags&post=17729"}],"curies":[{"name":"wp","href":"https:\/\/api.w.org\/{rel}","templated":true}]}}