{"id":17734,"date":"2022-12-04T00:58:38","date_gmt":"2022-12-04T03:58:38","guid":{"rendered":"https:\/\/diariotribuna.com.br\/?p=17734"},"modified":"2022-12-08T00:50:25","modified_gmt":"2022-12-08T03:50:25","slug":"gepar-do-19o-batalhao-prende-autores-de-furto-em-residencia-de-teofilo-otoni","status":"publish","type":"post","link":"https:\/\/diariotribuna.com.br\/?p=17734","title":{"rendered":"GEPAR do 19\u00ba Batalh\u00e3o prende autores de furto em resid\u00eancia de Te\u00f3filo Otoni"},"content":{"rendered":"\n<figure class=\"wp-block-image size-full is-resized is-style-default\"><img loading=\"lazy\" decoding=\"async\" src=\"https:\/\/diariotribuna.com.br\/wp-content\/uploads\/2022\/12\/3f6fbe30-5062-45d1-8bd1-8e8b470cff6f-Copia.jpg\" alt=\"\" class=\"wp-image-17735\" width=\"490\" height=\"344\" srcset=\"https:\/\/diariotribuna.com.br\/wp-content\/uploads\/2022\/12\/3f6fbe30-5062-45d1-8bd1-8e8b470cff6f-Copia.jpg 700w, https:\/\/diariotribuna.com.br\/wp-content\/uploads\/2022\/12\/3f6fbe30-5062-45d1-8bd1-8e8b470cff6f-Copia-300x210.jpg 300w, https:\/\/diariotribuna.com.br\/wp-content\/uploads\/2022\/12\/3f6fbe30-5062-45d1-8bd1-8e8b470cff6f-Copia-100x70.jpg 100w, https:\/\/diariotribuna.com.br\/wp-content\/uploads\/2022\/12\/3f6fbe30-5062-45d1-8bd1-8e8b470cff6f-Copia-696x488.jpg 696w, https:\/\/diariotribuna.com.br\/wp-content\/uploads\/2022\/12\/3f6fbe30-5062-45d1-8bd1-8e8b470cff6f-Copia-599x420.jpg 599w\" sizes=\"(max-width: 490px) 100vw, 490px\" \/><\/figure>\n\n\n\n<p>O Grupo Especializado em Patrulhamento em \u00c1rea de Risco (GEPAR) do 19\u00ba Batalh\u00e3o de Pol\u00edcia Militar de Te\u00f3filo Otoni recebeu den\u00fancia, neste s\u00e1bado (03\/12), informando que indiv\u00edduos estariam cometendo diversos furtos em uma resid\u00eancia situada na Rua Engenheiro Celso Murta, Bairro Doutor Laerte Laender, e que inclusive teriam subtra\u00eddo armas de fogo do local.<\/p>\n\n\n\n<p>A equipe do GEPAR fez dilig\u00eancias junto com o coordenador do policiamento da unidade (CPU), e dois autores do furto foram localizados na Rua Maria Augusta (Morro da R\u00e1dio), sendo um maior que foi preso e um menor, de 16 anos, que foi apreendido. Com os dois foram apreendidos e recuperados 01 arma de fogo, muni\u00e7\u00f5es e uma grande quantidade de porcelanas inglesas de grande valor comercial, e lou\u00e7as em geral.<\/p>\n\n\n\n<p>Os materiais foram encaminhados para a delegacia de Pol\u00edcia Civil, junto com os autores, para ado\u00e7\u00e3o das medidas de pol\u00edcia judici\u00e1ria. <strong>Materiais apreendidos:<\/strong> 01 rev\u00f3lver calibre 32, 04 cartuchos calibre 38, 06 cartuchos calibre 32, dois estojos de muni\u00e7\u00e3o, um coldre, 163 pe\u00e7as de lou\u00e7as em porcelana, vidros e inox. <strong>Equipe GEPAR:<\/strong> sargento Mikael, cabos Abrantes e Walace. <strong>CPU:<\/strong> tenente Diego, cabo M\u00e1rlio. (Informa\u00e7\u00f5es\/Foto: PMMG\/ 19\u00ba BPM).<\/p>\n","protected":false},"excerpt":{"rendered":"<p>O Grupo Especializado em Patrulhamento em \u00c1rea de Risco (GEPAR) do 19\u00ba Batalh\u00e3o de Pol\u00edcia Militar de Te\u00f3filo Otoni recebeu den\u00fancia, neste s\u00e1bado (03\/12), informando que indiv\u00edduos estariam cometendo diversos furtos em uma resid\u00eancia situada na Rua Engenheiro Celso Murta, Bairro Doutor Laerte Laender, e que inclusive teriam subtra\u00eddo armas de fogo do local. A [&hellip;]<\/p>\n","protected":false},"author":1,"featured_media":17735,"comment_status":"open","ping_status":"open","sticky":false,"template":"","format":"standard","meta":{"rop_custom_images_group":[],"rop_custom_messages_group":[],"rop_publish_now":"initial","rop_publish_now_accounts":[],"rop_publish_now_history":[],"rop_publish_now_status":"pending","footnotes":""},"categories":[20],"tags":[74,986,645,76,4968,75],"class_list":["post-17734","post","type-post","status-publish","format-standard","has-post-thumbnail","hentry","category-policia","tag-19o-bpm","tag-furto","tag-gepar","tag-policia-militar","tag-residencia","tag-teofilo-otoni"],"_links":{"self":[{"href":"https:\/\/diariotribuna.com.br\/index.php?rest_route=\/wp\/v2\/posts\/17734"}],"collection":[{"href":"https:\/\/diariotribuna.com.br\/index.php?rest_route=\/wp\/v2\/posts"}],"about":[{"href":"https:\/\/diariotribuna.com.br\/index.php?rest_route=\/wp\/v2\/types\/post"}],"author":[{"embeddable":true,"href":"https:\/\/diariotribuna.com.br\/index.php?rest_route=\/wp\/v2\/users\/1"}],"replies":[{"embeddable":true,"href":"https:\/\/diariotribuna.com.br\/index.php?rest_route=%2Fwp%2Fv2%2Fcomments&post=17734"}],"version-history":[{"count":1,"href":"https:\/\/diariotribuna.com.br\/index.php?rest_route=\/wp\/v2\/posts\/17734\/revisions"}],"predecessor-version":[{"id":17736,"href":"https:\/\/diariotribuna.com.br\/index.php?rest_route=\/wp\/v2\/posts\/17734\/revisions\/17736"}],"wp:featuredmedia":[{"embeddable":true,"href":"https:\/\/diariotribuna.com.br\/index.php?rest_route=\/wp\/v2\/media\/17735"}],"wp:attachment":[{"href":"https:\/\/diariotribuna.com.br\/index.php?rest_route=%2Fwp%2Fv2%2Fmedia&parent=17734"}],"wp:term":[{"taxonomy":"category","embeddable":true,"href":"https:\/\/diariotribuna.com.br\/index.php?rest_route=%2Fwp%2Fv2%2Fcategories&post=17734"},{"taxonomy":"post_tag","embeddable":true,"href":"https:\/\/diariotribuna.com.br\/index.php?rest_route=%2Fwp%2Fv2%2Ftags&post=17734"}],"curies":[{"name":"wp","href":"https:\/\/api.w.org\/{rel}","templated":true}]}}