{"id":17737,"date":"2022-12-04T23:56:55","date_gmt":"2022-12-05T02:56:55","guid":{"rendered":"https:\/\/diariotribuna.com.br\/?p=17737"},"modified":"2022-12-08T17:04:38","modified_gmt":"2022-12-08T20:04:38","slug":"apos-discussao-homem-e-morto-a-facada-dentro-de-casa-em-malacacheta","status":"publish","type":"post","link":"https:\/\/diariotribuna.com.br\/?p=17737","title":{"rendered":"Ap\u00f3s discuss\u00e3o homem \u00e9 morto a facada dentro de casa em Malacacheta"},"content":{"rendered":"\n<figure class=\"wp-block-image size-full is-resized is-style-default\"><img loading=\"lazy\" decoding=\"async\" src=\"https:\/\/diariotribuna.com.br\/wp-content\/uploads\/2022\/12\/unnamed-file.jpg\" alt=\"\" class=\"wp-image-17739\" width=\"548\" height=\"332\" srcset=\"https:\/\/diariotribuna.com.br\/wp-content\/uploads\/2022\/12\/unnamed-file.jpg 700w, https:\/\/diariotribuna.com.br\/wp-content\/uploads\/2022\/12\/unnamed-file-300x182.jpg 300w, https:\/\/diariotribuna.com.br\/wp-content\/uploads\/2022\/12\/unnamed-file-696x422.jpg 696w, https:\/\/diariotribuna.com.br\/wp-content\/uploads\/2022\/12\/unnamed-file-693x420.jpg 693w\" sizes=\"(max-width: 548px) 100vw, 548px\" \/><\/figure>\n\n\n\n<p>O crime aconteceu na tarde de s\u00e1bado (03\/12), na Rua Raul Coelho Sobrinho, Bairro Bela Vista, em Malacacheta. A Pol\u00edcia Militar foi acionada e a solicitante informou que havia localizado seu primo Marcos Ant\u00f4nio Macena dos Santos, de 24 anos, com uma faca cravada no cr\u00e2nio, aparentando estar morto. Os militares foram ao local, entraram na resid\u00eancia e depararam com Marcos no quarto deitado em uma cama, e uma faca presa no lado esquerdo do cr\u00e2nio. Uma equipe do Samu confirmou o \u00f3bito no local.<\/p>\n\n\n\n<p>A per\u00edcia t\u00e9cnica da Pol\u00edcia Civil esteve no local, e ap\u00f3s os trabalhos de praxe, o corpo foi removido ao IML de Te\u00f3filo Otoni para ser necropsiado. A testemunha disse que esteve num bar \u00e0s 10h da manh\u00e3, junto com Marcos e mais dois amigos consumiram bebida alco\u00f3lica. Depois foram a outro bar, e por volta das 12h, convidou todos para irem \u00e0 sua casa, para um almo\u00e7o. Por volta das 12h30, sua irm\u00e3 chegou, e elas ajudaram o Marcos a deitar-se no quarto, pois ele estaria muito embriagado.<\/p>\n\n\n\n<p>Disse que pouco tempo depois o seu ex-am\u00e1sio L.F.S., de 38 anos, tamb\u00e9m chegou, e ele come\u00e7ou a conversar com Marcos sobre problema passado, tendo Marcos dito que n\u00e3o tinha nada contra ele, mas se fizesse algo contra sua prima, ele comprava a briga. L.F.S, foi at\u00e9 a cozinha, e respondeu: \u201cesse cara est\u00e1 de maldade comigo&#8221;. A testemunha disse que n\u00e3o queria confus\u00e3o na sua casa, saiu para comprar salgado, e quando retornou percebeu que havia um objeto na cabe\u00e7a de Marcos, quando se aproximou constatou ser uma faca com a l\u00e2mina totalmente dentro do cr\u00e2nio.<\/p>\n\n\n\n<p>Ela disse que saiu em desespero gritando por socorro, um vizinho orientou acionar a Pol\u00edcia Militar, e L.F.S. n\u00e3o estava mais no local. Os militares fizeram dilig\u00eancias nos endere\u00e7os de familiares do suspeito, mas ele n\u00e3o foi encontrado. Uma testemunha disse que estava com L.F.S. quando teria visto ele receber uma liga\u00e7\u00e3o da prima da v\u00edtima o convidando para uma farra em sua casa. Os militares continuaram com buscas ininterruptas \u00e0 procura do suspeito, quando uma pessoa denunciou onde ele estava, e disse que a prima da v\u00edtima teria envolvimento no crime. O suspeito foi localizado na Rua Palmira Abrantes P\u00eago. Ele negou participa\u00e7\u00e3o no crime. Ele e testemunhas arroladas na ocorr\u00eancia foram encaminhados \u00e0 delegacia de Pol\u00edcia Civil. (Informa\u00e7\u00f5es: PMMG).<\/p>\n","protected":false},"excerpt":{"rendered":"<p>O crime aconteceu na tarde de s\u00e1bado (03\/12), na Rua Raul Coelho Sobrinho, Bairro Bela Vista, em Malacacheta. A Pol\u00edcia Militar foi acionada e a solicitante informou que havia localizado seu primo Marcos Ant\u00f4nio Macena dos Santos, de 24 anos, com uma faca cravada no cr\u00e2nio, aparentando estar morto. Os militares foram ao local, entraram [&hellip;]<\/p>\n","protected":false},"author":1,"featured_media":17739,"comment_status":"open","ping_status":"open","sticky":false,"template":"","format":"standard","meta":{"rop_custom_images_group":[],"rop_custom_messages_group":[],"rop_publish_now":"initial","rop_publish_now_accounts":[],"rop_publish_now_history":[],"rop_publish_now_status":"pending","footnotes":""},"categories":[20],"tags":[1988,107,444,292,76],"class_list":["post-17737","post","type-post","status-publish","format-standard","has-post-thumbnail","hentry","category-policia","tag-bairro-bela-vista","tag-homicidio","tag-malacacheta","tag-policia-civil","tag-policia-militar"],"_links":{"self":[{"href":"https:\/\/diariotribuna.com.br\/index.php?rest_route=\/wp\/v2\/posts\/17737"}],"collection":[{"href":"https:\/\/diariotribuna.com.br\/index.php?rest_route=\/wp\/v2\/posts"}],"about":[{"href":"https:\/\/diariotribuna.com.br\/index.php?rest_route=\/wp\/v2\/types\/post"}],"author":[{"embeddable":true,"href":"https:\/\/diariotribuna.com.br\/index.php?rest_route=\/wp\/v2\/users\/1"}],"replies":[{"embeddable":true,"href":"https:\/\/diariotribuna.com.br\/index.php?rest_route=%2Fwp%2Fv2%2Fcomments&post=17737"}],"version-history":[{"count":2,"href":"https:\/\/diariotribuna.com.br\/index.php?rest_route=\/wp\/v2\/posts\/17737\/revisions"}],"predecessor-version":[{"id":17741,"href":"https:\/\/diariotribuna.com.br\/index.php?rest_route=\/wp\/v2\/posts\/17737\/revisions\/17741"}],"wp:featuredmedia":[{"embeddable":true,"href":"https:\/\/diariotribuna.com.br\/index.php?rest_route=\/wp\/v2\/media\/17739"}],"wp:attachment":[{"href":"https:\/\/diariotribuna.com.br\/index.php?rest_route=%2Fwp%2Fv2%2Fmedia&parent=17737"}],"wp:term":[{"taxonomy":"category","embeddable":true,"href":"https:\/\/diariotribuna.com.br\/index.php?rest_route=%2Fwp%2Fv2%2Fcategories&post=17737"},{"taxonomy":"post_tag","embeddable":true,"href":"https:\/\/diariotribuna.com.br\/index.php?rest_route=%2Fwp%2Fv2%2Ftags&post=17737"}],"curies":[{"name":"wp","href":"https:\/\/api.w.org\/{rel}","templated":true}]}}