{"id":17782,"date":"2022-12-07T23:22:47","date_gmt":"2022-12-08T02:22:47","guid":{"rendered":"https:\/\/diariotribuna.com.br\/?p=17782"},"modified":"2022-12-14T21:02:38","modified_gmt":"2022-12-15T00:02:38","slug":"investigado-pelo-crime-de-estupro-de-vulneravel-em-pavao-e-preso-em-itabirito","status":"publish","type":"post","link":"https:\/\/diariotribuna.com.br\/?p=17782","title":{"rendered":"<strong>Investigado pelo crime de estupro de vulner\u00e1vel em Pav\u00e3o \u00e9 preso em Itabirito<\/strong>"},"content":{"rendered":"\n<figure class=\"wp-block-image size-full is-resized is-style-default\"><img loading=\"lazy\" decoding=\"async\" src=\"https:\/\/diariotribuna.com.br\/wp-content\/uploads\/2022\/12\/5d803a39-b52b-4064-8930-e4ae3e0c6e9e.jpg\" alt=\"\" class=\"wp-image-17783\" width=\"441\" height=\"274\" srcset=\"https:\/\/diariotribuna.com.br\/wp-content\/uploads\/2022\/12\/5d803a39-b52b-4064-8930-e4ae3e0c6e9e.jpg 700w, https:\/\/diariotribuna.com.br\/wp-content\/uploads\/2022\/12\/5d803a39-b52b-4064-8930-e4ae3e0c6e9e-300x186.jpg 300w, https:\/\/diariotribuna.com.br\/wp-content\/uploads\/2022\/12\/5d803a39-b52b-4064-8930-e4ae3e0c6e9e-356x220.jpg 356w, https:\/\/diariotribuna.com.br\/wp-content\/uploads\/2022\/12\/5d803a39-b52b-4064-8930-e4ae3e0c6e9e-696x433.jpg 696w, https:\/\/diariotribuna.com.br\/wp-content\/uploads\/2022\/12\/5d803a39-b52b-4064-8930-e4ae3e0c6e9e-676x420.jpg 676w\" sizes=\"(max-width: 441px) 100vw, 441px\" \/><\/figure>\n\n\n\n<p>A Pol\u00edcia Civil de Minas Gerais, atrav\u00e9s da 1\u00aa Delegacia Regional de Pol\u00edcia Civil de Te\u00f3filo Otoni\/MG (Delegacia de Pol\u00edcia de Pav\u00e3o\/MG), prendeu, na ter\u00e7a-feira (06\/12), G.J.P.B., de 44 anos, indiv\u00edduo denunciado pela pr\u00e1tica de crime previsto no artigo 217-A, do C\u00f3digo Penal (estupro de vulner\u00e1vel). O fato, noticiado no dia 26\/11\/2022, chegou ao conhecimento da equipe da Delegacia de Pol\u00edcia Civil de Pav\u00e3o, munic\u00edpio pertencente \u00e0 comarca de Te\u00f3filo Otoni, no dia 29\/11\/2022.<\/p>\n\n\n\n<p>Segundo consta, o investigado, G.J.P.B., j\u00e1 agora denunciado, teria, em tese, praticado atos libidinosos com uma v\u00edtima de 8 anos de idade. Conforme relatos, a v\u00edtima fora \u00e0 casa do r\u00e9u para brincar com outra crian\u00e7a, quando, ao sofrer os abusos, pediu para chamar sua m\u00e3e, e teve o pedido negado por G.J.P.B.<\/p>\n\n\n\n<p>Testemunhas relataram que, de acordo com a v\u00edtima, a outra crian\u00e7a, filha do r\u00e9u, estaria dormindo no mesmo quarto em que os abusos foram praticados, no entanto, ningu\u00e9m teria ouvido (filha, tampouco esposa). A Pol\u00edcia Civil, ao tomar conhecimento dos fatos, diligenciou at\u00e9 aquele munic\u00edpio, local em que colheu informa\u00e7\u00f5es e empreendeu dilig\u00eancias.<\/p>\n\n\n\n<p>As investiga\u00e7\u00f5es foram conclu\u00eddas no dia 01\/12\/2022, com representa\u00e7\u00e3o pela pris\u00e3o preventiva do investigado. Ap\u00f3s parecer favor\u00e1vel do Minist\u00e9rio P\u00fablico, o juiz decretou a cust\u00f3dia do r\u00e9u, que at\u00e9 mesmo durante as investiga\u00e7\u00f5es, sequer foi localizado pela equipe policial, vez que se mudou, inesperadamente, para a cidade de Itabirito\/MG.<\/p>\n\n\n\n<p>Ap\u00f3s compartilhar informa\u00e7\u00f5es com a FICCO-BH\/MG (For\u00e7a Integrada de Combate ao Crime Organizado), juntamente ao Servi\u00e7o de Intelig\u00eancia da 250\u00aa Cia da Pol\u00edcia Militar, os diligentes policiais deslocaram at\u00e9 o s\u00edtio \u201cNosso Aconchego\u201d, no C\u00f3rrego do Ba\u00e7\u00e3o, onde localizaram o r\u00e9u, que recebeu voz de pris\u00e3o e foi encaminhado \u00e0 delegacia de Pol\u00edcia Civil de Itabirito, que ap\u00f3s ter seu mandado de pris\u00e3o cumprido, ficar\u00e1 \u00e0 disposi\u00e7\u00e3o da Justi\u00e7a, naquela comarca. (Informa\u00e7\u00f5es: PCMG\/ Te\u00f3filo Otoni).<\/p>\n\n\n\n<p><\/p>\n","protected":false},"excerpt":{"rendered":"<p>A Pol\u00edcia Civil de Minas Gerais, atrav\u00e9s da 1\u00aa Delegacia Regional de Pol\u00edcia Civil de Te\u00f3filo Otoni\/MG (Delegacia de Pol\u00edcia de Pav\u00e3o\/MG), prendeu, na ter\u00e7a-feira (06\/12), G.J.P.B., de 44 anos, indiv\u00edduo denunciado pela pr\u00e1tica de crime previsto no artigo 217-A, do C\u00f3digo Penal (estupro de vulner\u00e1vel). O fato, noticiado no dia 26\/11\/2022, chegou ao conhecimento [&hellip;]<\/p>\n","protected":false},"author":1,"featured_media":17783,"comment_status":"open","ping_status":"open","sticky":false,"template":"","format":"standard","meta":{"rop_custom_images_group":[],"rop_custom_messages_group":[],"rop_publish_now":"initial","rop_publish_now_accounts":[],"rop_publish_now_history":[],"rop_publish_now_status":"pending","footnotes":""},"categories":[20],"tags":[1086,2192,70,292,76,649,75,4977],"class_list":["post-17782","post","type-post","status-publish","format-standard","has-post-thumbnail","hentry","category-policia","tag-estupro","tag-itabirito","tag-minas-gerais","tag-policia-civil","tag-policia-militar","tag-prisao","tag-teofilo-otoni","tag-vulneravel"],"_links":{"self":[{"href":"https:\/\/diariotribuna.com.br\/index.php?rest_route=\/wp\/v2\/posts\/17782"}],"collection":[{"href":"https:\/\/diariotribuna.com.br\/index.php?rest_route=\/wp\/v2\/posts"}],"about":[{"href":"https:\/\/diariotribuna.com.br\/index.php?rest_route=\/wp\/v2\/types\/post"}],"author":[{"embeddable":true,"href":"https:\/\/diariotribuna.com.br\/index.php?rest_route=\/wp\/v2\/users\/1"}],"replies":[{"embeddable":true,"href":"https:\/\/diariotribuna.com.br\/index.php?rest_route=%2Fwp%2Fv2%2Fcomments&post=17782"}],"version-history":[{"count":1,"href":"https:\/\/diariotribuna.com.br\/index.php?rest_route=\/wp\/v2\/posts\/17782\/revisions"}],"predecessor-version":[{"id":17784,"href":"https:\/\/diariotribuna.com.br\/index.php?rest_route=\/wp\/v2\/posts\/17782\/revisions\/17784"}],"wp:featuredmedia":[{"embeddable":true,"href":"https:\/\/diariotribuna.com.br\/index.php?rest_route=\/wp\/v2\/media\/17783"}],"wp:attachment":[{"href":"https:\/\/diariotribuna.com.br\/index.php?rest_route=%2Fwp%2Fv2%2Fmedia&parent=17782"}],"wp:term":[{"taxonomy":"category","embeddable":true,"href":"https:\/\/diariotribuna.com.br\/index.php?rest_route=%2Fwp%2Fv2%2Fcategories&post=17782"},{"taxonomy":"post_tag","embeddable":true,"href":"https:\/\/diariotribuna.com.br\/index.php?rest_route=%2Fwp%2Fv2%2Ftags&post=17782"}],"curies":[{"name":"wp","href":"https:\/\/api.w.org\/{rel}","templated":true}]}}