{"id":17798,"date":"2022-12-08T17:03:53","date_gmt":"2022-12-08T20:03:53","guid":{"rendered":"https:\/\/diariotribuna.com.br\/?p=17798"},"modified":"2022-12-11T00:52:02","modified_gmt":"2022-12-11T03:52:02","slug":"mpf-e-policia-federal-realizam-operacao-contra-individuos-que-se-apropriam-ilegalmente-de-valores-pertencentes-a-indigenas","status":"publish","type":"post","link":"https:\/\/diariotribuna.com.br\/?p=17798","title":{"rendered":"<strong>MPF e Pol\u00edcia Federal realizam opera\u00e7\u00e3o contra indiv\u00edduos que se apropriam ilegalmente de valores pertencentes a ind\u00edgenas<\/strong>"},"content":{"rendered":"\n<h3 class=\"wp-block-heading\"><strong><em>Esta \u00e9 a segunda opera\u00e7\u00e3o realizada para coibir o mesmo tipo de conduta criminosa praticada por um bando j\u00e1 conhecido na regi\u00e3o<\/em><\/strong><\/h3>\n\n\n\n<figure class=\"wp-block-image size-full is-resized is-style-default\"><img loading=\"lazy\" decoding=\"async\" src=\"https:\/\/diariotribuna.com.br\/wp-content\/uploads\/2022\/12\/image_preview.jpg\" alt=\"\" class=\"wp-image-17799\" width=\"443\" height=\"313\" srcset=\"https:\/\/diariotribuna.com.br\/wp-content\/uploads\/2022\/12\/image_preview.jpg 600w, https:\/\/diariotribuna.com.br\/wp-content\/uploads\/2022\/12\/image_preview-300x212.jpg 300w, https:\/\/diariotribuna.com.br\/wp-content\/uploads\/2022\/12\/image_preview-100x70.jpg 100w, https:\/\/diariotribuna.com.br\/wp-content\/uploads\/2022\/12\/image_preview-594x420.jpg 594w\" sizes=\"(max-width: 443px) 100vw, 443px\" \/><\/figure>\n\n\n\n<p>O Minist\u00e9rio P\u00fablico Federal (MPF) e a Pol\u00edcia Federal (PF) realizaram na manh\u00e3 desta quinta-feira (08\/12) a Opera\u00e7\u00e3o \u201cD\u00e9j\u00e0 Vu\u201d, para reprimir a a\u00e7\u00e3o de indiv\u00edduos que retinham ilegalmente bens e valores pertencentes a ind\u00edgenas da Comunidade Maxakali na cidade de Santa Helena de Minas, no Vale do Mucuri, nordeste de Minas Gerais. Al\u00e9m de reter indevidamente, por vezes sob amea\u00e7as, documentos, cart\u00f5es banc\u00e1rios e benef\u00edcios sociais pertencentes aos Maxakali, os investigados tamb\u00e9m costumam cobrar da comunidade ind\u00edgena valores acima dos praticados no com\u00e9rcio local.<\/p>\n\n\n\n<p>Foram cumpridos sete mandados de busca e apreens\u00e3o expedidos pelo&nbsp;<strong>Ju\u00edzo Federal de Te\u00f3filo Otoni (MG)&nbsp;<\/strong>para a coleta de provas da pr\u00e1tica dos crimes, tais como os pr\u00f3prios cart\u00f5es dos ind\u00edgenas retidos pelos investigados, armas de fogo (que s\u00e3o utilizadas para amea\u00e7ar e intimidar as v\u00edtimas), livros de anota\u00e7\u00f5es, celulares e computadores, entre outros. Os envolvidos podem ser acusados dos crimes de estelionato, amea\u00e7a, apropria\u00e7\u00e3o ind\u00e9bita e extors\u00e3o. As penas, somadas, podem ultrapassar 19 anos de pris\u00e3o.<\/p>\n\n\n\n<p><strong>D\u00e9j\u00e0 Vu &#8211;&nbsp;<\/strong>O nome da opera\u00e7\u00e3o faz alus\u00e3o ao fato de que os mesmos envolvidos j\u00e1 haviam sido investigados anteriormente pelas mesmas a\u00e7\u00f5es criminosas. Em 24 de junho de 2020, foi deflagrada a Opera\u00e7\u00e3o Desengate, quando foram apreendidos mais de 100 cart\u00f5es banc\u00e1rios e de benef\u00edcios sociais pertencentes aos Maxakali, al\u00e9m de documentos pessoais dos ind\u00edgenas, extratos banc\u00e1rios, anota\u00e7\u00f5es das transa\u00e7\u00f5es financeiras e notas promiss\u00f3rias em poder dos investigados.&nbsp;<\/p>\n\n\n\n<p>Segundo o MPF, a reten\u00e7\u00e3o dos cart\u00f5es sociais pertencentes aos ind\u00edgenas \u00e9 uma conduta que se perpetua h\u00e1 anos, afligindo a comunidade Maxakali como um todo, e mesmo ap\u00f3s a realiza\u00e7\u00e3o da Opera\u00e7\u00e3o Desengate e a den\u00fancia oferecida contra os investigados naquela ocasi\u00e3o, as condutas criminosas continuaram acontecendo.<\/p>\n\n\n\n<p>Tamb\u00e9m o Minist\u00e9rio P\u00fablico estadual em \u00c1guas Formosas (MG) j\u00e1 obteve a condena\u00e7\u00e3o (Processo n\u00ba 0005345-48.2021.8.13.00-9) de dois envolvidos nas extors\u00f5es aos ind\u00edgenas: Wagner Ferreira da Silva e Thales Henrique Novaes. Wagner est\u00e1 cumprindo pena de 9 anos, 4 meses e 13 dias em regime fechado. Thales, condenado a 4 anos de reclus\u00e3o, est\u00e1 cumprindo a pena no regime aberto.&nbsp;(Assessoria de Comunica\u00e7\u00e3o Social\/&nbsp;Minist\u00e9rio P\u00fablico Federal em Minas Gerais\/&nbsp;Tel.: (31) 2123-9010 \/ 9008&nbsp;&#8211;&nbsp;<strong>E-mail:<\/strong>&nbsp;<a rel=\"noreferrer noopener\" href=\"mailto:PRMG-Imprensa@mpf.mp.br\" target=\"_blank\">PRMG-Imprensa@mpf.mp.br<\/a>).<\/p>\n","protected":false},"excerpt":{"rendered":"<p>Esta \u00e9 a segunda opera\u00e7\u00e3o realizada para coibir o mesmo tipo de conduta criminosa praticada por um bando j\u00e1 conhecido na regi\u00e3o O Minist\u00e9rio P\u00fablico Federal (MPF) e a Pol\u00edcia Federal (PF) realizaram na manh\u00e3 desta quinta-feira (08\/12) a Opera\u00e7\u00e3o \u201cD\u00e9j\u00e0 Vu\u201d, para reprimir a a\u00e7\u00e3o de indiv\u00edduos que retinham ilegalmente bens e valores pertencentes [&hellip;]<\/p>\n","protected":false},"author":1,"featured_media":17799,"comment_status":"open","ping_status":"open","sticky":false,"template":"","format":"standard","meta":{"rop_custom_images_group":[],"rop_custom_messages_group":[],"rop_publish_now":"initial","rop_publish_now_accounts":[],"rop_publish_now_history":[],"rop_publish_now_status":"pending","footnotes":""},"categories":[19],"tags":[4982,4980,4981,268,2172,867],"class_list":["post-17798","post","type-post","status-publish","format-standard","has-post-thumbnail","hentry","category-gerais","tag-comunidade-maxakali","tag-mpf-mg","tag-operacao-deja-vu-2","tag-policia-federal","tag-santa-helena-de-minas","tag-vale-do-mucuri"],"_links":{"self":[{"href":"https:\/\/diariotribuna.com.br\/index.php?rest_route=\/wp\/v2\/posts\/17798"}],"collection":[{"href":"https:\/\/diariotribuna.com.br\/index.php?rest_route=\/wp\/v2\/posts"}],"about":[{"href":"https:\/\/diariotribuna.com.br\/index.php?rest_route=\/wp\/v2\/types\/post"}],"author":[{"embeddable":true,"href":"https:\/\/diariotribuna.com.br\/index.php?rest_route=\/wp\/v2\/users\/1"}],"replies":[{"embeddable":true,"href":"https:\/\/diariotribuna.com.br\/index.php?rest_route=%2Fwp%2Fv2%2Fcomments&post=17798"}],"version-history":[{"count":2,"href":"https:\/\/diariotribuna.com.br\/index.php?rest_route=\/wp\/v2\/posts\/17798\/revisions"}],"predecessor-version":[{"id":17838,"href":"https:\/\/diariotribuna.com.br\/index.php?rest_route=\/wp\/v2\/posts\/17798\/revisions\/17838"}],"wp:featuredmedia":[{"embeddable":true,"href":"https:\/\/diariotribuna.com.br\/index.php?rest_route=\/wp\/v2\/media\/17799"}],"wp:attachment":[{"href":"https:\/\/diariotribuna.com.br\/index.php?rest_route=%2Fwp%2Fv2%2Fmedia&parent=17798"}],"wp:term":[{"taxonomy":"category","embeddable":true,"href":"https:\/\/diariotribuna.com.br\/index.php?rest_route=%2Fwp%2Fv2%2Fcategories&post=17798"},{"taxonomy":"post_tag","embeddable":true,"href":"https:\/\/diariotribuna.com.br\/index.php?rest_route=%2Fwp%2Fv2%2Ftags&post=17798"}],"curies":[{"name":"wp","href":"https:\/\/api.w.org\/{rel}","templated":true}]}}