{"id":17801,"date":"2022-12-08T17:29:15","date_gmt":"2022-12-08T20:29:15","guid":{"rendered":"https:\/\/diariotribuna.com.br\/?p=17801"},"modified":"2022-12-08T17:29:16","modified_gmt":"2022-12-08T20:29:16","slug":"der-mg-libera-trafego-parcial-da-mgc-418-em-teofilo-otoni","status":"publish","type":"post","link":"https:\/\/diariotribuna.com.br\/?p=17801","title":{"rendered":"<strong>DER-MG libera tr\u00e1fego parcial da MGC-418, em Te\u00f3filo Otoni<\/strong>"},"content":{"rendered":"\n<p><strong><em>Trecho continua com restri\u00e7\u00f5es para transporte de cargas acima de 45 toneladas<\/em><\/strong><\/p>\n\n\n\n<figure class=\"wp-block-image size-full is-resized is-style-default\"><img loading=\"lazy\" decoding=\"async\" src=\"https:\/\/diariotribuna.com.br\/wp-content\/uploads\/2022\/12\/content_cmg-418-foto-der-mg.jpg\" alt=\"\" class=\"wp-image-17802\" width=\"584\" height=\"358\" srcset=\"https:\/\/diariotribuna.com.br\/wp-content\/uploads\/2022\/12\/content_cmg-418-foto-der-mg.jpg 700w, https:\/\/diariotribuna.com.br\/wp-content\/uploads\/2022\/12\/content_cmg-418-foto-der-mg-300x184.jpg 300w, https:\/\/diariotribuna.com.br\/wp-content\/uploads\/2022\/12\/content_cmg-418-foto-der-mg-696x427.jpg 696w, https:\/\/diariotribuna.com.br\/wp-content\/uploads\/2022\/12\/content_cmg-418-foto-der-mg-685x420.jpg 685w\" sizes=\"(max-width: 584px) 100vw, 584px\" \/><\/figure>\n\n\n\n<p>O&nbsp;<a href=\"https:\/\/www.der.mg.gov.br\/\" target=\"_blank\" rel=\"noreferrer noopener\">Departamento de Edifica\u00e7\u00f5es e Estradas de Rodagem de Minas Gerais (DER-MG)<\/a>&nbsp;liberou, a partir das 14h&nbsp;desta quinta-feira (08\/12), o tr\u00e1fego em meia pista&nbsp;no quil\u00f4metro 174&nbsp;da MGC-418, na sa\u00edda de Te\u00f3filo Otoni. Podem passar pelo local,&nbsp;carros de passeio, caminhonetes, \u00f4nibus e caminh\u00f5es at\u00e9 45 toneladas.&nbsp;Os ve\u00edculos acima da pesagem mencionada e com cargas especiais, transportadas em bitrens, continuam sendo obrigados a realizar o desvio.<\/p>\n\n\n\n<p>O trecho, conhecido como Rodovia do Boi, faz a liga\u00e7\u00e3o entre o Vale do Mucuri e o Sul da Bahia, al\u00e9m do Norte do Esp\u00edrito Santo. A eros\u00e3o da pista ocorreu na madrugada do&nbsp;dia 28\/11, quando fortes chuvas&nbsp;em toda regi\u00e3o&nbsp;fizeram com que uma pequena barragem rompesse e levasse parte da rodovia.<\/p>\n\n\n\n<p>\u201cA equipe do DER-MG conseguiu acelerar as obras de recupera\u00e7\u00e3o do aterro da pista que amea\u00e7ava destruir, por causa da eros\u00e3o, toda a estrutura da via. Como a MGC-418 liga duas rodovias troncais importantes do sistema rodovi\u00e1rio brasileiro, que s\u00e3o as BR-116 e BR-101, ela \u00e9 respons\u00e1vel pelo fluxo de significativo volume de cargas e pessoas. Por isso, a preocupa\u00e7\u00e3o em retomar no mais curto prazo poss\u00edvel&nbsp;parte do tr\u00e2nsito&nbsp;de ve\u00edculos de maior porte\u201d, explica o diretor-geral do DER-MG, Rodrigo Tavares.<\/p>\n\n\n\n<p>A expectativa do DER-MG \u00e9 que a obra seja conclu\u00edda em cerca de 30 dias, conforme o volume de chuva durante o per\u00edodo de execu\u00e7\u00e3o dos trabalhos, mas antes disso deve ser liberado&nbsp;o uso das duas pistas para todo tipo de carga.<br><br><strong>Ve\u00edculos de carga<\/strong>&nbsp;&#8211; Os ve\u00edculos com peso acima de 45 toneladas e cargas especiais devem realizar a seguinte rota&nbsp;para a Bahia e o Esp\u00edrito Santo: Ir pela BR-116 at\u00e9 Governador Valadares, seguir pela BR-381 at\u00e9 S\u00e3o Mateus, no estado do Esp\u00edrito Santo, entrar na BR-101, no sentido Sul da Bahia. Pela MGC-418&nbsp;passam, diariamente, cerca de 3 mil&nbsp;ve\u00edculos de carga em dire\u00e7\u00e3o ao Norte do Esp\u00edrito Santo e Sul da Bahia, transportando produtos provenientes do agroneg\u00f3cio que seguem em dire\u00e7\u00e3o aos portos de exporta\u00e7\u00e3o.&nbsp;(Foto: DER-MG\/ Divulga\u00e7\u00e3o).<\/p>\n","protected":false},"excerpt":{"rendered":"<p>Trecho continua com restri\u00e7\u00f5es para transporte de cargas acima de 45 toneladas O&nbsp;Departamento de Edifica\u00e7\u00f5es e Estradas de Rodagem de Minas Gerais (DER-MG)&nbsp;liberou, a partir das 14h&nbsp;desta quinta-feira (08\/12), o tr\u00e1fego em meia pista&nbsp;no quil\u00f4metro 174&nbsp;da MGC-418, na sa\u00edda de Te\u00f3filo Otoni. Podem passar pelo local,&nbsp;carros de passeio, caminhonetes, \u00f4nibus e caminh\u00f5es at\u00e9 45 toneladas.&nbsp;Os [&hellip;]<\/p>\n","protected":false},"author":1,"featured_media":17802,"comment_status":"open","ping_status":"open","sticky":false,"template":"","format":"standard","meta":{"rop_custom_images_group":[],"rop_custom_messages_group":[],"rop_publish_now":"initial","rop_publish_now_accounts":[],"rop_publish_now_history":[],"rop_publish_now_status":"pending","footnotes":""},"categories":[17],"tags":[1953,4985,4984,4983,735,75],"class_list":["post-17801","post","type-post","status-publish","format-standard","has-post-thumbnail","hentry","category-teofilootoni","tag-chuvas","tag-estradas","tag-km-174","tag-liberacao-de-trafego","tag-mgc-418","tag-teofilo-otoni"],"_links":{"self":[{"href":"https:\/\/diariotribuna.com.br\/index.php?rest_route=\/wp\/v2\/posts\/17801"}],"collection":[{"href":"https:\/\/diariotribuna.com.br\/index.php?rest_route=\/wp\/v2\/posts"}],"about":[{"href":"https:\/\/diariotribuna.com.br\/index.php?rest_route=\/wp\/v2\/types\/post"}],"author":[{"embeddable":true,"href":"https:\/\/diariotribuna.com.br\/index.php?rest_route=\/wp\/v2\/users\/1"}],"replies":[{"embeddable":true,"href":"https:\/\/diariotribuna.com.br\/index.php?rest_route=%2Fwp%2Fv2%2Fcomments&post=17801"}],"version-history":[{"count":1,"href":"https:\/\/diariotribuna.com.br\/index.php?rest_route=\/wp\/v2\/posts\/17801\/revisions"}],"predecessor-version":[{"id":17803,"href":"https:\/\/diariotribuna.com.br\/index.php?rest_route=\/wp\/v2\/posts\/17801\/revisions\/17803"}],"wp:featuredmedia":[{"embeddable":true,"href":"https:\/\/diariotribuna.com.br\/index.php?rest_route=\/wp\/v2\/media\/17802"}],"wp:attachment":[{"href":"https:\/\/diariotribuna.com.br\/index.php?rest_route=%2Fwp%2Fv2%2Fmedia&parent=17801"}],"wp:term":[{"taxonomy":"category","embeddable":true,"href":"https:\/\/diariotribuna.com.br\/index.php?rest_route=%2Fwp%2Fv2%2Fcategories&post=17801"},{"taxonomy":"post_tag","embeddable":true,"href":"https:\/\/diariotribuna.com.br\/index.php?rest_route=%2Fwp%2Fv2%2Ftags&post=17801"}],"curies":[{"name":"wp","href":"https:\/\/api.w.org\/{rel}","templated":true}]}}