{"id":17804,"date":"2022-12-08T23:27:05","date_gmt":"2022-12-09T02:27:05","guid":{"rendered":"https:\/\/diariotribuna.com.br\/?p=17804"},"modified":"2022-12-08T23:27:07","modified_gmt":"2022-12-09T02:27:07","slug":"indio-de-46-anos-e-morto-a-facadas-em-santa-helena-de-minas","status":"publish","type":"post","link":"https:\/\/diariotribuna.com.br\/?p=17804","title":{"rendered":"<strong>\u00cdndio de 46 anos \u00e9 morto a facadas em Santa Helena de Minas<\/strong>"},"content":{"rendered":"\n<p><strong><em>Suspeito de autoria do crime \u00e9 outro ind\u00edgena, de 34 anos<\/em><\/strong><\/p>\n\n\n\n<figure class=\"wp-block-image size-full is-resized is-style-default\"><img loading=\"lazy\" decoding=\"async\" src=\"https:\/\/diariotribuna.com.br\/wp-content\/uploads\/2022\/12\/giroflex-policia-870x474-Copia.jpg\" alt=\"\" class=\"wp-image-17806\" width=\"444\" height=\"242\" srcset=\"https:\/\/diariotribuna.com.br\/wp-content\/uploads\/2022\/12\/giroflex-policia-870x474-Copia.jpg 700w, https:\/\/diariotribuna.com.br\/wp-content\/uploads\/2022\/12\/giroflex-policia-870x474-Copia-300x163.jpg 300w, https:\/\/diariotribuna.com.br\/wp-content\/uploads\/2022\/12\/giroflex-policia-870x474-Copia-696x381.jpg 696w\" sizes=\"(max-width: 444px) 100vw, 444px\" \/><\/figure>\n\n\n\n<p>O fato ocorreu na manh\u00e3 de ter\u00e7a-feira (06\/12), na Pra\u00e7a Euclides Silveira Tolentino, centro de Santa Helena de Minas. A Pol\u00edcia Militar foi acionada com informa\u00e7\u00e3o da ocorr\u00eancia de um poss\u00edvel crime de homic\u00eddio. Uma equipe foi ao local, onde estava a v\u00edtima, o ind\u00edgena Agimiro Maxakali, 46 anos, com dois ferimentos, um na cabe\u00e7a e outro na altura do peito, j\u00e1 sem sinais vitais.<\/p>\n\n\n\n<p>Os militares receberam informa\u00e7\u00e3o que o suspeito seria A.R.M. de 34 anos, tamb\u00e9m ind\u00edgena, fizeram rastreamento pela cidade, e conseguiram localiz\u00e1-lo. Segundo a PM, ele estava com uma les\u00e3o no joelho direito, foi socorrido, recebeu voz de pris\u00e3o, e foi encaminhado para a delegacia de Pol\u00edcia Civil. Segundo o tenente Costa, os dois \u00edndios teriam passado a noite ingerindo bebida alco\u00f3lica, e no fim da madrugada, se envolveram numa briga, e ocorreu o homic\u00eddio.<\/p>\n\n\n\n<p>Um perito da Pol\u00edcia Civil compareceu ao local, e constatou que as perfura\u00e7\u00f5es na v\u00edtima foram ocasionadas por faca. Ap\u00f3s os trabalhos periciais, o corpo de Agimiro Maxacali foi removido por uma equipe de funer\u00e1ria, para o Instituto M\u00e9dico Legal (IML) de Te\u00f3filo Otoni. Foi necropsiado na manh\u00e3 de quarta-feira (07), pelo m\u00e9dico legista, dr. Gustavo Meriam. A v\u00edtima residia na Aldeia Ind\u00edgena Maxacali \u2013 \u00c1gua Boa de Maria Diva, em Santa Helena de Minas. (Informa\u00e7\u00f5es: PMMG).<\/p>\n\n\n\n<p><\/p>\n","protected":false},"excerpt":{"rendered":"<p>Suspeito de autoria do crime \u00e9 outro ind\u00edgena, de 34 anos O fato ocorreu na manh\u00e3 de ter\u00e7a-feira (06\/12), na Pra\u00e7a Euclides Silveira Tolentino, centro de Santa Helena de Minas. A Pol\u00edcia Militar foi acionada com informa\u00e7\u00e3o da ocorr\u00eancia de um poss\u00edvel crime de homic\u00eddio. Uma equipe foi ao local, onde estava a v\u00edtima, o [&hellip;]<\/p>\n","protected":false},"author":1,"featured_media":17806,"comment_status":"open","ping_status":"open","sticky":false,"template":"","format":"standard","meta":{"rop_custom_images_group":[],"rop_custom_messages_group":[],"rop_publish_now":"initial","rop_publish_now_accounts":[],"rop_publish_now_history":[],"rop_publish_now_status":"pending","footnotes":""},"categories":[20],"tags":[107,4329,76,2172],"class_list":["post-17804","post","type-post","status-publish","format-standard","has-post-thumbnail","hentry","category-policia","tag-homicidio","tag-indio","tag-policia-militar","tag-santa-helena-de-minas"],"_links":{"self":[{"href":"https:\/\/diariotribuna.com.br\/index.php?rest_route=\/wp\/v2\/posts\/17804"}],"collection":[{"href":"https:\/\/diariotribuna.com.br\/index.php?rest_route=\/wp\/v2\/posts"}],"about":[{"href":"https:\/\/diariotribuna.com.br\/index.php?rest_route=\/wp\/v2\/types\/post"}],"author":[{"embeddable":true,"href":"https:\/\/diariotribuna.com.br\/index.php?rest_route=\/wp\/v2\/users\/1"}],"replies":[{"embeddable":true,"href":"https:\/\/diariotribuna.com.br\/index.php?rest_route=%2Fwp%2Fv2%2Fcomments&post=17804"}],"version-history":[{"count":1,"href":"https:\/\/diariotribuna.com.br\/index.php?rest_route=\/wp\/v2\/posts\/17804\/revisions"}],"predecessor-version":[{"id":17807,"href":"https:\/\/diariotribuna.com.br\/index.php?rest_route=\/wp\/v2\/posts\/17804\/revisions\/17807"}],"wp:featuredmedia":[{"embeddable":true,"href":"https:\/\/diariotribuna.com.br\/index.php?rest_route=\/wp\/v2\/media\/17806"}],"wp:attachment":[{"href":"https:\/\/diariotribuna.com.br\/index.php?rest_route=%2Fwp%2Fv2%2Fmedia&parent=17804"}],"wp:term":[{"taxonomy":"category","embeddable":true,"href":"https:\/\/diariotribuna.com.br\/index.php?rest_route=%2Fwp%2Fv2%2Fcategories&post=17804"},{"taxonomy":"post_tag","embeddable":true,"href":"https:\/\/diariotribuna.com.br\/index.php?rest_route=%2Fwp%2Fv2%2Ftags&post=17804"}],"curies":[{"name":"wp","href":"https:\/\/api.w.org\/{rel}","templated":true}]}}