{"id":17808,"date":"2022-12-08T23:55:18","date_gmt":"2022-12-09T02:55:18","guid":{"rendered":"https:\/\/diariotribuna.com.br\/?p=17808"},"modified":"2022-12-09T01:42:38","modified_gmt":"2022-12-09T04:42:38","slug":"filho-mata-o-pai-com-golpes-de-foice-na-zona-rural-de-carai","status":"publish","type":"post","link":"https:\/\/diariotribuna.com.br\/?p=17808","title":{"rendered":"<strong>Filho mata o pai com golpes de foice na zona rural de Cara\u00ed<\/strong>"},"content":{"rendered":"\n<figure class=\"wp-block-image size-full is-resized is-style-default\"><img loading=\"lazy\" decoding=\"async\" src=\"https:\/\/diariotribuna.com.br\/wp-content\/uploads\/2022\/12\/d5ff0d3f-8416-4de8-93ed-448b47020e6a.jpg\" alt=\"\" class=\"wp-image-17813\" width=\"569\" height=\"353\" srcset=\"https:\/\/diariotribuna.com.br\/wp-content\/uploads\/2022\/12\/d5ff0d3f-8416-4de8-93ed-448b47020e6a.jpg 600w, https:\/\/diariotribuna.com.br\/wp-content\/uploads\/2022\/12\/d5ff0d3f-8416-4de8-93ed-448b47020e6a-300x186.jpg 300w, https:\/\/diariotribuna.com.br\/wp-content\/uploads\/2022\/12\/d5ff0d3f-8416-4de8-93ed-448b47020e6a-356x220.jpg 356w\" sizes=\"(max-width: 569px) 100vw, 569px\" \/><figcaption class=\"wp-element-caption\"><strong>Jos\u00e9 Alves Rocha, de 69 anos &#8211; v\u00edtima fatal<\/strong><\/figcaption><\/figure>\n\n\n\n<p>Na manh\u00e3 desta quinta-feira (08\/12), por volta das 7h, um homem de 33 anos, foi at\u00e9 o Pelot\u00e3o da Pol\u00edcia Militar da cidade de Cara\u00ed, informando que na noite anterior, havia matado o pr\u00f3prio pai, Jos\u00e9 Alves Rocha, de 69 anos, com golpes de foice. Segundo o homem, o seu pai tinha o h\u00e1bito de ingerir bebida alco\u00f3lica e ficar bastante agressivo, e que por diversas vezes, j\u00e1 agrediu a sua m\u00e3e.<\/p>\n\n\n\n<p>Disse que, na noite de quarta-feira (07), por volta das 20h, o seu pai come\u00e7ou a agredir a sua m\u00e3e novamente, ele interviu, os dois entraram em luta corporal, e ap\u00f3s o seu pai pegar uma foice, ele conseguiu tomar da m\u00e3o dele e o atingiu com alguns golpes. Ap\u00f3s o fato, ele saiu de casa ainda sem saber que o seu pai havia falecido.<\/p>\n\n\n\n<p>E, na manh\u00e3 desta quinta-feira, quando retornou, percebeu que o seu pai j\u00e1 estava morto, e resolveu ent\u00e3o se entregar a Pol\u00edcia Militar. O local foi isolado, a per\u00edcia t\u00e9cnica foi acionada, e ap\u00f3s os trabalhos de praxe, o corpo foi removido ao IML de Te\u00f3filo Otoni, para ser necropsiado. O filho foi preso e conduzido junto com o instrumento utilizado no crime \u00e0 delegacia de plant\u00e3o da Pol\u00edcia Civil para as medidas de pol\u00edcia judici\u00e1ria. (Informa\u00e7\u00f5es: PMMG\/ Fotos: Divulga\u00e7\u00e3o).<\/p>\n","protected":false},"excerpt":{"rendered":"<p>Na manh\u00e3 desta quinta-feira (08\/12), por volta das 7h, um homem de 33 anos, foi at\u00e9 o Pelot\u00e3o da Pol\u00edcia Militar da cidade de Cara\u00ed, informando que na noite anterior, havia matado o pr\u00f3prio pai, Jos\u00e9 Alves Rocha, de 69 anos, com golpes de foice. Segundo o homem, o seu pai tinha o h\u00e1bito de [&hellip;]<\/p>\n","protected":false},"author":1,"featured_media":17813,"comment_status":"open","ping_status":"open","sticky":false,"template":"","format":"standard","meta":{"rop_custom_images_group":[],"rop_custom_messages_group":[],"rop_publish_now":"initial","rop_publish_now_accounts":[],"rop_publish_now_history":[],"rop_publish_now_status":"pending","footnotes":""},"categories":[25,20],"tags":[46,4305,4986,76,1137],"class_list":["post-17808","post","type-post","status-publish","format-standard","has-post-thumbnail","hentry","category-destaque","category-policia","tag-carai","tag-filho-mata-pai","tag-foice","tag-policia-militar","tag-zona-rural"],"_links":{"self":[{"href":"https:\/\/diariotribuna.com.br\/index.php?rest_route=\/wp\/v2\/posts\/17808"}],"collection":[{"href":"https:\/\/diariotribuna.com.br\/index.php?rest_route=\/wp\/v2\/posts"}],"about":[{"href":"https:\/\/diariotribuna.com.br\/index.php?rest_route=\/wp\/v2\/types\/post"}],"author":[{"embeddable":true,"href":"https:\/\/diariotribuna.com.br\/index.php?rest_route=\/wp\/v2\/users\/1"}],"replies":[{"embeddable":true,"href":"https:\/\/diariotribuna.com.br\/index.php?rest_route=%2Fwp%2Fv2%2Fcomments&post=17808"}],"version-history":[{"count":3,"href":"https:\/\/diariotribuna.com.br\/index.php?rest_route=\/wp\/v2\/posts\/17808\/revisions"}],"predecessor-version":[{"id":17814,"href":"https:\/\/diariotribuna.com.br\/index.php?rest_route=\/wp\/v2\/posts\/17808\/revisions\/17814"}],"wp:featuredmedia":[{"embeddable":true,"href":"https:\/\/diariotribuna.com.br\/index.php?rest_route=\/wp\/v2\/media\/17813"}],"wp:attachment":[{"href":"https:\/\/diariotribuna.com.br\/index.php?rest_route=%2Fwp%2Fv2%2Fmedia&parent=17808"}],"wp:term":[{"taxonomy":"category","embeddable":true,"href":"https:\/\/diariotribuna.com.br\/index.php?rest_route=%2Fwp%2Fv2%2Fcategories&post=17808"},{"taxonomy":"post_tag","embeddable":true,"href":"https:\/\/diariotribuna.com.br\/index.php?rest_route=%2Fwp%2Fv2%2Ftags&post=17808"}],"curies":[{"name":"wp","href":"https:\/\/api.w.org\/{rel}","templated":true}]}}