{"id":17820,"date":"2022-12-10T23:58:55","date_gmt":"2022-12-11T02:58:55","guid":{"rendered":"https:\/\/diariotribuna.com.br\/?p=17820"},"modified":"2022-12-11T00:11:26","modified_gmt":"2022-12-11T03:11:26","slug":"policia-militar-forma-135-alunos-do-proerd-em-itambacuri","status":"publish","type":"post","link":"https:\/\/diariotribuna.com.br\/?p=17820","title":{"rendered":"<strong>Pol\u00edcia Militar forma 135 alunos do Proerd em Itambacuri<\/strong>"},"content":{"rendered":"\n<figure class=\"wp-block-image size-full is-resized is-style-default\"><img loading=\"lazy\" decoding=\"async\" src=\"https:\/\/diariotribuna.com.br\/wp-content\/uploads\/2022\/12\/4-2.jpg\" alt=\"\" class=\"wp-image-17821\" width=\"517\" height=\"397\" srcset=\"https:\/\/diariotribuna.com.br\/wp-content\/uploads\/2022\/12\/4-2.jpg 700w, https:\/\/diariotribuna.com.br\/wp-content\/uploads\/2022\/12\/4-2-300x230.jpg 300w, https:\/\/diariotribuna.com.br\/wp-content\/uploads\/2022\/12\/4-2-80x60.jpg 80w, https:\/\/diariotribuna.com.br\/wp-content\/uploads\/2022\/12\/4-2-696x534.jpg 696w, https:\/\/diariotribuna.com.br\/wp-content\/uploads\/2022\/12\/4-2-547x420.jpg 547w\" sizes=\"(max-width: 517px) 100vw, 517px\" \/><\/figure>\n\n\n\n<p>Na sexta-feira (09\/12), a Pol\u00edcia Militar de Minas Gerais, por meio da 155\u00aa Cia PM\/ 19\u00ba BPM, em Itambacuri, realizou a formatura do Programa Educacional de Resist\u00eancia \u00e0s Drogas (Proerd), no Gin\u00e1sio Poliesportivo da igreja cat\u00f3lica. Na solenidade, foram apresentados os 135 alunos que participaram das 10 aulas ministradas pelo instrutor Proerd, cabo Lucas, em escolas localizadas nos distritos de Frei Serafim, Cafel\u00e2ndia, S\u00e3o Jos\u00e9 do Fortuna e \u00e1rea urbana.<\/p>\n\n\n\n<p>O Proerd tem por objetivo principal ensinar os estudantes as habilidades para tomada de boas decis\u00f5es e ajud\u00e1-los a conduzir suas vidas de maneira segura e saud\u00e1vel, longe das drogas e da viol\u00eancia. Todos os alunos receberam um certificado, medalha e presentes, doa\u00e7\u00e3o dos vereadores da C\u00e2mara Municipal. Cada escola teve premiada a melhor reda\u00e7\u00e3o com o tema: \u201co que eu aprendi com o Proerd, com os vencedores recebendo um Tablet.<\/p>\n\n\n\n<p>A solenidade contou com a presen\u00e7a do comandante da 155\u00aa Cia PM, capit\u00e3o Charles Fernandes da Silva; do prefeito de Itambacuri, Jovani Ferreira Santos; da Promotora de Justi\u00e7a do Minist\u00e9rio P\u00fablico de Minas Gerias, Jarlene Bandoli Monteiro; da \u00a0Secret\u00e1ria de Educa\u00e7\u00e3o de Itambacuri, Maria dos Anjos Scofield D\u2019avila; da presidente do Conselho Tutelar, Micheli Alves Macedo; da vereadora representando a C\u00e2mara Municipal, Daniela de Cassia D\u2019Avila Teixeira Tudeia; diretoras e professoras das respectivas escolas, e dos familiares dos alunos.<\/p>\n\n\n\n<figure class=\"wp-block-gallery has-nested-images columns-2 is-cropped wp-block-gallery-1 is-layout-flex wp-block-gallery-is-layout-flex\">\n<figure class=\"wp-block-image size-large is-style-default\"><img loading=\"lazy\" decoding=\"async\" width=\"600\" height=\"764\" data-id=\"17832\" src=\"https:\/\/diariotribuna.com.br\/wp-content\/uploads\/2022\/12\/6-2.jpg\" alt=\"\" class=\"wp-image-17832\" srcset=\"https:\/\/diariotribuna.com.br\/wp-content\/uploads\/2022\/12\/6-2.jpg 600w, https:\/\/diariotribuna.com.br\/wp-content\/uploads\/2022\/12\/6-2-236x300.jpg 236w, https:\/\/diariotribuna.com.br\/wp-content\/uploads\/2022\/12\/6-2-330x420.jpg 330w\" sizes=\"(max-width: 600px) 100vw, 600px\" \/><\/figure>\n\n\n\n<figure class=\"wp-block-image size-large is-style-default\"><img loading=\"lazy\" decoding=\"async\" width=\"600\" height=\"422\" data-id=\"17830\" src=\"https:\/\/diariotribuna.com.br\/wp-content\/uploads\/2022\/12\/5-2.jpg\" alt=\"\" class=\"wp-image-17830\" srcset=\"https:\/\/diariotribuna.com.br\/wp-content\/uploads\/2022\/12\/5-2.jpg 600w, https:\/\/diariotribuna.com.br\/wp-content\/uploads\/2022\/12\/5-2-300x211.jpg 300w, https:\/\/diariotribuna.com.br\/wp-content\/uploads\/2022\/12\/5-2-100x70.jpg 100w, https:\/\/diariotribuna.com.br\/wp-content\/uploads\/2022\/12\/5-2-597x420.jpg 597w\" sizes=\"(max-width: 600px) 100vw, 600px\" \/><\/figure>\n\n\n\n<figure class=\"wp-block-image size-large is-style-default\"><img loading=\"lazy\" decoding=\"async\" width=\"465\" height=\"275\" data-id=\"17833\" src=\"https:\/\/diariotribuna.com.br\/wp-content\/uploads\/2022\/12\/1-2.jpg\" alt=\"\" class=\"wp-image-17833\" srcset=\"https:\/\/diariotribuna.com.br\/wp-content\/uploads\/2022\/12\/1-2.jpg 465w, https:\/\/diariotribuna.com.br\/wp-content\/uploads\/2022\/12\/1-2-300x177.jpg 300w\" sizes=\"(max-width: 465px) 100vw, 465px\" \/><\/figure>\n\n\n\n<figure class=\"wp-block-image size-large is-style-default\"><img loading=\"lazy\" decoding=\"async\" width=\"600\" height=\"369\" data-id=\"17829\" src=\"https:\/\/diariotribuna.com.br\/wp-content\/uploads\/2022\/12\/2-2.jpg\" alt=\"\" class=\"wp-image-17829\" srcset=\"https:\/\/diariotribuna.com.br\/wp-content\/uploads\/2022\/12\/2-2.jpg 600w, https:\/\/diariotribuna.com.br\/wp-content\/uploads\/2022\/12\/2-2-300x185.jpg 300w, https:\/\/diariotribuna.com.br\/wp-content\/uploads\/2022\/12\/2-2-356x220.jpg 356w\" sizes=\"(max-width: 600px) 100vw, 600px\" \/><\/figure>\n\n\n\n<figure class=\"wp-block-image size-large is-style-default\"><img loading=\"lazy\" decoding=\"async\" width=\"600\" height=\"344\" data-id=\"17831\" src=\"https:\/\/diariotribuna.com.br\/wp-content\/uploads\/2022\/12\/7.png\" alt=\"\" class=\"wp-image-17831\" srcset=\"https:\/\/diariotribuna.com.br\/wp-content\/uploads\/2022\/12\/7.png 600w, https:\/\/diariotribuna.com.br\/wp-content\/uploads\/2022\/12\/7-300x172.png 300w\" sizes=\"(max-width: 600px) 100vw, 600px\" \/><\/figure>\n\n\n\n<figure class=\"wp-block-image size-large is-style-default\"><img loading=\"lazy\" decoding=\"async\" width=\"711\" height=\"589\" data-id=\"17827\" src=\"https:\/\/diariotribuna.com.br\/wp-content\/uploads\/2022\/12\/3-2.jpg\" alt=\"\" class=\"wp-image-17827\" srcset=\"https:\/\/diariotribuna.com.br\/wp-content\/uploads\/2022\/12\/3-2.jpg 711w, https:\/\/diariotribuna.com.br\/wp-content\/uploads\/2022\/12\/3-2-300x249.jpg 300w, https:\/\/diariotribuna.com.br\/wp-content\/uploads\/2022\/12\/3-2-696x577.jpg 696w, https:\/\/diariotribuna.com.br\/wp-content\/uploads\/2022\/12\/3-2-507x420.jpg 507w\" sizes=\"(max-width: 711px) 100vw, 711px\" \/><\/figure>\n<\/figure>\n\n\n\n<p>A cerim\u00f4nia tamb\u00e9m contou com a participa\u00e7\u00e3o da Banda de M\u00fasica da 15\u00aa Regi\u00e3o de Pol\u00edcia Militar e a anima\u00e7\u00e3o do ilustre Le\u00e3o Daren, mascote do Proerd, e do PM Amigo Legal, muito queridos pelos formandos. Equipe: capit\u00e3o Fernandes, sargento Dos Santos, cabos Jane e Leandro, soldados Guimar\u00e3es e Victor Castro. Instrutor: cabo Lucas. Mentor: cabo Pires. <strong>Proerd &#8211; ensinando a escolher uma vida segura e saud\u00e1vel<\/strong>. (Informa\u00e7\u00f5es\/Fotos: PMMG\/ Itambacuri).<\/p>\n","protected":false},"excerpt":{"rendered":"<p>Na sexta-feira (09\/12), a Pol\u00edcia Militar de Minas Gerais, por meio da 155\u00aa Cia PM\/ 19\u00ba BPM, em Itambacuri, realizou a formatura do Programa Educacional de Resist\u00eancia \u00e0s Drogas (Proerd), no Gin\u00e1sio Poliesportivo da igreja cat\u00f3lica. Na solenidade, foram apresentados os 135 alunos que participaram das 10 aulas ministradas pelo instrutor Proerd, cabo Lucas, em [&hellip;]<\/p>\n","protected":false},"author":1,"featured_media":17821,"comment_status":"open","ping_status":"open","sticky":false,"template":"","format":"standard","meta":{"rop_custom_images_group":[],"rop_custom_messages_group":[],"rop_publish_now":"initial","rop_publish_now_accounts":[],"rop_publish_now_history":[],"rop_publish_now_status":"pending","footnotes":""},"categories":[25,20],"tags":[],"class_list":["post-17820","post","type-post","status-publish","format-standard","has-post-thumbnail","hentry","category-destaque","category-policia"],"_links":{"self":[{"href":"https:\/\/diariotribuna.com.br\/index.php?rest_route=\/wp\/v2\/posts\/17820"}],"collection":[{"href":"https:\/\/diariotribuna.com.br\/index.php?rest_route=\/wp\/v2\/posts"}],"about":[{"href":"https:\/\/diariotribuna.com.br\/index.php?rest_route=\/wp\/v2\/types\/post"}],"author":[{"embeddable":true,"href":"https:\/\/diariotribuna.com.br\/index.php?rest_route=\/wp\/v2\/users\/1"}],"replies":[{"embeddable":true,"href":"https:\/\/diariotribuna.com.br\/index.php?rest_route=%2Fwp%2Fv2%2Fcomments&post=17820"}],"version-history":[{"count":4,"href":"https:\/\/diariotribuna.com.br\/index.php?rest_route=\/wp\/v2\/posts\/17820\/revisions"}],"predecessor-version":[{"id":17834,"href":"https:\/\/diariotribuna.com.br\/index.php?rest_route=\/wp\/v2\/posts\/17820\/revisions\/17834"}],"wp:featuredmedia":[{"embeddable":true,"href":"https:\/\/diariotribuna.com.br\/index.php?rest_route=\/wp\/v2\/media\/17821"}],"wp:attachment":[{"href":"https:\/\/diariotribuna.com.br\/index.php?rest_route=%2Fwp%2Fv2%2Fmedia&parent=17820"}],"wp:term":[{"taxonomy":"category","embeddable":true,"href":"https:\/\/diariotribuna.com.br\/index.php?rest_route=%2Fwp%2Fv2%2Fcategories&post=17820"},{"taxonomy":"post_tag","embeddable":true,"href":"https:\/\/diariotribuna.com.br\/index.php?rest_route=%2Fwp%2Fv2%2Ftags&post=17820"}],"curies":[{"name":"wp","href":"https:\/\/api.w.org\/{rel}","templated":true}]}}