{"id":17835,"date":"2022-12-11T00:51:40","date_gmt":"2022-12-11T03:51:40","guid":{"rendered":"https:\/\/diariotribuna.com.br\/?p=17835"},"modified":"2022-12-11T01:22:27","modified_gmt":"2022-12-11T04:22:27","slug":"faleceu-em-teofilo-otoni-o-padre-piero-tibaldi","status":"publish","type":"post","link":"https:\/\/diariotribuna.com.br\/?p=17835","title":{"rendered":"<strong>Faleceu em Te\u00f3filo Otoni o padre Piero Tibaldi<\/strong>"},"content":{"rendered":"\n<figure class=\"wp-block-image size-full is-resized is-style-default\"><img loading=\"lazy\" decoding=\"async\" src=\"https:\/\/diariotribuna.com.br\/wp-content\/uploads\/2022\/12\/318345435_667196038286228_8419241194613292216_n-Copia.jpg\" alt=\"\" class=\"wp-image-17836\" width=\"491\" height=\"347\" srcset=\"https:\/\/diariotribuna.com.br\/wp-content\/uploads\/2022\/12\/318345435_667196038286228_8419241194613292216_n-Copia.jpg 700w, https:\/\/diariotribuna.com.br\/wp-content\/uploads\/2022\/12\/318345435_667196038286228_8419241194613292216_n-Copia-300x212.jpg 300w, https:\/\/diariotribuna.com.br\/wp-content\/uploads\/2022\/12\/318345435_667196038286228_8419241194613292216_n-Copia-100x70.jpg 100w, https:\/\/diariotribuna.com.br\/wp-content\/uploads\/2022\/12\/318345435_667196038286228_8419241194613292216_n-Copia-696x492.jpg 696w, https:\/\/diariotribuna.com.br\/wp-content\/uploads\/2022\/12\/318345435_667196038286228_8419241194613292216_n-Copia-594x420.jpg 594w\" sizes=\"(max-width: 491px) 100vw, 491px\" \/><\/figure>\n\n\n\n<p>Faleceu na noite deste s\u00e1bado (10\/12\/2022), em Te\u00f3filo Otoni, aos 86 anos, o padre Piero Tibaldi. Natural da cidade de Alba (It\u00e1lia), ordenou-se sacerdote em 12 de junho de 1960. Chegou ao Brasil e \u00e0 Diocese de Te\u00f3filo Otoni, em 24 de janeiro de 1970. Dedicou sua vida \u00e0s pessoas mais carentes, aos movimentos populares, pastorais sociais da Diocese de Te\u00f3filo Otoni, lutava pela igualdade social.<\/p>\n\n\n\n<p>Padre Piero chegou h\u00e1 poucos dias de Belo Horizonte, onde esteve fazendo tratamento de sa\u00fade, e faleceu na Casa de Ora\u00e7\u00e3o, em Te\u00f3filo Otoni, onde residia atualmente. Muitos amigos, representantes de v\u00e1rias par\u00f3quias da Diocese de Te\u00f3filo Otoni, lamentaram profundamente o seu falecimento. Pessoas que tiveram o privil\u00e9gio de conhec\u00ea-lo, e de conhecer as suas in\u00fameras obras sociais.<\/p>\n\n\n\n<p>A Par\u00f3quia S\u00e3o Francisco de Assis, do Bairro Jardim das Ac\u00e1cias, onde o padre Piero trabalhou por muitos anos como p\u00e1roco, emitiu nota na noite deste s\u00e1bado, comunicando o seu falecimento. \u201cCom muito pesar, comunicamos o falecimento do nosso amigo querido Padre Piero Tibaldi, que nesta noite est\u00e1 celebrando a sua P\u00e1scoa\u201d. (Foto: Divulga\u00e7\u00e3o).<\/p>\n\n\n\n<h2 class=\"wp-block-heading\">Nota do Bispo da Diocese de Te\u00f3filo Otoni: <\/h2>\n\n\n\n<p>Dom Messias dos Reis Silveira, Bispo da Diocese de Te\u00f3filo Otoni, comunica, pesarosamente, o falecimento de Pe. Piero Tibaldi, aos 86 anos, ocorrido hoje, 10 de dezembro de 2022, na Casa de Ora\u00e7\u00e3o, onde residia ultimamente. Tomado de um mal s\u00fabito, n\u00e3o reagiu \u00e0s tentativas de reanima\u00e7\u00e3o, vindo a \u00f3bito pelas 20h30, sem sofrimento e em estado de muita paz.<\/p>\n\n\n\n<p><strong>O vel\u00f3rio p\u00fablico do Pe. Piero ser\u00e1 feito em dois momentos: <\/strong>neste domingo (11), a partir das 11h at\u00e9 \u00e0s 22h no Sal\u00e3o Paroquial da Catedral; na segunda-feira (12), a partir das 7h o corpo ser\u00e1 transladado para a nave central da Catedral, onde tamb\u00e9m acontecer\u00e1 a Missa de Ex\u00e9quias \u00e0s 15h, seguida do cortejo para o enterro no Vale das Flores.<\/p>\n\n\n\n<p>Recomendam-se as Missas e Ora\u00e7\u00f5es do 3\u00ba Domingo do Advento em sufr\u00e1gio e mem\u00f3ria deste grande sacerdote que, h\u00e1 exatos 52 anos e 11 meses, colocou a totalidade de sua vida em favor do povo da Diocese de Te\u00f3filo Otoni, especialmente aos mais pobres e marginalizados, aos quais privilegiou no exerc\u00edcio do seu longo e prof\u00edcuo minist\u00e9rio.<\/p>\n\n\n\n<p>\u201cSe o gr\u00e3o de trigo que cai na terra n\u00e3o morrer permanecer\u00e1 s\u00f3; mas se morrer produzir\u00e1 muito fruto. Quem ama a sua vida a perde e quem abre m\u00e3o de sua vida neste mundo ir\u00e1 guard\u00e1-la para a vida eterna\u201d (Jo 12, 24-25).<\/p>\n\n\n\n<p>Descanse em paz, Pe. Piero!<\/p>\n\n\n\n<p>Te\u00f3filo Otoni, 10 de dezembro de 2022.<\/p>\n","protected":false},"excerpt":{"rendered":"<p>Faleceu na noite deste s\u00e1bado (10\/12\/2022), em Te\u00f3filo Otoni, aos 86 anos, o padre Piero Tibaldi. Natural da cidade de Alba (It\u00e1lia), ordenou-se sacerdote em 12 de junho de 1960. Chegou ao Brasil e \u00e0 Diocese de Te\u00f3filo Otoni, em 24 de janeiro de 1970. Dedicou sua vida \u00e0s pessoas mais carentes, aos movimentos populares, [&hellip;]<\/p>\n","protected":false},"author":1,"featured_media":17836,"comment_status":"open","ping_status":"open","sticky":false,"template":"","format":"standard","meta":{"rop_custom_images_group":[],"rop_custom_messages_group":[],"rop_publish_now":"initial","rop_publish_now_accounts":[],"rop_publish_now_history":[],"rop_publish_now_status":"pending","footnotes":""},"categories":[25,19],"tags":[4989,399,4988,75],"class_list":["post-17835","post","type-post","status-publish","format-standard","has-post-thumbnail","hentry","category-destaque","category-gerais","tag-10-12-2022","tag-falecimento","tag-padre-piero-tibaldi","tag-teofilo-otoni"],"_links":{"self":[{"href":"https:\/\/diariotribuna.com.br\/index.php?rest_route=\/wp\/v2\/posts\/17835"}],"collection":[{"href":"https:\/\/diariotribuna.com.br\/index.php?rest_route=\/wp\/v2\/posts"}],"about":[{"href":"https:\/\/diariotribuna.com.br\/index.php?rest_route=\/wp\/v2\/types\/post"}],"author":[{"embeddable":true,"href":"https:\/\/diariotribuna.com.br\/index.php?rest_route=\/wp\/v2\/users\/1"}],"replies":[{"embeddable":true,"href":"https:\/\/diariotribuna.com.br\/index.php?rest_route=%2Fwp%2Fv2%2Fcomments&post=17835"}],"version-history":[{"count":5,"href":"https:\/\/diariotribuna.com.br\/index.php?rest_route=\/wp\/v2\/posts\/17835\/revisions"}],"predecessor-version":[{"id":17844,"href":"https:\/\/diariotribuna.com.br\/index.php?rest_route=\/wp\/v2\/posts\/17835\/revisions\/17844"}],"wp:featuredmedia":[{"embeddable":true,"href":"https:\/\/diariotribuna.com.br\/index.php?rest_route=\/wp\/v2\/media\/17836"}],"wp:attachment":[{"href":"https:\/\/diariotribuna.com.br\/index.php?rest_route=%2Fwp%2Fv2%2Fmedia&parent=17835"}],"wp:term":[{"taxonomy":"category","embeddable":true,"href":"https:\/\/diariotribuna.com.br\/index.php?rest_route=%2Fwp%2Fv2%2Fcategories&post=17835"},{"taxonomy":"post_tag","embeddable":true,"href":"https:\/\/diariotribuna.com.br\/index.php?rest_route=%2Fwp%2Fv2%2Ftags&post=17835"}],"curies":[{"name":"wp","href":"https:\/\/api.w.org\/{rel}","templated":true}]}}