{"id":17849,"date":"2022-12-12T23:39:31","date_gmt":"2022-12-13T02:39:31","guid":{"rendered":"https:\/\/diariotribuna.com.br\/?p=17849"},"modified":"2022-12-12T23:45:32","modified_gmt":"2022-12-13T02:45:32","slug":"prefeito-de-ladainha-reled-maikel-participa-da-posse-do-procurador-geral-de-justica-de-minas-gerais-dr-jarbas-soares-junior","status":"publish","type":"post","link":"https:\/\/diariotribuna.com.br\/?p=17849","title":{"rendered":"<strong>Prefeito de Ladainha, Reled Maikel participa da posse do procurador-geral de Justi\u00e7a de Minas Gerais, dr. Jarbas Soares J\u00fanior<\/strong>"},"content":{"rendered":"\n<figure class=\"wp-block-image size-full is-resized is-style-default\"><img loading=\"lazy\" decoding=\"async\" src=\"https:\/\/diariotribuna.com.br\/wp-content\/uploads\/2022\/12\/29b31cd8-d9da-48ce-8641-0e7b36e33d6a.jpg\" alt=\"\" class=\"wp-image-17850\" width=\"639\" height=\"498\" srcset=\"https:\/\/diariotribuna.com.br\/wp-content\/uploads\/2022\/12\/29b31cd8-d9da-48ce-8641-0e7b36e33d6a.jpg 700w, https:\/\/diariotribuna.com.br\/wp-content\/uploads\/2022\/12\/29b31cd8-d9da-48ce-8641-0e7b36e33d6a-300x234.jpg 300w, https:\/\/diariotribuna.com.br\/wp-content\/uploads\/2022\/12\/29b31cd8-d9da-48ce-8641-0e7b36e33d6a-696x542.jpg 696w, https:\/\/diariotribuna.com.br\/wp-content\/uploads\/2022\/12\/29b31cd8-d9da-48ce-8641-0e7b36e33d6a-539x420.jpg 539w\" sizes=\"(max-width: 639px) 100vw, 639px\" \/><figcaption class=\"wp-element-caption\"><strong>Prefeito municipal de Ladainha, Reled Maikel com o procurador-geral<\/strong> <strong>de Justi\u00e7a, dr. Jarbas Soares J\u00fanior<\/strong><\/figcaption><\/figure>\n\n\n\n<p>O prefeito municipal de Ladainha, Reled Maikel, participou, na noite desta segunda-feira (12\/12\/2022), no Grande Teatro do Pal\u00e1cio das Artes, em Belo Horizonte, da solenidade de posse do procurador-geral de Justi\u00e7a, dr. Jarbas Soares J\u00fanior, que foi reconduzido ao cargo para o bi\u00eanio 2023\/2024. O procurador-geral de Justi\u00e7a, empossado pelo Governador de Minas Gerais, Romeu Zema, entra para o quarto mandato \u00e0 frente do Minist\u00e9rio P\u00fablico de Minas Gerais.<\/p>\n\n\n\n<p>Ele foi reconduzido ap\u00f3s ser o candidato mais votado, em elei\u00e7\u00e3o interna do Minist\u00e9rio P\u00fablico de Minas Gerais (MPMG), realizada no dia 10 de novembro de 2022. Jarbas Soares J\u00fanior recebeu 902 votos e o promotor de Justi\u00e7a Jo\u00e3o Medeiros Silva Neto, 344. Foram 23 votos em branco e 11 nulos. Foram eleitores os membros do MPMG em atividade.<\/p>\n\n\n\n<p>O prefeito de Ladainha, Reled Maikel, que vem se destacando na sua administra\u00e7\u00e3o, junto com seu secretariado, servidores municipais e vereadores da cidade, prestigiou a cerim\u00f4nia de posse do procurador-geral de Justi\u00e7a, dr. Jarbas Soares J\u00fanior, por entender a import\u00e2ncia desse elo &#8211; Munic\u00edpio com o Minist\u00e9rio P\u00fablico de Minas.<\/p>\n\n\n\n<figure class=\"wp-block-image size-full is-resized is-style-default\"><img loading=\"lazy\" decoding=\"async\" src=\"https:\/\/diariotribuna.com.br\/wp-content\/uploads\/2022\/12\/c300e521-29b1-43f6-b6b2-1f7380d2ba6c.jpg\" alt=\"\" class=\"wp-image-17851\" width=\"624\" height=\"442\" srcset=\"https:\/\/diariotribuna.com.br\/wp-content\/uploads\/2022\/12\/c300e521-29b1-43f6-b6b2-1f7380d2ba6c.jpg 500w, https:\/\/diariotribuna.com.br\/wp-content\/uploads\/2022\/12\/c300e521-29b1-43f6-b6b2-1f7380d2ba6c-300x212.jpg 300w, https:\/\/diariotribuna.com.br\/wp-content\/uploads\/2022\/12\/c300e521-29b1-43f6-b6b2-1f7380d2ba6c-100x70.jpg 100w\" sizes=\"(max-width: 624px) 100vw, 624px\" \/><figcaption class=\"wp-element-caption\"><strong>Reled Maikel com o presidente da AMM, dr. Marcos Vin\u00edcius, e o secret\u00e1rio de Estado de Governo, Igor Eto<\/strong><\/figcaption><\/figure>\n\n\n\n<p>Na oportunidade, Reled encontrou com diversas autoridades pol\u00edticas, como o presidente da AMM (Associa\u00e7\u00e3o Mineira de Munic\u00edpios), prefeito de Coronel Fabriciano, dr. Marcos Vin\u00edcius, e o secret\u00e1rio de Estado de Governo, Igor Eto, estreitando rela\u00e7\u00f5es para proporcionar uma melhor qualidade de vida aos mun\u00edcipes de Ladainha.<\/p>\n\n\n\n<p><strong>Procurador-geral de Justi\u00e7a \u2013 Bi\u00eanio 2023\/2024: <\/strong>\u00a0Natural de Montes Claros, Jarbas Soares J\u00fanior ingressou no Minist\u00e9rio P\u00fablico de Minas Gerais em maio de 1990. Atuou como Promotor de Justi\u00e7a nas comarcas de Janu\u00e1ria, Manga, Ouro Preto, Mariana e Itabirito. Foi promovido ao cargo de procurador de Justi\u00e7a em 2001. Exerceu o cargo de procurador-geral de Justi\u00e7a nos bi\u00eanios 2005\/2006, 2007\/2008, e 2021\/2022. <\/p>\n","protected":false},"excerpt":{"rendered":"<p>O prefeito municipal de Ladainha, Reled Maikel, participou, na noite desta segunda-feira (12\/12\/2022), no Grande Teatro do Pal\u00e1cio das Artes, em Belo Horizonte, da solenidade de posse do procurador-geral de Justi\u00e7a, dr. Jarbas Soares J\u00fanior, que foi reconduzido ao cargo para o bi\u00eanio 2023\/2024. O procurador-geral de Justi\u00e7a, empossado pelo Governador de Minas Gerais, Romeu [&hellip;]<\/p>\n","protected":false},"author":1,"featured_media":17850,"comment_status":"open","ping_status":"open","sticky":false,"template":"","format":"standard","meta":{"rop_custom_images_group":[],"rop_custom_messages_group":[],"rop_publish_now":"initial","rop_publish_now_accounts":[],"rop_publish_now_history":[],"rop_publish_now_status":"pending","footnotes":""},"categories":[25,19],"tags":[4993,86,371,4991,4992],"class_list":["post-17849","post","type-post","status-publish","format-standard","has-post-thumbnail","hentry","category-destaque","category-gerais","tag-jarbas-soares-junior","tag-ladainha","tag-posse","tag-prefeito-reled-maikel","tag-procurador-geral-de-justica"],"_links":{"self":[{"href":"https:\/\/diariotribuna.com.br\/index.php?rest_route=\/wp\/v2\/posts\/17849"}],"collection":[{"href":"https:\/\/diariotribuna.com.br\/index.php?rest_route=\/wp\/v2\/posts"}],"about":[{"href":"https:\/\/diariotribuna.com.br\/index.php?rest_route=\/wp\/v2\/types\/post"}],"author":[{"embeddable":true,"href":"https:\/\/diariotribuna.com.br\/index.php?rest_route=\/wp\/v2\/users\/1"}],"replies":[{"embeddable":true,"href":"https:\/\/diariotribuna.com.br\/index.php?rest_route=%2Fwp%2Fv2%2Fcomments&post=17849"}],"version-history":[{"count":4,"href":"https:\/\/diariotribuna.com.br\/index.php?rest_route=\/wp\/v2\/posts\/17849\/revisions"}],"predecessor-version":[{"id":17855,"href":"https:\/\/diariotribuna.com.br\/index.php?rest_route=\/wp\/v2\/posts\/17849\/revisions\/17855"}],"wp:featuredmedia":[{"embeddable":true,"href":"https:\/\/diariotribuna.com.br\/index.php?rest_route=\/wp\/v2\/media\/17850"}],"wp:attachment":[{"href":"https:\/\/diariotribuna.com.br\/index.php?rest_route=%2Fwp%2Fv2%2Fmedia&parent=17849"}],"wp:term":[{"taxonomy":"category","embeddable":true,"href":"https:\/\/diariotribuna.com.br\/index.php?rest_route=%2Fwp%2Fv2%2Fcategories&post=17849"},{"taxonomy":"post_tag","embeddable":true,"href":"https:\/\/diariotribuna.com.br\/index.php?rest_route=%2Fwp%2Fv2%2Ftags&post=17849"}],"curies":[{"name":"wp","href":"https:\/\/api.w.org\/{rel}","templated":true}]}}