{"id":17860,"date":"2022-12-14T10:01:03","date_gmt":"2022-12-14T13:01:03","guid":{"rendered":"https:\/\/diariotribuna.com.br\/?p=17860"},"modified":"2022-12-15T09:48:21","modified_gmt":"2022-12-15T12:48:21","slug":"diario-tribuna-14-de-dezembro-2022-teofilo-otoni-mg","status":"publish","type":"post","link":"https:\/\/diariotribuna.com.br\/?p=17860","title":{"rendered":"<strong>Di\u00e1rio Tribuna, 14 de Dezembro 2022, Te\u00f3filo Otoni &#8211; MG<\/strong>"},"content":{"rendered":"\n<figure class=\"wp-block-image size-full is-resized is-style-default\"><img loading=\"lazy\" decoding=\"async\" src=\"https:\/\/diariotribuna.com.br\/wp-content\/uploads\/2022\/12\/785b182f-aed8-4e72-a20e-7b35b91b0fa3.jpg\" alt=\"\" class=\"wp-image-17862\" width=\"362\" height=\"518\" srcset=\"https:\/\/diariotribuna.com.br\/wp-content\/uploads\/2022\/12\/785b182f-aed8-4e72-a20e-7b35b91b0fa3.jpg 699w, https:\/\/diariotribuna.com.br\/wp-content\/uploads\/2022\/12\/785b182f-aed8-4e72-a20e-7b35b91b0fa3-210x300.jpg 210w, https:\/\/diariotribuna.com.br\/wp-content\/uploads\/2022\/12\/785b182f-aed8-4e72-a20e-7b35b91b0fa3-696x996.jpg 696w, https:\/\/diariotribuna.com.br\/wp-content\/uploads\/2022\/12\/785b182f-aed8-4e72-a20e-7b35b91b0fa3-294x420.jpg 294w\" sizes=\"(max-width: 362px) 100vw, 362px\" \/><\/figure>\n\n\n\n<h2 class=\"wp-block-heading\"><strong><strong><mark style=\"background-color:rgba(0, 0, 0, 0)\" class=\"has-inline-color has-vivid-red-color\">Acesse o link abaixo e veja a edi\u00e7\u00e3o completa do Di\u00e1rio Tribuna desta quarta-feira (14\/12\/2022)<\/mark><\/strong><\/strong><\/h2>\n\n\n\n<h2 class=\"wp-block-heading\"><a href=\"https:\/\/diariotribuna.com.br\/wp-content\/uploads\/2022\/12\/DIARIO-TRIBUNA-53-ANOS-14-DEZEMBRO-2022.pdf\"><strong><mark style=\"background-color:rgba(0, 0, 0, 0)\" class=\"has-inline-color has-vivid-red-color\">https:\/\/diariotribuna.com.br\/wp-content\/uploads\/2022\/12\/DIARIO-TRIBUNA-53-ANOS-14-DEZEMBRO-2022.pdf<\/mark><\/strong><\/a><\/h2>\n","protected":false},"excerpt":{"rendered":"<p>Acesse o link abaixo e veja a edi\u00e7\u00e3o completa do Di\u00e1rio Tribuna desta quarta-feira (14\/12\/2022) https:\/\/diariotribuna.com.br\/wp-content\/uploads\/2022\/12\/DIARIO-TRIBUNA-53-ANOS-14-DEZEMBRO-2022.pdf<\/p>\n","protected":false},"author":1,"featured_media":17862,"comment_status":"open","ping_status":"open","sticky":false,"template":"","format":"standard","meta":{"rop_custom_images_group":[],"rop_custom_messages_group":[],"rop_publish_now":"initial","rop_publish_now_accounts":[],"rop_publish_now_history":[],"rop_publish_now_status":"pending","footnotes":""},"categories":[17,23],"tags":[4995,42,1010,75,867],"class_list":["post-17860","post","type-post","status-publish","format-standard","has-post-thumbnail","hentry","category-teofilootoni","category-ultimaedicao","tag-14-12-2022","tag-diario-tribuna","tag-nordeste-mineiro","tag-teofilo-otoni","tag-vale-do-mucuri"],"_links":{"self":[{"href":"https:\/\/diariotribuna.com.br\/index.php?rest_route=\/wp\/v2\/posts\/17860"}],"collection":[{"href":"https:\/\/diariotribuna.com.br\/index.php?rest_route=\/wp\/v2\/posts"}],"about":[{"href":"https:\/\/diariotribuna.com.br\/index.php?rest_route=\/wp\/v2\/types\/post"}],"author":[{"embeddable":true,"href":"https:\/\/diariotribuna.com.br\/index.php?rest_route=\/wp\/v2\/users\/1"}],"replies":[{"embeddable":true,"href":"https:\/\/diariotribuna.com.br\/index.php?rest_route=%2Fwp%2Fv2%2Fcomments&post=17860"}],"version-history":[{"count":1,"href":"https:\/\/diariotribuna.com.br\/index.php?rest_route=\/wp\/v2\/posts\/17860\/revisions"}],"predecessor-version":[{"id":17863,"href":"https:\/\/diariotribuna.com.br\/index.php?rest_route=\/wp\/v2\/posts\/17860\/revisions\/17863"}],"wp:featuredmedia":[{"embeddable":true,"href":"https:\/\/diariotribuna.com.br\/index.php?rest_route=\/wp\/v2\/media\/17862"}],"wp:attachment":[{"href":"https:\/\/diariotribuna.com.br\/index.php?rest_route=%2Fwp%2Fv2%2Fmedia&parent=17860"}],"wp:term":[{"taxonomy":"category","embeddable":true,"href":"https:\/\/diariotribuna.com.br\/index.php?rest_route=%2Fwp%2Fv2%2Fcategories&post=17860"},{"taxonomy":"post_tag","embeddable":true,"href":"https:\/\/diariotribuna.com.br\/index.php?rest_route=%2Fwp%2Fv2%2Ftags&post=17860"}],"curies":[{"name":"wp","href":"https:\/\/api.w.org\/{rel}","templated":true}]}}