{"id":17864,"date":"2022-12-14T21:02:03","date_gmt":"2022-12-15T00:02:03","guid":{"rendered":"https:\/\/diariotribuna.com.br\/?p=17864"},"modified":"2022-12-17T23:53:34","modified_gmt":"2022-12-18T02:53:34","slug":"policia-civil-prende-professor-investigado-por-importunacao-sexual","status":"publish","type":"post","link":"https:\/\/diariotribuna.com.br\/?p=17864","title":{"rendered":"<strong>Pol\u00edcia Civil prende professor investigado por importuna\u00e7\u00e3o sexual<\/strong>"},"content":{"rendered":"\n<figure class=\"wp-block-image size-full is-resized is-style-default\"><img loading=\"lazy\" decoding=\"async\" src=\"https:\/\/diariotribuna.com.br\/wp-content\/uploads\/2022\/12\/17d762c2-ebc2-45b0-b8eb-095b992a3f19.jpg\" alt=\"\" class=\"wp-image-17865\" width=\"566\" height=\"382\" srcset=\"https:\/\/diariotribuna.com.br\/wp-content\/uploads\/2022\/12\/17d762c2-ebc2-45b0-b8eb-095b992a3f19.jpg 700w, https:\/\/diariotribuna.com.br\/wp-content\/uploads\/2022\/12\/17d762c2-ebc2-45b0-b8eb-095b992a3f19-300x202.jpg 300w, https:\/\/diariotribuna.com.br\/wp-content\/uploads\/2022\/12\/17d762c2-ebc2-45b0-b8eb-095b992a3f19-696x469.jpg 696w, https:\/\/diariotribuna.com.br\/wp-content\/uploads\/2022\/12\/17d762c2-ebc2-45b0-b8eb-095b992a3f19-623x420.jpg 623w\" sizes=\"(max-width: 566px) 100vw, 566px\" \/><figcaption class=\"wp-element-caption\"><strong>O delegado Lucas Damas Garlipp Provenzano est\u00e1 \u00e0 frente das investiga\u00e7\u00f5es<\/strong><\/figcaption><\/figure>\n\n\n\n<p>A Pol\u00edcia Civil de Minas Gerais, por meio da 19\u00aa Delegacia de \u00c1guas Formosas, cumpriu mandado de pris\u00e3o preventiva, nesta quarta-feira (14\/12), contra um professor de 63 anos. Ele foi preso na cidade de \u00c1guas Formosas e \u00e9 investigado pelo crime de importuna\u00e7\u00e3o sexual, de maneira reiterada, envolvendo mais de uma v\u00edtima, sendo elas menores, todas suas alunas.<\/p>\n\n\n\n<p>O delegado Lucas Damas Garlipp Provenzano representou pela pris\u00e3o preventiva do professor, tendo o Minist\u00e9rio P\u00fablico se manifestado favoravelmente \u00e0 imposi\u00e7\u00e3o da medida e, por fim, o Poder Judici\u00e1rio da Comarca decretado a pris\u00e3o. Ap\u00f3s o cumprimento do mandado, o investigado foi recolhido ao pres\u00eddio local, onde permanece \u00e0 disposi\u00e7\u00e3o da justi\u00e7a.<\/p>\n\n\n\n<p>Equipe Pol\u00edcia Civil: Delegado Lucas Damas Garlipp Provenzano, que coordenou os trabalhos. Escriv\u00e3: Gabrielle Lobo Oliveira. Investigadores: Let\u00edcia Mascarenhas de Oliveira Gon\u00e7alves, Emerson Jos\u00e9 Guilherme da Rocha e Giovanna Ramos Di Pietro. (Informa\u00e7\u00f5es\/Foto: assessoria de comunica\u00e7\u00e3o da PCMG\/ Nanuque).<\/p>\n","protected":false},"excerpt":{"rendered":"<p>A Pol\u00edcia Civil de Minas Gerais, por meio da 19\u00aa Delegacia de \u00c1guas Formosas, cumpriu mandado de pris\u00e3o preventiva, nesta quarta-feira (14\/12), contra um professor de 63 anos. Ele foi preso na cidade de \u00c1guas Formosas e \u00e9 investigado pelo crime de importuna\u00e7\u00e3o sexual, de maneira reiterada, envolvendo mais de uma v\u00edtima, sendo elas menores, [&hellip;]<\/p>\n","protected":false},"author":1,"featured_media":17865,"comment_status":"open","ping_status":"open","sticky":false,"template":"","format":"standard","meta":{"rop_custom_images_group":[],"rop_custom_messages_group":[],"rop_publish_now":"initial","rop_publish_now_accounts":[],"rop_publish_now_history":[],"rop_publish_now_status":"pending","footnotes":""},"categories":[20],"tags":[590,4997,292,649,4996],"class_list":["post-17864","post","type-post","status-publish","format-standard","has-post-thumbnail","hentry","category-policia","tag-aguas-formosas","tag-importunacao-sexual","tag-policia-civil","tag-prisao","tag-professor"],"_links":{"self":[{"href":"https:\/\/diariotribuna.com.br\/index.php?rest_route=\/wp\/v2\/posts\/17864"}],"collection":[{"href":"https:\/\/diariotribuna.com.br\/index.php?rest_route=\/wp\/v2\/posts"}],"about":[{"href":"https:\/\/diariotribuna.com.br\/index.php?rest_route=\/wp\/v2\/types\/post"}],"author":[{"embeddable":true,"href":"https:\/\/diariotribuna.com.br\/index.php?rest_route=\/wp\/v2\/users\/1"}],"replies":[{"embeddable":true,"href":"https:\/\/diariotribuna.com.br\/index.php?rest_route=%2Fwp%2Fv2%2Fcomments&post=17864"}],"version-history":[{"count":1,"href":"https:\/\/diariotribuna.com.br\/index.php?rest_route=\/wp\/v2\/posts\/17864\/revisions"}],"predecessor-version":[{"id":17866,"href":"https:\/\/diariotribuna.com.br\/index.php?rest_route=\/wp\/v2\/posts\/17864\/revisions\/17866"}],"wp:featuredmedia":[{"embeddable":true,"href":"https:\/\/diariotribuna.com.br\/index.php?rest_route=\/wp\/v2\/media\/17865"}],"wp:attachment":[{"href":"https:\/\/diariotribuna.com.br\/index.php?rest_route=%2Fwp%2Fv2%2Fmedia&parent=17864"}],"wp:term":[{"taxonomy":"category","embeddable":true,"href":"https:\/\/diariotribuna.com.br\/index.php?rest_route=%2Fwp%2Fv2%2Fcategories&post=17864"},{"taxonomy":"post_tag","embeddable":true,"href":"https:\/\/diariotribuna.com.br\/index.php?rest_route=%2Fwp%2Fv2%2Ftags&post=17864"}],"curies":[{"name":"wp","href":"https:\/\/api.w.org\/{rel}","templated":true}]}}