{"id":17867,"date":"2022-12-15T09:48:38","date_gmt":"2022-12-15T12:48:38","guid":{"rendered":"https:\/\/diariotribuna.com.br\/?p=17867"},"modified":"2022-12-16T11:58:48","modified_gmt":"2022-12-16T14:58:48","slug":"diario-tribuna-15-de-dezembro-2022-teofilo-otoni-mg","status":"publish","type":"post","link":"https:\/\/diariotribuna.com.br\/?p=17867","title":{"rendered":"<strong>Di\u00e1rio Tribuna, 15 de Dezembro 2022, Te\u00f3filo Otoni &#8211; MG<\/strong>"},"content":{"rendered":"\n<figure class=\"wp-block-image size-full is-resized is-style-default\"><img loading=\"lazy\" decoding=\"async\" src=\"https:\/\/diariotribuna.com.br\/wp-content\/uploads\/2022\/12\/f2fffe95-4c4f-4bb5-a073-ce446f226c47.jpg\" alt=\"\" class=\"wp-image-17869\" width=\"353\" height=\"502\" srcset=\"https:\/\/diariotribuna.com.br\/wp-content\/uploads\/2022\/12\/f2fffe95-4c4f-4bb5-a073-ce446f226c47.jpg 704w, https:\/\/diariotribuna.com.br\/wp-content\/uploads\/2022\/12\/f2fffe95-4c4f-4bb5-a073-ce446f226c47-211x300.jpg 211w, https:\/\/diariotribuna.com.br\/wp-content\/uploads\/2022\/12\/f2fffe95-4c4f-4bb5-a073-ce446f226c47-696x991.jpg 696w, https:\/\/diariotribuna.com.br\/wp-content\/uploads\/2022\/12\/f2fffe95-4c4f-4bb5-a073-ce446f226c47-295x420.jpg 295w\" sizes=\"(max-width: 353px) 100vw, 353px\" \/><\/figure>\n\n\n\n<h2 class=\"wp-block-heading\"><strong><strong><mark style=\"background-color:rgba(0, 0, 0, 0)\" class=\"has-inline-color has-vivid-red-color\">Acesse o link abaixo e veja a edi\u00e7\u00e3o completa do Di\u00e1rio Tribuna desta quinta-feira (15\/12\/2022)<\/mark><\/strong><\/strong><\/h2>\n\n\n\n<h2 class=\"wp-block-heading\"><a href=\"https:\/\/diariotribuna.com.br\/wp-content\/uploads\/2022\/12\/DIARIO-TRIBUNA-53-ANOS-15-DEZEMBRO-2022.pdf\"><strong><mark style=\"background-color:rgba(0, 0, 0, 0)\" class=\"has-inline-color has-vivid-red-color\">https:\/\/diariotribuna.com.br\/wp-content\/uploads\/2022\/12\/DIARIO-TRIBUNA-53-ANOS-15-DEZEMBRO-2022.pdf<\/mark><\/strong><\/a><\/h2>\n","protected":false},"excerpt":{"rendered":"<p>Acesse o link abaixo e veja a edi\u00e7\u00e3o completa do Di\u00e1rio Tribuna desta quinta-feira (15\/12\/2022) https:\/\/diariotribuna.com.br\/wp-content\/uploads\/2022\/12\/DIARIO-TRIBUNA-53-ANOS-15-DEZEMBRO-2022.pdf<\/p>\n","protected":false},"author":1,"featured_media":17869,"comment_status":"open","ping_status":"open","sticky":false,"template":"","format":"standard","meta":{"rop_custom_images_group":[],"rop_custom_messages_group":[],"rop_publish_now":"initial","rop_publish_now_accounts":[],"rop_publish_now_history":[],"rop_publish_now_status":"pending","footnotes":""},"categories":[17,23],"tags":[4998,42,1010,75,867],"class_list":["post-17867","post","type-post","status-publish","format-standard","has-post-thumbnail","hentry","category-teofilootoni","category-ultimaedicao","tag-15-12-2022","tag-diario-tribuna","tag-nordeste-mineiro","tag-teofilo-otoni","tag-vale-do-mucuri"],"_links":{"self":[{"href":"https:\/\/diariotribuna.com.br\/index.php?rest_route=\/wp\/v2\/posts\/17867"}],"collection":[{"href":"https:\/\/diariotribuna.com.br\/index.php?rest_route=\/wp\/v2\/posts"}],"about":[{"href":"https:\/\/diariotribuna.com.br\/index.php?rest_route=\/wp\/v2\/types\/post"}],"author":[{"embeddable":true,"href":"https:\/\/diariotribuna.com.br\/index.php?rest_route=\/wp\/v2\/users\/1"}],"replies":[{"embeddable":true,"href":"https:\/\/diariotribuna.com.br\/index.php?rest_route=%2Fwp%2Fv2%2Fcomments&post=17867"}],"version-history":[{"count":1,"href":"https:\/\/diariotribuna.com.br\/index.php?rest_route=\/wp\/v2\/posts\/17867\/revisions"}],"predecessor-version":[{"id":17870,"href":"https:\/\/diariotribuna.com.br\/index.php?rest_route=\/wp\/v2\/posts\/17867\/revisions\/17870"}],"wp:featuredmedia":[{"embeddable":true,"href":"https:\/\/diariotribuna.com.br\/index.php?rest_route=\/wp\/v2\/media\/17869"}],"wp:attachment":[{"href":"https:\/\/diariotribuna.com.br\/index.php?rest_route=%2Fwp%2Fv2%2Fmedia&parent=17867"}],"wp:term":[{"taxonomy":"category","embeddable":true,"href":"https:\/\/diariotribuna.com.br\/index.php?rest_route=%2Fwp%2Fv2%2Fcategories&post=17867"},{"taxonomy":"post_tag","embeddable":true,"href":"https:\/\/diariotribuna.com.br\/index.php?rest_route=%2Fwp%2Fv2%2Ftags&post=17867"}],"curies":[{"name":"wp","href":"https:\/\/api.w.org\/{rel}","templated":true}]}}