{"id":17871,"date":"2022-12-15T20:53:07","date_gmt":"2022-12-15T23:53:07","guid":{"rendered":"https:\/\/diariotribuna.com.br\/?p=17871"},"modified":"2022-12-15T20:53:09","modified_gmt":"2022-12-15T23:53:09","slug":"casal-conectado-parte-3-gestao-de-carreira-do-digital-influencer-gari-gato-como-marca","status":"publish","type":"post","link":"https:\/\/diariotribuna.com.br\/?p=17871","title":{"rendered":"<strong>Casal conectado \u2013 parte 3: Gest\u00e3o de carreira do \u201cDigital Influencer\u201d \u2013 Gari Gato como marca<\/strong>"},"content":{"rendered":"\n<figure class=\"wp-block-image size-full is-resized is-style-default\"><img loading=\"lazy\" decoding=\"async\" src=\"https:\/\/diariotribuna.com.br\/wp-content\/uploads\/2022\/12\/Juliana-1.jpg\" alt=\"\" class=\"wp-image-17875\" width=\"317\" height=\"332\" srcset=\"https:\/\/diariotribuna.com.br\/wp-content\/uploads\/2022\/12\/Juliana-1.jpg 650w, https:\/\/diariotribuna.com.br\/wp-content\/uploads\/2022\/12\/Juliana-1-286x300.jpg 286w, https:\/\/diariotribuna.com.br\/wp-content\/uploads\/2022\/12\/Juliana-1-401x420.jpg 401w\" sizes=\"(max-width: 317px) 100vw, 317px\" \/><figcaption class=\"wp-element-caption\"><strong><strong>Juliana Lemes da Cruz.<\/strong><\/strong><br><strong><strong>Doutoranda em Pol\u00edtica Social \u2013 UFF.<\/strong><\/strong><br><strong><strong>Pesquisadora GEPAF\/UFVJM.<\/strong><\/strong><br><strong><strong>Coordenadora do Projeto MLV.<\/strong><\/strong><br><strong><strong>Contato: <\/strong><a href=\"mailto:julianalemes@id.uff.br\"><strong>julianalemes@id.uff.br<\/strong><\/a><\/strong><\/figcaption><\/figure>\n\n\n\n<figure class=\"wp-block-image size-full is-resized is-style-default\"><img loading=\"lazy\" decoding=\"async\" src=\"https:\/\/diariotribuna.com.br\/wp-content\/uploads\/2022\/12\/Producao-de-conteudo.jpeg\" alt=\"\" class=\"wp-image-17874\" width=\"448\" height=\"435\" srcset=\"https:\/\/diariotribuna.com.br\/wp-content\/uploads\/2022\/12\/Producao-de-conteudo.jpeg 600w, https:\/\/diariotribuna.com.br\/wp-content\/uploads\/2022\/12\/Producao-de-conteudo-300x291.jpeg 300w, https:\/\/diariotribuna.com.br\/wp-content\/uploads\/2022\/12\/Producao-de-conteudo-433x420.jpeg 433w\" sizes=\"(max-width: 448px) 100vw, 448px\" \/><figcaption class=\"wp-element-caption\"><strong>Produ\u00e7\u00e3o de conte\u00fado<\/strong><\/figcaption><\/figure>\n\n\n\n<p>A ocupa\u00e7\u00e3o de \u201cdigital influencer\u201d parece ter batido \u00e0 porta do Gari Gato meses antes dele sofrer, durante o trabalho, uma les\u00e3o no ombro que o impossibilitaria de continuar a realizar as atividades na coleta de lixo da capital mineira com o mesmo rendimento e seguran\u00e7a de antes. Pode parecer algo ao acaso, mas, h\u00e1 quem acredite que a fama repentina, \u00e0s v\u00e9speras de um evento que estragaria sua paix\u00e3o pelo of\u00edcio de gari tem explica\u00e7\u00e3o divina. Josy, que trabalha em regime de dedica\u00e7\u00e3o exclusiva na Pol\u00edcia Militar mineira, com as mudan\u00e7as de rotina, precisou se adaptar para dar conta de ajudar Tales, o Gari Gato BH, na gest\u00e3o de sua carreira como \u201cdigital influencer\u201d, ou, aportuguesando o termo, como \u201cinfluenciador digital\u201d.<\/p>\n\n\n\n<p>As tarefas de trabalhadora do setor p\u00fablico e tamb\u00e9m do lar, m\u00e3e e companheira, n\u00e3o t\u00eam sido nada simples para a Josy, mulher. Isso porque, a gest\u00e3o das redes sociais do Gari Gato que mais parece uma divers\u00e3o \u00e9, na verdade, trabalho pesado. Daqueles bem cansativos, de intensa carga mental. O que pouca gente sabe \u00e9 que o n\u00famero expressivo de seguidores nas principais redes sociais, em regra, n\u00e3o significa para o influenciador o recebimento de valores proporcionais a esse n\u00famero. Algumas redes, sequer remuneram o influenciador que tem milhares de seguidores. Sendo assim, para que o Gari Gato BH consiga aproveitar a fama para impulsionar uma nova possibilidade profissional, ele ter\u00e1 que suar muito o seu uniforme cor laranja.<\/p>\n\n\n\n<p>Ter\u00e1 que suar porque esse esfor\u00e7o est\u00e1 em curso. Em conversa com a Josy, companheira do Tales, pude perceber que nos \u00faltimos dois anos e meio o casal precisou decidir sobre aspectos important\u00edssimos, dentre as quais, a mais significativa: a gest\u00e3o de carreira do Gari Gato. Uma vez que a ocupa\u00e7\u00e3o como gari se tornaria n\u00e3o a \u00fanica, mas, uma das ocupa\u00e7\u00f5es do Tales.<\/p>\n\n\n\n<p>Inicialmente, o casal se assustou com a repercuss\u00e3o das apari\u00e7\u00f5es do Tales em canais de comunica\u00e7\u00e3o. O que se tornou mais impactante quando precisou responder aos est\u00edmulos da grande m\u00eddia, o que provocou uma demanda gigante de admiradores da pessoa do Tales e da forma com que o gari conduzia uma profiss\u00e3o t\u00e3o digna e importante. Por conta disso, a contrata\u00e7\u00e3o de uma assessoria que ajudasse na produ\u00e7\u00e3o de conte\u00fado, no jur\u00eddico e na administra\u00e7\u00e3o dos convites recebidos e aten\u00e7\u00e3o aos seguidores, parecia essencial. Com o tempo, ap\u00f3s passarem por tr\u00eas experi\u00eancias com assessoria pessoal contratada, o casal percebeu que esse movimento \u201cdigital influencer\u201d como ocupa\u00e7\u00e3o, era algo muito novo tamb\u00e9m para ag\u00eancias especializadas em gest\u00e3o de carreira.<\/p>\n\n\n\n<p>Sendo assim, Josy e Tales decidiram que administrariam sozinhos suas redes. Sim, com a conex\u00e3o do casal, Josy, que tem emprego p\u00fablico, tamb\u00e9m passou a observar com mais cuidado suas postagens, uma vez que tamb\u00e9m estava sendo seguida nas suas redes por seguidores do companheiro. Logo, tendo adquirido potencial para influenciar a muitos. H\u00e1 algum tempo \u00e9 o casal quem administra as redes e negociam valores de publicidade. Aprendizado adquirido dia a dia, com busca e estudo sobre as mais adequadas estrat\u00e9gias para gest\u00e3o da carreira de um influenciador digital.<\/p>\n\n\n\n<p>De iniciativa, registraram a marca \u201cGari Gato\u201d junto ao Instituto Nacional da Propriedade Industrial, o INPI. Est\u00e3o para lan\u00e7ar uma grife de \u00f3culos com a rec\u00e9m-criada marca. A ideia \u00e9 aproveitar todas as oportunidades de manuten\u00e7\u00e3o da figura do Gari Gato BH como personalidade p\u00fablica, pois o casal tem a convic\u00e7\u00e3o de que isso \u00e9 perfeitamente poss\u00edvel.<\/p>\n\n\n\n<p>Com os esfor\u00e7os para conhecer mais sobre o universo digital, Josy e Tales perceberam que, na verdade, h\u00e1 muita desinforma\u00e7\u00e3o na internet. O n\u00famero de seguidores, que passa dos 3 milh\u00f5es nas redes administradas por eles representa apenas uma base para precifica\u00e7\u00e3o das divulga\u00e7\u00f5es. \u00c9 uma refer\u00eancia que, n\u00e3o necessariamente, gera algum tipo de vantagem ou renda.<\/p>\n\n\n\n<p>H\u00e1 outros fatores que s\u00e3o levados em considera\u00e7\u00e3o, como o n\u00edvel de intera\u00e7\u00e3o dos seguidores diante do conte\u00fado postado, a natureza do p\u00fablico, se \u00e9 ou n\u00e3o um p\u00fablico org\u00e2nico \u2013 ou seja, aquele perfil que chega por interesse mesmo, nada daquelas estrat\u00e9gias de compra de seguidores. Al\u00e9m da defini\u00e7\u00e3o de qual nicho ocupa \u2013 mulheres\/homens, trabalhadores assalariados, estudantes, classe dos garis, por exemplo \u2013 e o alcance das publica\u00e7\u00f5es.<\/p>\n\n\n\n<p>No mais, o casal garante que a gest\u00e3o das redes toma tempo, produz desgaste mental e exige m\u00e9todo. Se a inten\u00e7\u00e3o do influenciador for alavancar uma poss\u00edvel carreira no universo digital, dever\u00e1 se dedicar com prop\u00f3sito, porque a din\u00e2mica n\u00e3o \u00e9 simples. Evidenciaram que, n\u00e3o basta ter quantidade de seguidores, \u00e9 preciso conhecer o universo digital e quais as plataformas oferecem remunera\u00e7\u00e3o aos \u201cdigital influencers\u201d por n\u00famero de visualiza\u00e7\u00f5es. Josy alertou que algumas remuneram e h\u00e1 uma tabela para isso.<\/p>\n\n\n\n<p>Certo \u00e9 que, os \u00faltimos dois anos do casal josy e Tales exigiu deles o estreitamento da conex\u00e3o que tinham no in\u00edcio do relacionamento. Uma vez que, com o passar do tempo, as demandas cotidianas tendem a ocupar espa\u00e7o importante na vida, o que exp\u00f5e o n\u00edvel de comprometimento do casal frente \u00e0 necessidade de supera\u00e7\u00e3o dos desafios da vida a dois.<\/p>\n\n\n\n<p>Como ocupei a parte 3 da hist\u00f3ria do Casal Conectado discutindo a administra\u00e7\u00e3o da fama desta \u201csub celebridade\u201d que agora ocupa a categoria dos influenciadores digitais, deixo de tratar das exposi\u00e7\u00f5es do casal na grande m\u00eddia nesta edi\u00e7\u00e3o da coluna Interfaces. O que pretendo fazer na edi\u00e7\u00e3o da pr\u00f3xima semana.<\/p>\n\n\n\n<pre class=\"wp-block-verse\"><strong>Para conhecer melhor, siga @garigatobh e @josylima01<\/strong><\/pre>\n\n\n\n<figure class=\"wp-block-gallery has-nested-images columns-default is-cropped wp-block-gallery-1 is-layout-flex wp-block-gallery-is-layout-flex\">\n<figure class=\"wp-block-image size-large is-style-default\"><img loading=\"lazy\" decoding=\"async\" width=\"600\" height=\"847\" data-id=\"17872\" src=\"https:\/\/diariotribuna.com.br\/wp-content\/uploads\/2022\/12\/Josy-apoia-Tales.jpeg\" alt=\"\" class=\"wp-image-17872\" srcset=\"https:\/\/diariotribuna.com.br\/wp-content\/uploads\/2022\/12\/Josy-apoia-Tales.jpeg 600w, https:\/\/diariotribuna.com.br\/wp-content\/uploads\/2022\/12\/Josy-apoia-Tales-213x300.jpeg 213w, https:\/\/diariotribuna.com.br\/wp-content\/uploads\/2022\/12\/Josy-apoia-Tales-298x420.jpeg 298w\" sizes=\"(max-width: 600px) 100vw, 600px\" \/><figcaption class=\"wp-element-caption\"><strong>Josy apoia Tales<\/strong><\/figcaption><\/figure>\n\n\n\n<figure class=\"wp-block-image size-large is-style-default\"><img loading=\"lazy\" decoding=\"async\" width=\"600\" height=\"993\" data-id=\"17873\" src=\"https:\/\/diariotribuna.com.br\/wp-content\/uploads\/2022\/12\/Josy-e-Tales-para-as-redes.jpg\" alt=\"\" class=\"wp-image-17873\" srcset=\"https:\/\/diariotribuna.com.br\/wp-content\/uploads\/2022\/12\/Josy-e-Tales-para-as-redes.jpg 600w, https:\/\/diariotribuna.com.br\/wp-content\/uploads\/2022\/12\/Josy-e-Tales-para-as-redes-181x300.jpg 181w, https:\/\/diariotribuna.com.br\/wp-content\/uploads\/2022\/12\/Josy-e-Tales-para-as-redes-254x420.jpg 254w\" sizes=\"(max-width: 600px) 100vw, 600px\" \/><figcaption class=\"wp-element-caption\"><strong>Josy e Tales para as redes<\/strong><\/figcaption><\/figure>\n<\/figure>\n","protected":false},"excerpt":{"rendered":"<p>A ocupa\u00e7\u00e3o de \u201cdigital influencer\u201d parece ter batido \u00e0 porta do Gari Gato meses antes dele sofrer, durante o trabalho, uma les\u00e3o no ombro que o impossibilitaria de continuar a realizar as atividades na coleta de lixo da capital mineira com o mesmo rendimento e seguran\u00e7a de antes. Pode parecer algo ao acaso, mas, h\u00e1 [&hellip;]<\/p>\n","protected":false},"author":1,"featured_media":17875,"comment_status":"open","ping_status":"open","sticky":false,"template":"","format":"standard","meta":{"rop_custom_images_group":[],"rop_custom_messages_group":[],"rop_publish_now":"initial","rop_publish_now_accounts":[],"rop_publish_now_history":[],"rop_publish_now_status":"pending","footnotes":""},"categories":[25,24],"tags":[4944,4945,1194,4999],"class_list":["post-17871","post","type-post","status-publish","format-standard","has-post-thumbnail","hentry","category-destaque","category-opiniao","tag-casal-conectado","tag-gari","tag-juliana-lemes","tag-parte-3"],"_links":{"self":[{"href":"https:\/\/diariotribuna.com.br\/index.php?rest_route=\/wp\/v2\/posts\/17871"}],"collection":[{"href":"https:\/\/diariotribuna.com.br\/index.php?rest_route=\/wp\/v2\/posts"}],"about":[{"href":"https:\/\/diariotribuna.com.br\/index.php?rest_route=\/wp\/v2\/types\/post"}],"author":[{"embeddable":true,"href":"https:\/\/diariotribuna.com.br\/index.php?rest_route=\/wp\/v2\/users\/1"}],"replies":[{"embeddable":true,"href":"https:\/\/diariotribuna.com.br\/index.php?rest_route=%2Fwp%2Fv2%2Fcomments&post=17871"}],"version-history":[{"count":1,"href":"https:\/\/diariotribuna.com.br\/index.php?rest_route=\/wp\/v2\/posts\/17871\/revisions"}],"predecessor-version":[{"id":17877,"href":"https:\/\/diariotribuna.com.br\/index.php?rest_route=\/wp\/v2\/posts\/17871\/revisions\/17877"}],"wp:featuredmedia":[{"embeddable":true,"href":"https:\/\/diariotribuna.com.br\/index.php?rest_route=\/wp\/v2\/media\/17875"}],"wp:attachment":[{"href":"https:\/\/diariotribuna.com.br\/index.php?rest_route=%2Fwp%2Fv2%2Fmedia&parent=17871"}],"wp:term":[{"taxonomy":"category","embeddable":true,"href":"https:\/\/diariotribuna.com.br\/index.php?rest_route=%2Fwp%2Fv2%2Fcategories&post=17871"},{"taxonomy":"post_tag","embeddable":true,"href":"https:\/\/diariotribuna.com.br\/index.php?rest_route=%2Fwp%2Fv2%2Ftags&post=17871"}],"curies":[{"name":"wp","href":"https:\/\/api.w.org\/{rel}","templated":true}]}}