{"id":17882,"date":"2022-12-15T22:03:24","date_gmt":"2022-12-16T01:03:24","guid":{"rendered":"https:\/\/diariotribuna.com.br\/?p=17882"},"modified":"2022-12-22T00:51:48","modified_gmt":"2022-12-22T03:51:48","slug":"entidades-de-classe-alinham-com-a-pm-acoes-no-periodo-natalino-em-teofilo-otoni","status":"publish","type":"post","link":"https:\/\/diariotribuna.com.br\/?p=17882","title":{"rendered":"Entidades de classe alinham com a PM a\u00e7\u00f5es no per\u00edodo natalino em Te\u00f3filo Otoni"},"content":{"rendered":"\n<figure class=\"wp-block-image size-full is-resized is-style-default\"><img loading=\"lazy\" decoding=\"async\" src=\"https:\/\/diariotribuna.com.br\/wp-content\/uploads\/2022\/12\/1be586fd-3214-44b0-9dee-22c0f4483244.jpg\" alt=\"\" class=\"wp-image-17883\" width=\"529\" height=\"352\" srcset=\"https:\/\/diariotribuna.com.br\/wp-content\/uploads\/2022\/12\/1be586fd-3214-44b0-9dee-22c0f4483244.jpg 700w, https:\/\/diariotribuna.com.br\/wp-content\/uploads\/2022\/12\/1be586fd-3214-44b0-9dee-22c0f4483244-300x200.jpg 300w, https:\/\/diariotribuna.com.br\/wp-content\/uploads\/2022\/12\/1be586fd-3214-44b0-9dee-22c0f4483244-696x463.jpg 696w, https:\/\/diariotribuna.com.br\/wp-content\/uploads\/2022\/12\/1be586fd-3214-44b0-9dee-22c0f4483244-631x420.jpg 631w\" sizes=\"(max-width: 529px) 100vw, 529px\" \/><\/figure>\n\n\n\n<p><strong>Te\u00f3filo Otoni \u2013<\/strong> A C\u00e2mara de Dirigentes Lojistas de Te\u00f3filo Otoni (CDL-TO), o Sindcom\u00e9rcio de Te\u00f3filo Otoni e Regi\u00e3o, e a Associa\u00e7\u00e3o Comercial e Empresarial (ACE-TO), realizaram uma reuni\u00e3o com a classe lojista, com a participa\u00e7\u00e3o da Pol\u00edcia Militar, na ter\u00e7a-feira (13\/12), na sede da CDL, para alinhar as a\u00e7\u00f5es e planejamento para Opera\u00e7\u00e3o Natalina 2022, al\u00e9m de passar orienta\u00e7\u00f5es de preven\u00e7\u00e3o a furtos e arrombamentos em estabelecimentos comerciais.<\/p>\n\n\n\n<p>O tenente Ricardo falou em nome da Pol\u00edcia Militar, e explanou como ser\u00e3o as medidas de seguran\u00e7a do com\u00e9rcio para evitar furtos e outros crimes que possam acontecer nesse per\u00edodo de grande movimenta\u00e7\u00e3o no com\u00e9rcio, que \u00e9 o per\u00edodo natalino. O tenente destacou o refor\u00e7o para a Opera\u00e7\u00e3o Natalina, falou que houve redu\u00e7\u00e3o criminal, de furtos ou de crimes violentos, com rela\u00e7\u00e3o ao ano de 2021, mas frisou que a Pol\u00edcia Militar visa baixar ainda mais, e vai trabalhar sempre para melhorar a estat\u00edstica.<\/p>\n\n\n\n<figure class=\"wp-block-image size-full is-resized is-style-default\"><img loading=\"lazy\" decoding=\"async\" src=\"https:\/\/diariotribuna.com.br\/wp-content\/uploads\/2022\/12\/319686197_876207160048352_4403251798226803687_n.jpg\" alt=\"\" class=\"wp-image-17884\" width=\"578\" height=\"355\" srcset=\"https:\/\/diariotribuna.com.br\/wp-content\/uploads\/2022\/12\/319686197_876207160048352_4403251798226803687_n.jpg 600w, https:\/\/diariotribuna.com.br\/wp-content\/uploads\/2022\/12\/319686197_876207160048352_4403251798226803687_n-300x184.jpg 300w, https:\/\/diariotribuna.com.br\/wp-content\/uploads\/2022\/12\/319686197_876207160048352_4403251798226803687_n-356x220.jpg 356w\" sizes=\"(max-width: 578px) 100vw, 578px\" \/><\/figure>\n\n\n\n<p>Para os comerciantes, o tenente deixa a dica para manter atuante o sistema de monitoramento com a devida manuten\u00e7\u00e3o, verificar se est\u00e1 gravando, e qualquer suspeita acionar a Pol\u00edcia Militar. Para os transeuntes, a dica \u00e9 n\u00e3o carregar grandes volumes de dinheiro, prestar aten\u00e7\u00e3o ao que acontece ao seu redor, principalmente na hora de sacar dinheiro em ag\u00eancia banc\u00e1ria, e que d\u00ea prefer\u00eancia ao PIX ou cart\u00e3o na hora de pagar suas compras. Pessoas idosas, importante que andem acompanhadas, e qualquer necessidade podem contar sempre com a Pol\u00edcia Militar.<\/p>\n\n\n\n<p>O presidente da CDL-TO, Frank Alves lamentou a falta de mais empres\u00e1rios para juntos debaterem a seguran\u00e7a dos com\u00e9rcios neste fim de ano. \u201cMas n\u00f3s como entidades estamos fazendo a nossa parte. Estamos discutindo aqui hoje, e propondo a\u00e7\u00f5es, junto com a Pol\u00edcia Militar, para melhorar a seguran\u00e7a no final de ano\u201d, disse Frank, ressaltando a import\u00e2ncia desse alinhamento de a\u00e7\u00f5es entre o com\u00e9rcio e \u00f3rg\u00e3os de seguran\u00e7a p\u00fablica.<\/p>\n","protected":false},"excerpt":{"rendered":"<p>Te\u00f3filo Otoni \u2013 A C\u00e2mara de Dirigentes Lojistas de Te\u00f3filo Otoni (CDL-TO), o Sindcom\u00e9rcio de Te\u00f3filo Otoni e Regi\u00e3o, e a Associa\u00e7\u00e3o Comercial e Empresarial (ACE-TO), realizaram uma reuni\u00e3o com a classe lojista, com a participa\u00e7\u00e3o da Pol\u00edcia Militar, na ter\u00e7a-feira (13\/12), na sede da CDL, para alinhar as a\u00e7\u00f5es e planejamento para Opera\u00e7\u00e3o Natalina [&hellip;]<\/p>\n","protected":false},"author":1,"featured_media":17883,"comment_status":"open","ping_status":"open","sticky":false,"template":"","format":"standard","meta":{"rop_custom_images_group":[],"rop_custom_messages_group":[],"rop_publish_now":"initial","rop_publish_now_accounts":[],"rop_publish_now_history":[],"rop_publish_now_status":"pending","footnotes":""},"categories":[17],"tags":[2786,1089,2296,76,221,75],"class_list":["post-17882","post","type-post","status-publish","format-standard","has-post-thumbnail","hentry","category-teofilootoni","tag-ace-to","tag-cdl-to","tag-natal","tag-policia-militar","tag-sindcomercio","tag-teofilo-otoni"],"_links":{"self":[{"href":"https:\/\/diariotribuna.com.br\/index.php?rest_route=\/wp\/v2\/posts\/17882"}],"collection":[{"href":"https:\/\/diariotribuna.com.br\/index.php?rest_route=\/wp\/v2\/posts"}],"about":[{"href":"https:\/\/diariotribuna.com.br\/index.php?rest_route=\/wp\/v2\/types\/post"}],"author":[{"embeddable":true,"href":"https:\/\/diariotribuna.com.br\/index.php?rest_route=\/wp\/v2\/users\/1"}],"replies":[{"embeddable":true,"href":"https:\/\/diariotribuna.com.br\/index.php?rest_route=%2Fwp%2Fv2%2Fcomments&post=17882"}],"version-history":[{"count":3,"href":"https:\/\/diariotribuna.com.br\/index.php?rest_route=\/wp\/v2\/posts\/17882\/revisions"}],"predecessor-version":[{"id":17887,"href":"https:\/\/diariotribuna.com.br\/index.php?rest_route=\/wp\/v2\/posts\/17882\/revisions\/17887"}],"wp:featuredmedia":[{"embeddable":true,"href":"https:\/\/diariotribuna.com.br\/index.php?rest_route=\/wp\/v2\/media\/17883"}],"wp:attachment":[{"href":"https:\/\/diariotribuna.com.br\/index.php?rest_route=%2Fwp%2Fv2%2Fmedia&parent=17882"}],"wp:term":[{"taxonomy":"category","embeddable":true,"href":"https:\/\/diariotribuna.com.br\/index.php?rest_route=%2Fwp%2Fv2%2Fcategories&post=17882"},{"taxonomy":"post_tag","embeddable":true,"href":"https:\/\/diariotribuna.com.br\/index.php?rest_route=%2Fwp%2Fv2%2Ftags&post=17882"}],"curies":[{"name":"wp","href":"https:\/\/api.w.org\/{rel}","templated":true}]}}