{"id":17892,"date":"2022-12-17T23:32:32","date_gmt":"2022-12-18T02:32:32","guid":{"rendered":"https:\/\/diariotribuna.com.br\/?p=17892"},"modified":"2022-12-18T17:03:22","modified_gmt":"2022-12-18T20:03:22","slug":"policia-militar-forma-560-alunos-de-seis-escolas-no-proerd-em-almenara","status":"publish","type":"post","link":"https:\/\/diariotribuna.com.br\/?p=17892","title":{"rendered":"Pol\u00edcia Militar forma 560 alunos de seis escolas no Proerd em Almenara"},"content":{"rendered":"\n<figure class=\"wp-block-image size-full is-resized is-style-default\"><img loading=\"lazy\" decoding=\"async\" src=\"https:\/\/diariotribuna.com.br\/wp-content\/uploads\/2022\/12\/7-2.jpg\" alt=\"\" class=\"wp-image-17893\" width=\"629\" height=\"349\" srcset=\"https:\/\/diariotribuna.com.br\/wp-content\/uploads\/2022\/12\/7-2.jpg 700w, https:\/\/diariotribuna.com.br\/wp-content\/uploads\/2022\/12\/7-2-300x166.jpg 300w, https:\/\/diariotribuna.com.br\/wp-content\/uploads\/2022\/12\/7-2-696x385.jpg 696w\" sizes=\"(max-width: 629px) 100vw, 629px\" \/><\/figure>\n\n\n\n<p>Na ter\u00e7a-feira (13\/12), 560 alunos de seis escolas do munic\u00edpio de Almenara, no Vale do Jequitinhonha, formaram no Programa Educacional de Resist\u00eancia \u00e0s Drogas e \u00e0 Viol\u00eancia (Proerd). A solenidade foi realizada na sede da Primeira Igreja Presbiteriana. Em Almenara, o Proerd foi ministrado pela cabo Lucimeire e pelo soldado Blenio, ao longo deste segundo semestre.<\/p>\n\n\n\n<p>As aulas ensinaram li\u00e7\u00f5es aos jovens de como resistir \u00e0s drogas e evitar a viol\u00eancia, e foram ministradas em seis educand\u00e1rios: Escola Municipal Corina Ferraz de Brito, Escola Municipal Tinah Ripalta de Menezes, Col\u00e9gio Piaget Almenara, Col\u00e9gio Comunit\u00e1rio Doutor Fernando Magalh\u00e3es, Escola Estadual Joel Mares, e Escola Estadual Tancredo Neves.<\/p>\n\n\n\n<figure class=\"wp-block-gallery has-nested-images columns-2 is-cropped wp-block-gallery-1 is-layout-flex wp-block-gallery-is-layout-flex\">\n<figure class=\"wp-block-image size-large is-style-default\"><img loading=\"lazy\" decoding=\"async\" width=\"600\" height=\"457\" data-id=\"17898\" src=\"https:\/\/diariotribuna.com.br\/wp-content\/uploads\/2022\/12\/1-3.jpg\" alt=\"\" class=\"wp-image-17898\" srcset=\"https:\/\/diariotribuna.com.br\/wp-content\/uploads\/2022\/12\/1-3.jpg 600w, https:\/\/diariotribuna.com.br\/wp-content\/uploads\/2022\/12\/1-3-300x229.jpg 300w, https:\/\/diariotribuna.com.br\/wp-content\/uploads\/2022\/12\/1-3-80x60.jpg 80w, https:\/\/diariotribuna.com.br\/wp-content\/uploads\/2022\/12\/1-3-551x420.jpg 551w\" sizes=\"(max-width: 600px) 100vw, 600px\" \/><\/figure>\n\n\n\n<figure class=\"wp-block-image size-large is-style-default\"><img loading=\"lazy\" decoding=\"async\" width=\"600\" height=\"395\" data-id=\"17896\" src=\"https:\/\/diariotribuna.com.br\/wp-content\/uploads\/2022\/12\/6-3.jpg\" alt=\"\" class=\"wp-image-17896\" srcset=\"https:\/\/diariotribuna.com.br\/wp-content\/uploads\/2022\/12\/6-3.jpg 600w, https:\/\/diariotribuna.com.br\/wp-content\/uploads\/2022\/12\/6-3-300x198.jpg 300w\" sizes=\"(max-width: 600px) 100vw, 600px\" \/><\/figure>\n\n\n\n<figure class=\"wp-block-image size-large is-style-default\"><img loading=\"lazy\" decoding=\"async\" width=\"600\" height=\"376\" data-id=\"17897\" src=\"https:\/\/diariotribuna.com.br\/wp-content\/uploads\/2022\/12\/4-3.jpg\" alt=\"\" class=\"wp-image-17897\" srcset=\"https:\/\/diariotribuna.com.br\/wp-content\/uploads\/2022\/12\/4-3.jpg 600w, https:\/\/diariotribuna.com.br\/wp-content\/uploads\/2022\/12\/4-3-300x188.jpg 300w\" sizes=\"(max-width: 600px) 100vw, 600px\" \/><\/figure>\n\n\n\n<figure class=\"wp-block-image size-large is-style-default\"><img loading=\"lazy\" decoding=\"async\" width=\"600\" height=\"337\" data-id=\"17899\" src=\"https:\/\/diariotribuna.com.br\/wp-content\/uploads\/2022\/12\/2-3.jpg\" alt=\"\" class=\"wp-image-17899\" srcset=\"https:\/\/diariotribuna.com.br\/wp-content\/uploads\/2022\/12\/2-3.jpg 600w, https:\/\/diariotribuna.com.br\/wp-content\/uploads\/2022\/12\/2-3-300x169.jpg 300w\" sizes=\"(max-width: 600px) 100vw, 600px\" \/><\/figure>\n\n\n\n<figure class=\"wp-block-image size-large is-style-default\"><img loading=\"lazy\" decoding=\"async\" width=\"600\" height=\"358\" data-id=\"17894\" src=\"https:\/\/diariotribuna.com.br\/wp-content\/uploads\/2022\/12\/8.jpg\" alt=\"\" class=\"wp-image-17894\" srcset=\"https:\/\/diariotribuna.com.br\/wp-content\/uploads\/2022\/12\/8.jpg 600w, https:\/\/diariotribuna.com.br\/wp-content\/uploads\/2022\/12\/8-300x179.jpg 300w\" sizes=\"(max-width: 600px) 100vw, 600px\" \/><\/figure>\n\n\n\n<figure class=\"wp-block-image size-large is-style-default\"><img loading=\"lazy\" decoding=\"async\" width=\"600\" height=\"381\" data-id=\"17895\" src=\"https:\/\/diariotribuna.com.br\/wp-content\/uploads\/2022\/12\/5-3.jpg\" alt=\"\" class=\"wp-image-17895\" srcset=\"https:\/\/diariotribuna.com.br\/wp-content\/uploads\/2022\/12\/5-3.jpg 600w, https:\/\/diariotribuna.com.br\/wp-content\/uploads\/2022\/12\/5-3-300x191.jpg 300w\" sizes=\"(max-width: 600px) 100vw, 600px\" \/><\/figure>\n<\/figure>\n\n\n\n<p>Encerrados os ensinamentos do programa, os alunos participam de uma cerim\u00f4nia de formatura onde prestam juramento publicamente, se comprometendo a ficar longe das drogas. (Informa\u00e7\u00f5es\/Fotos: assessoria de comunica\u00e7\u00e3o organizacional do 44\u00ba BPM\/ Almenara).<\/p>\n","protected":false},"excerpt":{"rendered":"<p>Na ter\u00e7a-feira (13\/12), 560 alunos de seis escolas do munic\u00edpio de Almenara, no Vale do Jequitinhonha, formaram no Programa Educacional de Resist\u00eancia \u00e0s Drogas e \u00e0 Viol\u00eancia (Proerd). A solenidade foi realizada na sede da Primeira Igreja Presbiteriana. Em Almenara, o Proerd foi ministrado pela cabo Lucimeire e pelo soldado Blenio, ao longo deste segundo [&hellip;]<\/p>\n","protected":false},"author":1,"featured_media":17893,"comment_status":"open","ping_status":"open","sticky":false,"template":"","format":"standard","meta":{"rop_custom_images_group":[],"rop_custom_messages_group":[],"rop_publish_now":"initial","rop_publish_now_accounts":[],"rop_publish_now_history":[],"rop_publish_now_status":"pending","footnotes":""},"categories":[20],"tags":[4034,110,2799,76,4279],"class_list":["post-17892","post","type-post","status-publish","format-standard","has-post-thumbnail","hentry","category-policia","tag-4034","tag-almenara","tag-formatura","tag-policia-militar","tag-proerd"],"_links":{"self":[{"href":"https:\/\/diariotribuna.com.br\/index.php?rest_route=\/wp\/v2\/posts\/17892"}],"collection":[{"href":"https:\/\/diariotribuna.com.br\/index.php?rest_route=\/wp\/v2\/posts"}],"about":[{"href":"https:\/\/diariotribuna.com.br\/index.php?rest_route=\/wp\/v2\/types\/post"}],"author":[{"embeddable":true,"href":"https:\/\/diariotribuna.com.br\/index.php?rest_route=\/wp\/v2\/users\/1"}],"replies":[{"embeddable":true,"href":"https:\/\/diariotribuna.com.br\/index.php?rest_route=%2Fwp%2Fv2%2Fcomments&post=17892"}],"version-history":[{"count":1,"href":"https:\/\/diariotribuna.com.br\/index.php?rest_route=\/wp\/v2\/posts\/17892\/revisions"}],"predecessor-version":[{"id":17901,"href":"https:\/\/diariotribuna.com.br\/index.php?rest_route=\/wp\/v2\/posts\/17892\/revisions\/17901"}],"wp:featuredmedia":[{"embeddable":true,"href":"https:\/\/diariotribuna.com.br\/index.php?rest_route=\/wp\/v2\/media\/17893"}],"wp:attachment":[{"href":"https:\/\/diariotribuna.com.br\/index.php?rest_route=%2Fwp%2Fv2%2Fmedia&parent=17892"}],"wp:term":[{"taxonomy":"category","embeddable":true,"href":"https:\/\/diariotribuna.com.br\/index.php?rest_route=%2Fwp%2Fv2%2Fcategories&post=17892"},{"taxonomy":"post_tag","embeddable":true,"href":"https:\/\/diariotribuna.com.br\/index.php?rest_route=%2Fwp%2Fv2%2Ftags&post=17892"}],"curies":[{"name":"wp","href":"https:\/\/api.w.org\/{rel}","templated":true}]}}