{"id":17902,"date":"2022-12-17T23:46:31","date_gmt":"2022-12-18T02:46:31","guid":{"rendered":"https:\/\/diariotribuna.com.br\/?p=17902"},"modified":"2022-12-22T22:27:49","modified_gmt":"2022-12-23T01:27:49","slug":"situacao-das-rodovias-do-baixo-jequitinhonha-apos-fortes-chuvas","status":"publish","type":"post","link":"https:\/\/diariotribuna.com.br\/?p=17902","title":{"rendered":"<strong>Situa\u00e7\u00e3o das rodovias do Baixo Jequitinhonha ap\u00f3s fortes chuvas<\/strong>"},"content":{"rendered":"\n<figure class=\"wp-block-image size-full is-resized is-style-default\"><img loading=\"lazy\" decoding=\"async\" src=\"https:\/\/diariotribuna.com.br\/wp-content\/uploads\/2022\/12\/2f894fc8-6c87-41d1-8e30-fa20d5356771.jpg\" alt=\"\" class=\"wp-image-17903\" width=\"546\" height=\"304\" srcset=\"https:\/\/diariotribuna.com.br\/wp-content\/uploads\/2022\/12\/2f894fc8-6c87-41d1-8e30-fa20d5356771.jpg 700w, https:\/\/diariotribuna.com.br\/wp-content\/uploads\/2022\/12\/2f894fc8-6c87-41d1-8e30-fa20d5356771-300x167.jpg 300w, https:\/\/diariotribuna.com.br\/wp-content\/uploads\/2022\/12\/2f894fc8-6c87-41d1-8e30-fa20d5356771-696x388.jpg 696w\" sizes=\"(max-width: 546px) 100vw, 546px\" \/><\/figure>\n\n\n\n<p>O comandante do 2\u00ba Pelot\u00e3o da 15\u00aa Cia Pol\u00edcia Militar Rodovi\u00e1ria, tenente C\u00e9sar Vitorino, informa que, as chuvas torrenciais que vem caindo na regi\u00e3o do Baixo Jequitinhonha, vem causando estragos e transtornos nas rodovias que ligam os munic\u00edpios de Almenara, Jacinto e Salto da Divisa. A rodovia com tr\u00e1fego mais intenso e que tem tido maiores problemas \u00e9 a BR 367, via que liga ao sul do estado da Bahia.<\/p>\n\n\n\n<p>Diversos buracos e eros\u00f5es, bem como pontos de alagamentos na rodovia se formaram, elevando consideravelmente o risco de acidentes, exigindo um cuidado maior dos condutores. No trecho da BR 367 n\u00e3o asfaltado, de aproximadamente 60 km, passando pelos munic\u00edpios de Jacinto e Salto da Divisa, os usu\u00e1rios v\u00e3o enfrentar diversos pontos com muita lama, o que aumenta os riscos de atolamentos ou sa\u00eddas de pista.<\/p>\n\n\n\n<figure class=\"wp-block-gallery has-nested-images columns-default is-cropped wp-block-gallery-1 is-layout-flex wp-block-gallery-is-layout-flex\">\n<figure class=\"wp-block-image size-large is-style-default\"><img loading=\"lazy\" decoding=\"async\" width=\"600\" height=\"380\" data-id=\"17905\" src=\"https:\/\/diariotribuna.com.br\/wp-content\/uploads\/2022\/12\/dacebb97-6de7-424f-928c-3c5b332b080e.jpg\" alt=\"\" class=\"wp-image-17905\" srcset=\"https:\/\/diariotribuna.com.br\/wp-content\/uploads\/2022\/12\/dacebb97-6de7-424f-928c-3c5b332b080e.jpg 600w, https:\/\/diariotribuna.com.br\/wp-content\/uploads\/2022\/12\/dacebb97-6de7-424f-928c-3c5b332b080e-300x190.jpg 300w\" sizes=\"(max-width: 600px) 100vw, 600px\" \/><\/figure>\n\n\n\n<figure class=\"wp-block-image size-large is-style-default\"><img loading=\"lazy\" decoding=\"async\" width=\"600\" height=\"370\" data-id=\"17904\" src=\"https:\/\/diariotribuna.com.br\/wp-content\/uploads\/2022\/12\/215c9d5c-202f-40be-9cc8-f1a921f43bf1.jpg\" alt=\"\" class=\"wp-image-17904\" srcset=\"https:\/\/diariotribuna.com.br\/wp-content\/uploads\/2022\/12\/215c9d5c-202f-40be-9cc8-f1a921f43bf1.jpg 600w, https:\/\/diariotribuna.com.br\/wp-content\/uploads\/2022\/12\/215c9d5c-202f-40be-9cc8-f1a921f43bf1-300x185.jpg 300w, https:\/\/diariotribuna.com.br\/wp-content\/uploads\/2022\/12\/215c9d5c-202f-40be-9cc8-f1a921f43bf1-356x220.jpg 356w\" sizes=\"(max-width: 600px) 100vw, 600px\" \/><\/figure>\n<\/figure>\n\n\n\n<p>Na quarta-feira (14\/12), na BR 367, j\u00e1 pr\u00f3ximo \u00e0 entrada da cidade de Salto da Divisa, uma passagem secund\u00e1ria foi totalmente levada pelas \u00e1guas de um c\u00f3rrego que teve seu volume aumentado pelas chuvas. O tenente destaca que esse ponto danificado se tratava de uma passagem alternativa para as carretas, no entanto o trajeto principal da rodovia, passando sobre uma ponte, permanece intacto, permitindo o acesso dos ve\u00edculos.<\/p>\n\n\n\n<p>Disse que eventos de deslizamento ou queda de barreiras causando interdi\u00e7\u00f5es totais de via ainda n\u00e3o foram identificados na BR 367 ou em rodovias estaduais. At\u00e9 o momento n\u00e3o tem registros de acidentes de tr\u00e2nsito em consequ\u00eancia das fortes chuvas. \u201cO DNIT e o DER, \u00f3rg\u00e3os p\u00fablicos com responsabilidade sobre as rodovias federais e estaduais, j\u00e1 est\u00e3o tomando provid\u00eancias para sinaliza\u00e7\u00e3o, redu\u00e7\u00e3o dos riscos e execu\u00e7\u00e3o de obras para manter a fluidez do tr\u00e1fego\u201d, informou o tenente C\u00e9sar.<\/p>\n\n\n\n<p>Ele ressalta que a Policia Militar Rodovi\u00e1ria est\u00e1 em constante monitoramento desses eventos, com intensifica\u00e7\u00e3o das patrulhas nas rodovias, realizando a\u00e7\u00f5es e opera\u00e7\u00f5es preventivas, com o objetivo de evitar qualquer tipo de acidentes ou incidentes envolvendo os usu\u00e1rios das rodovias de Minas. Maiores informa\u00e7\u00f5es podem ser obtidas pelo n\u00ba 190 ou em qualquer quartel da PMMG. (Informa\u00e7\u00f5es\/Fotos: tenente C\u00e9sar Vitorino, comandante do 2\u00ba Pel\/ 15\u00aa Cia PMRv).<\/p>\n\n\n\n<figure class=\"wp-block-gallery has-nested-images columns-default is-cropped wp-block-gallery-2 is-layout-flex wp-block-gallery-is-layout-flex\">\n<figure class=\"wp-block-image size-large is-style-default\"><img loading=\"lazy\" decoding=\"async\" width=\"600\" height=\"342\" data-id=\"17907\" src=\"https:\/\/diariotribuna.com.br\/wp-content\/uploads\/2022\/12\/2b6db2cc-8142-4f33-ab62-a6c3290b5172.jpg\" alt=\"\" class=\"wp-image-17907\" srcset=\"https:\/\/diariotribuna.com.br\/wp-content\/uploads\/2022\/12\/2b6db2cc-8142-4f33-ab62-a6c3290b5172.jpg 600w, https:\/\/diariotribuna.com.br\/wp-content\/uploads\/2022\/12\/2b6db2cc-8142-4f33-ab62-a6c3290b5172-300x171.jpg 300w\" sizes=\"(max-width: 600px) 100vw, 600px\" \/><\/figure>\n\n\n\n<figure class=\"wp-block-image size-large is-style-default\"><img loading=\"lazy\" decoding=\"async\" width=\"600\" height=\"336\" data-id=\"17906\" src=\"https:\/\/diariotribuna.com.br\/wp-content\/uploads\/2022\/12\/0f6d8eb7-ae3f-4d2f-970c-b5bdf7e87ee7.jpg\" alt=\"\" class=\"wp-image-17906\" srcset=\"https:\/\/diariotribuna.com.br\/wp-content\/uploads\/2022\/12\/0f6d8eb7-ae3f-4d2f-970c-b5bdf7e87ee7.jpg 600w, https:\/\/diariotribuna.com.br\/wp-content\/uploads\/2022\/12\/0f6d8eb7-ae3f-4d2f-970c-b5bdf7e87ee7-300x168.jpg 300w\" sizes=\"(max-width: 600px) 100vw, 600px\" \/><\/figure>\n<\/figure>\n","protected":false},"excerpt":{"rendered":"<p>O comandante do 2\u00ba Pelot\u00e3o da 15\u00aa Cia Pol\u00edcia Militar Rodovi\u00e1ria, tenente C\u00e9sar Vitorino, informa que, as chuvas torrenciais que vem caindo na regi\u00e3o do Baixo Jequitinhonha, vem causando estragos e transtornos nas rodovias que ligam os munic\u00edpios de Almenara, Jacinto e Salto da Divisa. A rodovia com tr\u00e1fego mais intenso e que tem tido [&hellip;]<\/p>\n","protected":false},"author":1,"featured_media":17903,"comment_status":"open","ping_status":"open","sticky":false,"template":"","format":"standard","meta":{"rop_custom_images_group":[],"rop_custom_messages_group":[],"rop_publish_now":"initial","rop_publish_now_accounts":[],"rop_publish_now_history":[],"rop_publish_now_status":"pending","footnotes":""},"categories":[18],"tags":[5004,1953,4985,1030],"class_list":["post-17902","post","type-post","status-publish","format-standard","has-post-thumbnail","hentry","category-regiao","tag-baixo-jequitinhonha","tag-chuvas","tag-estradas","tag-policia-militar-rodoviaria"],"_links":{"self":[{"href":"https:\/\/diariotribuna.com.br\/index.php?rest_route=\/wp\/v2\/posts\/17902"}],"collection":[{"href":"https:\/\/diariotribuna.com.br\/index.php?rest_route=\/wp\/v2\/posts"}],"about":[{"href":"https:\/\/diariotribuna.com.br\/index.php?rest_route=\/wp\/v2\/types\/post"}],"author":[{"embeddable":true,"href":"https:\/\/diariotribuna.com.br\/index.php?rest_route=\/wp\/v2\/users\/1"}],"replies":[{"embeddable":true,"href":"https:\/\/diariotribuna.com.br\/index.php?rest_route=%2Fwp%2Fv2%2Fcomments&post=17902"}],"version-history":[{"count":1,"href":"https:\/\/diariotribuna.com.br\/index.php?rest_route=\/wp\/v2\/posts\/17902\/revisions"}],"predecessor-version":[{"id":17908,"href":"https:\/\/diariotribuna.com.br\/index.php?rest_route=\/wp\/v2\/posts\/17902\/revisions\/17908"}],"wp:featuredmedia":[{"embeddable":true,"href":"https:\/\/diariotribuna.com.br\/index.php?rest_route=\/wp\/v2\/media\/17903"}],"wp:attachment":[{"href":"https:\/\/diariotribuna.com.br\/index.php?rest_route=%2Fwp%2Fv2%2Fmedia&parent=17902"}],"wp:term":[{"taxonomy":"category","embeddable":true,"href":"https:\/\/diariotribuna.com.br\/index.php?rest_route=%2Fwp%2Fv2%2Fcategories&post=17902"},{"taxonomy":"post_tag","embeddable":true,"href":"https:\/\/diariotribuna.com.br\/index.php?rest_route=%2Fwp%2Fv2%2Ftags&post=17902"}],"curies":[{"name":"wp","href":"https:\/\/api.w.org\/{rel}","templated":true}]}}