{"id":17909,"date":"2022-12-18T15:54:39","date_gmt":"2022-12-18T18:54:39","guid":{"rendered":"https:\/\/diariotribuna.com.br\/?p=17909"},"modified":"2022-12-23T23:37:17","modified_gmt":"2022-12-24T02:37:17","slug":"homem-e-morto-a-tiros-no-bairro-joaquim-pedrosa-em-teofilo-otoni","status":"publish","type":"post","link":"https:\/\/diariotribuna.com.br\/?p=17909","title":{"rendered":"<strong>Homem \u00e9 morto a tiros no Bairro Joaquim Pedrosa, em Te\u00f3filo Otoni<\/strong>"},"content":{"rendered":"\n<figure class=\"wp-block-image size-full is-resized is-style-default\"><img loading=\"lazy\" decoding=\"async\" src=\"https:\/\/diariotribuna.com.br\/wp-content\/uploads\/2022\/12\/50bed344-7656-4042-9e95-32800a3c7a3e.jpg\" alt=\"\" class=\"wp-image-17910\" width=\"575\" height=\"280\" srcset=\"https:\/\/diariotribuna.com.br\/wp-content\/uploads\/2022\/12\/50bed344-7656-4042-9e95-32800a3c7a3e.jpg 700w, https:\/\/diariotribuna.com.br\/wp-content\/uploads\/2022\/12\/50bed344-7656-4042-9e95-32800a3c7a3e-300x146.jpg 300w, https:\/\/diariotribuna.com.br\/wp-content\/uploads\/2022\/12\/50bed344-7656-4042-9e95-32800a3c7a3e-533x261.jpg 533w, https:\/\/diariotribuna.com.br\/wp-content\/uploads\/2022\/12\/50bed344-7656-4042-9e95-32800a3c7a3e-696x339.jpg 696w\" sizes=\"(max-width: 575px) 100vw, 575px\" \/><\/figure>\n\n\n\n<p>O crime ocorreu na noite de s\u00e1bado (17\/12), na Rua Sebasti\u00e3o Francisco de Oliveira, Bairro Joaquim Pedrosa, em Te\u00f3filo Otoni. A Pol\u00edcia Militar foi acionada, e no local a equipe deparou com um homem, ca\u00eddo no ch\u00e3o, alvejado por disparos de arma de fogo. Minutos depois chegou uma equipe do Samu, que constatou o \u00f3bito. Segundo a PM, a informa\u00e7\u00e3o obtida por pedestres que estavam pr\u00f3ximo ao local, era que ouviram apenas o barulho dos tiros, mas n\u00e3o visualizaram os autores, nem mesmo algum ve\u00edculo.<\/p>\n\n\n\n<p>O local foi isolado, at\u00e9 a chegada da per\u00edcia t\u00e9cnica da Pol\u00edcia Civil, e ap\u00f3s os trabalhos de praxe o corpo foi removido para o Instituto M\u00e9dico Legal, onde foi necropsiado na manh\u00e3 deste domingo (18). A perita constatou a princ\u00edpio perfura\u00e7\u00f5es na face da v\u00edtima, provenientes de disparos de arma de fogo, calibre 380, e foram recolhidas 04 c\u00e1psulas. <strong>A v\u00edtima \u00e9 Altair Rodrigues Pinto, de 45 anos (foto)<\/strong>, que residia na Rua Frei Benvindo, Bairro Joaquim Pedrosa.<\/p>\n\n\n\n<p>Uma testemunha informou aos militares que Altair j\u00e1 vinha sendo amea\u00e7ado de morte, e que ap\u00f3s ele ter furtado uma bicicleta em data anterior, tais amea\u00e7as se agravaram. Os policiais fizeram dilig\u00eancias e receberam informa\u00e7\u00f5es do nome do poss\u00edvel mandante do crime. Foram constatadas exist\u00eancia de c\u00e2meras de monitoramento em estabelecimentos nas imedia\u00e7\u00f5es, que podem ajudar a pol\u00edcia a elucidar o crime. (Informa\u00e7\u00f5es: PMMG\/ Fotos: Divulga\u00e7\u00e3o).<\/p>\n","protected":false},"excerpt":{"rendered":"<p>O crime ocorreu na noite de s\u00e1bado (17\/12), na Rua Sebasti\u00e3o Francisco de Oliveira, Bairro Joaquim Pedrosa, em Te\u00f3filo Otoni. A Pol\u00edcia Militar foi acionada, e no local a equipe deparou com um homem, ca\u00eddo no ch\u00e3o, alvejado por disparos de arma de fogo. Minutos depois chegou uma equipe do Samu, que constatou o \u00f3bito. [&hellip;]<\/p>\n","protected":false},"author":1,"featured_media":17910,"comment_status":"open","ping_status":"open","sticky":false,"template":"","format":"standard","meta":{"rop_custom_images_group":[],"rop_custom_messages_group":[],"rop_publish_now":"initial","rop_publish_now_accounts":[],"rop_publish_now_history":[],"rop_publish_now_status":"pending","footnotes":""},"categories":[20],"tags":[5005,2152,107,76,75],"class_list":["post-17909","post","type-post","status-publish","format-standard","has-post-thumbnail","hentry","category-policia","tag-altair","tag-bairro-joaquim-pedrosa","tag-homicidio","tag-policia-militar","tag-teofilo-otoni"],"_links":{"self":[{"href":"https:\/\/diariotribuna.com.br\/index.php?rest_route=\/wp\/v2\/posts\/17909"}],"collection":[{"href":"https:\/\/diariotribuna.com.br\/index.php?rest_route=\/wp\/v2\/posts"}],"about":[{"href":"https:\/\/diariotribuna.com.br\/index.php?rest_route=\/wp\/v2\/types\/post"}],"author":[{"embeddable":true,"href":"https:\/\/diariotribuna.com.br\/index.php?rest_route=\/wp\/v2\/users\/1"}],"replies":[{"embeddable":true,"href":"https:\/\/diariotribuna.com.br\/index.php?rest_route=%2Fwp%2Fv2%2Fcomments&post=17909"}],"version-history":[{"count":3,"href":"https:\/\/diariotribuna.com.br\/index.php?rest_route=\/wp\/v2\/posts\/17909\/revisions"}],"predecessor-version":[{"id":17913,"href":"https:\/\/diariotribuna.com.br\/index.php?rest_route=\/wp\/v2\/posts\/17909\/revisions\/17913"}],"wp:featuredmedia":[{"embeddable":true,"href":"https:\/\/diariotribuna.com.br\/index.php?rest_route=\/wp\/v2\/media\/17910"}],"wp:attachment":[{"href":"https:\/\/diariotribuna.com.br\/index.php?rest_route=%2Fwp%2Fv2%2Fmedia&parent=17909"}],"wp:term":[{"taxonomy":"category","embeddable":true,"href":"https:\/\/diariotribuna.com.br\/index.php?rest_route=%2Fwp%2Fv2%2Fcategories&post=17909"},{"taxonomy":"post_tag","embeddable":true,"href":"https:\/\/diariotribuna.com.br\/index.php?rest_route=%2Fwp%2Fv2%2Ftags&post=17909"}],"curies":[{"name":"wp","href":"https:\/\/api.w.org\/{rel}","templated":true}]}}