{"id":17918,"date":"2022-12-19T22:45:58","date_gmt":"2022-12-20T01:45:58","guid":{"rendered":"https:\/\/diariotribuna.com.br\/?p=17918"},"modified":"2022-12-20T23:37:00","modified_gmt":"2022-12-21T02:37:00","slug":"governador-e-vice-exaltam-democracia-em-cerimonia-de-diplomacao-do-tre-mg","status":"publish","type":"post","link":"https:\/\/diariotribuna.com.br\/?p=17918","title":{"rendered":"Governador e vice exaltam democracia em cerim\u00f4nia de diploma\u00e7\u00e3o do TRE-MG"},"content":{"rendered":"\n<h3 class=\"wp-block-heading\"><strong><strong><em>Fim do processo eleitoral \u00e9 oficializado. Pr\u00f3ximo passo \u00e9 a posse em 1\u00ba de janeiro<\/em><\/strong><\/strong><\/h3>\n\n\n\n<figure class=\"wp-block-image size-large is-resized is-style-default\"><img loading=\"lazy\" decoding=\"async\" src=\"https:\/\/diariotribuna.com.br\/wp-content\/uploads\/2022\/12\/GilLeonardi_ImprensaMG-2-1-1024x645.jpg\" alt=\"\" class=\"wp-image-17919\" width=\"585\" height=\"368\" srcset=\"https:\/\/diariotribuna.com.br\/wp-content\/uploads\/2022\/12\/GilLeonardi_ImprensaMG-2-1-1024x645.jpg 1024w, https:\/\/diariotribuna.com.br\/wp-content\/uploads\/2022\/12\/GilLeonardi_ImprensaMG-2-1-300x189.jpg 300w, https:\/\/diariotribuna.com.br\/wp-content\/uploads\/2022\/12\/GilLeonardi_ImprensaMG-2-1-768x484.jpg 768w, https:\/\/diariotribuna.com.br\/wp-content\/uploads\/2022\/12\/GilLeonardi_ImprensaMG-2-1-696x438.jpg 696w, https:\/\/diariotribuna.com.br\/wp-content\/uploads\/2022\/12\/GilLeonardi_ImprensaMG-2-1-1068x673.jpg 1068w, https:\/\/diariotribuna.com.br\/wp-content\/uploads\/2022\/12\/GilLeonardi_ImprensaMG-2-1-667x420.jpg 667w, https:\/\/diariotribuna.com.br\/wp-content\/uploads\/2022\/12\/GilLeonardi_ImprensaMG-2-1.jpg 1240w\" sizes=\"(max-width: 585px) 100vw, 585px\" \/><\/figure>\n\n\n\n<p>O governador Romeu Zema foi diplomado, nesta segunda-feira (19\/12), como governador reeleito do Estado de Minas Gerais, durante cerim\u00f4nia realizada pelo Tribunal Regional Eleitoral (TRE-MG), na Sala Minas Gerais, em Belo Horizonte. O&nbsp;<a rel=\"noreferrer noopener\" href=\"http:\/\/www.secretariageral.mg.gov.br\/\" target=\"_blank\">secret\u00e1rio-geral<\/a>&nbsp;Professor Mateus&nbsp;tamb\u00e9m foi diplomado para o cargo de vice-governador. Com isso, os dois est\u00e3o aptos para tomar posse dos cargos no dia 1\u00ba de janeiro de 2023 e exercerem seus mandatos.<\/p>\n\n\n\n<p>O governador agradeceu aos eleitores pela vota\u00e7\u00e3o que o elegeu para o segundo mandato \u00e0 frente do Estado. &#8220;Recebo este diploma n\u00e3o s\u00f3 com um sentimento de esperan\u00e7a e responsabilidade, mas tamb\u00e9m de gratid\u00e3o pelo reconhecimento do trabalho que realizamos nesse primeiro mandato que foi escolhido pela maioria dos mineiros, j\u00e1 em primeiro turno, para continuar&#8221;, disse.<\/p>\n\n\n\n<p>&#8220;Esse ato de diploma\u00e7\u00e3o \u00e9 tamb\u00e9m o reconhecimento de que cumprimos o dever de transpar\u00eancia e isonomia para disputar uma elei\u00e7\u00e3o limpa, seguindo todas as regras impostas por nossa legisla\u00e7\u00e3o, sem causar nenhum desequil\u00edbrio aos demais candidatos. Ao disputar uma elei\u00e7\u00e3o sendo chefe de um Estado, respeitamos a separa\u00e7\u00e3o institucional entre o meu dever como governador e as minhas aspira\u00e7\u00f5es como candidato \u00e0 reelei\u00e7\u00e3o&#8221;, acrescentou.<\/p>\n\n\n\n<p><strong>Democracia &#8211; Em seu discurso, o governador<\/strong> reafirmou a import\u00e2ncia do processo eleitoral, que fortalece a democracia brasileira. &#8220;Essa celebra\u00e7\u00e3o \u00e9, portanto, uma reafirma\u00e7\u00e3o da nossa democracia. Da seguran\u00e7a de que ao nos candidatarmos a um cargo, cumprindo todas as obriga\u00e7\u00f5es e deveres, teremos garantido o exerc\u00edcio dos nossos direitos pol\u00edticos. Esse reconhecimento dos resultados das urnas \u00e9 essencial para a democracia, assim como a separa\u00e7\u00e3o dos poderes, que devem atuar de forma independente e harm\u00f4nica. Da mesma forma, deve ser garantido o respeito \u00e0s liberdades individuais, para que todo cidad\u00e3o possa ter sua liberdade de express\u00e3o, de escolha religiosa e de manifestar sua convic\u00e7\u00e3o pol\u00edtica e filos\u00f3fica&#8221;, disse.<\/p>\n\n\n\n<p>&#8220;Sempre que uma dessas premissas democr\u00e1ticas \u00e9 amea\u00e7ada, colocamos em risco nossa liberdade. Qualquer sinal de cerceamento da participa\u00e7\u00e3o de forma livre e plena da vida pol\u00edtica, econ\u00f4mica e cultural da sociedade \u00e9 um alerta de que precisamos nos posicionar em defesa da democracia. Portanto, assim como devemos defender os resultados eleitorais, devemos sempre defender a liberdade de express\u00e3o. Qualquer limita\u00e7\u00e3o pr\u00e9via imposta aos brasileiros sobre o seu direito ao livre pensamento deve ser acompanhada com muita aten\u00e7\u00e3o para n\u00e3o abrirmos brechas para abusos autocr\u00e1ticos que criem perigosos precedentes&#8221;, finalizou o governador.<\/p>\n\n\n\n<p><strong>O vice-governador eleito, Professor Mateus, tamb\u00e9m enfatizou a import\u00e2ncia do processo democr\u00e1tico ap\u00f3s o pleito.<\/strong> &#8220;Esse dia \u00e9 o refor\u00e7o do momento democr\u00e1tico, que se encerrou de alguma forma no dia das elei\u00e7\u00f5es, mas que \u00e9 aqui confirmado pela justi\u00e7a eleitoral. Portanto, a diploma\u00e7\u00e3o \u00e9 a \u00faltima confirma\u00e7\u00e3o do processo democr\u00e1tico antes da posse, e nos d\u00e1 a certeza de que as pessoas que v\u00e3o comandar o estado s\u00e3o aquelas que as urnas escolheram. A democracia \u00e9 isso, um processo frequente de votos e nomea\u00e7\u00f5es que v\u00e3o garantir que os eleitos fa\u00e7am o melhor naquilo que foram escolhidos para fazer&#8221;, disse.<\/p>\n\n\n\n<p><strong>O presidente do TRE-MG, desembargador Maur\u00edcio Soares<\/strong>, que conduziu a solenidade, destacou a atua\u00e7\u00e3o dos servidores da justi\u00e7a eleitoral que atuaram nas elei\u00e7\u00f5es. &#8220;Agrade\u00e7o a todos que se empenharam, pela dedica\u00e7\u00e3o e entusiasmo imprescind\u00edveis para a concretiza\u00e7\u00e3o da democracia brasileira. A diploma\u00e7\u00e3o reflete o t\u00e9rmino do processo democr\u00e1tico, refor\u00e7ando o papel da Justi\u00e7a Eleitoral&#8221;, afirmou.<\/p>\n\n\n\n<p><strong>Diploma\u00e7\u00e3o dos eleitos<\/strong> &#8211; A diploma\u00e7\u00e3o marca o encerramento do processo eleitoral. \u00c9 uma solenidade formal e protocolar, um rito que oficializa a escolha das pessoas eleitas por meio do voto. Al\u00e9m do governador e do vice, foram diplomados tamb\u00e9m o senador eleito Cleitinho Azevedo e seus suplentes, 77 deputados estaduais e 53 deputados federais. Estes ser\u00e3o empossados em fevereiro do ano que vem.<\/p>\n\n\n\n<p>A entrega dos diplomas acontece ap\u00f3s o t\u00e9rmino do pleito, a apura\u00e7\u00e3o dos votos e o vencimento dos prazos de questionamento e de processamento do resultado da vota\u00e7\u00e3o. Para receber o diploma, os candidatos eleitos precisam estar com o registro de candidatura deferido e as contas de campanha julgadas. (Cr\u00e9dito\/fotos: Gil Leonardi\/ Imprensa MG).<\/p>\n","protected":false},"excerpt":{"rendered":"<p>Fim do processo eleitoral \u00e9 oficializado. Pr\u00f3ximo passo \u00e9 a posse em 1\u00ba de janeiro O governador Romeu Zema foi diplomado, nesta segunda-feira (19\/12), como governador reeleito do Estado de Minas Gerais, durante cerim\u00f4nia realizada pelo Tribunal Regional Eleitoral (TRE-MG), na Sala Minas Gerais, em Belo Horizonte. O&nbsp;secret\u00e1rio-geral&nbsp;Professor Mateus&nbsp;tamb\u00e9m foi diplomado para o cargo de [&hellip;]<\/p>\n","protected":false},"author":1,"featured_media":17919,"comment_status":"open","ping_status":"open","sticky":false,"template":"","format":"standard","meta":{"rop_custom_images_group":[],"rop_custom_messages_group":[],"rop_publish_now":"initial","rop_publish_now_accounts":[],"rop_publish_now_history":[],"rop_publish_now_status":"pending","footnotes":""},"categories":[21],"tags":[4034,2294,357,5008,61],"class_list":["post-17918","post","type-post","status-publish","format-standard","has-post-thumbnail","hentry","category-politica","tag-4034","tag-diplomacao","tag-governo-de-minas","tag-professor-mateus","tag-zema"],"_links":{"self":[{"href":"https:\/\/diariotribuna.com.br\/index.php?rest_route=\/wp\/v2\/posts\/17918"}],"collection":[{"href":"https:\/\/diariotribuna.com.br\/index.php?rest_route=\/wp\/v2\/posts"}],"about":[{"href":"https:\/\/diariotribuna.com.br\/index.php?rest_route=\/wp\/v2\/types\/post"}],"author":[{"embeddable":true,"href":"https:\/\/diariotribuna.com.br\/index.php?rest_route=\/wp\/v2\/users\/1"}],"replies":[{"embeddable":true,"href":"https:\/\/diariotribuna.com.br\/index.php?rest_route=%2Fwp%2Fv2%2Fcomments&post=17918"}],"version-history":[{"count":5,"href":"https:\/\/diariotribuna.com.br\/index.php?rest_route=\/wp\/v2\/posts\/17918\/revisions"}],"predecessor-version":[{"id":17944,"href":"https:\/\/diariotribuna.com.br\/index.php?rest_route=\/wp\/v2\/posts\/17918\/revisions\/17944"}],"wp:featuredmedia":[{"embeddable":true,"href":"https:\/\/diariotribuna.com.br\/index.php?rest_route=\/wp\/v2\/media\/17919"}],"wp:attachment":[{"href":"https:\/\/diariotribuna.com.br\/index.php?rest_route=%2Fwp%2Fv2%2Fmedia&parent=17918"}],"wp:term":[{"taxonomy":"category","embeddable":true,"href":"https:\/\/diariotribuna.com.br\/index.php?rest_route=%2Fwp%2Fv2%2Fcategories&post=17918"},{"taxonomy":"post_tag","embeddable":true,"href":"https:\/\/diariotribuna.com.br\/index.php?rest_route=%2Fwp%2Fv2%2Ftags&post=17918"}],"curies":[{"name":"wp","href":"https:\/\/api.w.org\/{rel}","templated":true}]}}