{"id":17929,"date":"2022-12-19T23:29:40","date_gmt":"2022-12-20T02:29:40","guid":{"rendered":"https:\/\/diariotribuna.com.br\/?p=17929"},"modified":"2022-12-19T23:29:40","modified_gmt":"2022-12-20T02:29:40","slug":"gepar-do-19o-batalhao-prende-foragido-da-justica-em-teofilo-otoni","status":"publish","type":"post","link":"https:\/\/diariotribuna.com.br\/?p=17929","title":{"rendered":"<strong>GEPAR do 19\u00ba Batalh\u00e3o prende foragido da justi\u00e7a em Te\u00f3filo Otoni<\/strong>"},"content":{"rendered":"\n<figure class=\"wp-block-image size-full is-resized is-style-default\"><img loading=\"lazy\" decoding=\"async\" src=\"https:\/\/diariotribuna.com.br\/wp-content\/uploads\/2022\/12\/safe_image.jpg\" alt=\"\" class=\"wp-image-17930\" width=\"517\" height=\"343\" srcset=\"https:\/\/diariotribuna.com.br\/wp-content\/uploads\/2022\/12\/safe_image.jpg 424w, https:\/\/diariotribuna.com.br\/wp-content\/uploads\/2022\/12\/safe_image-300x199.jpg 300w\" sizes=\"(max-width: 517px) 100vw, 517px\" \/><\/figure>\n\n\n\n<p>O Grupo Especial de Patrulhamento em \u00c1rea de Risco (GEPAR) do 19\u00ba Batalh\u00e3o de Pol\u00edcia Militar, recebeu den\u00fancias informando que um homem com mandado de pris\u00e3o em aberto estaria escondido em uma resid\u00eancia na localidade conhecida como Morro da R\u00e1dio, em Te\u00f3filo Otoni, e foi ao local, na quarta-feira (14\/12), para averigua\u00e7\u00f5es. Os militares fizeram contato na resid\u00eancia, e o foragido foi localizado e preso.<\/p>\n\n\n\n<p>Segundo a PM, o homem possui passagem por tr\u00e1fico de drogas, roubo e homic\u00eddio, inclusive recentemente, ele abordou duas mo\u00e7as no Bairro Ipiranga, e usando de for\u00e7a f\u00edsica, tomou o celular de uma delas. Ele foi conduzido \u00e0 delegacia de Pol\u00edcia Civil para os tr\u00e2mites de cumprimento do mandado judicial e o encaminhamento ao sistema prisional. Equipe GEPAR: sargento Mikael, cabos Abrantes e Walace. (Informa\u00e7\u00f5es: PMMG, 19\u00ba BPM).<\/p>\n","protected":false},"excerpt":{"rendered":"<p>O Grupo Especial de Patrulhamento em \u00c1rea de Risco (GEPAR) do 19\u00ba Batalh\u00e3o de Pol\u00edcia Militar, recebeu den\u00fancias informando que um homem com mandado de pris\u00e3o em aberto estaria escondido em uma resid\u00eancia na localidade conhecida como Morro da R\u00e1dio, em Te\u00f3filo Otoni, e foi ao local, na quarta-feira (14\/12), para averigua\u00e7\u00f5es. Os militares fizeram [&hellip;]<\/p>\n","protected":false},"author":1,"featured_media":17930,"comment_status":"open","ping_status":"open","sticky":false,"template":"","format":"standard","meta":{"rop_custom_images_group":[],"rop_custom_messages_group":[],"rop_publish_now":"initial","rop_publish_now_accounts":[],"rop_publish_now_history":[],"rop_publish_now_status":"pending","footnotes":""},"categories":[20],"tags":[989,645,5009,76,649,75],"class_list":["post-17929","post","type-post","status-publish","format-standard","has-post-thumbnail","hentry","category-policia","tag-foragido-da-justica","tag-gepar","tag-morro-da-radio","tag-policia-militar","tag-prisao","tag-teofilo-otoni"],"_links":{"self":[{"href":"https:\/\/diariotribuna.com.br\/index.php?rest_route=\/wp\/v2\/posts\/17929"}],"collection":[{"href":"https:\/\/diariotribuna.com.br\/index.php?rest_route=\/wp\/v2\/posts"}],"about":[{"href":"https:\/\/diariotribuna.com.br\/index.php?rest_route=\/wp\/v2\/types\/post"}],"author":[{"embeddable":true,"href":"https:\/\/diariotribuna.com.br\/index.php?rest_route=\/wp\/v2\/users\/1"}],"replies":[{"embeddable":true,"href":"https:\/\/diariotribuna.com.br\/index.php?rest_route=%2Fwp%2Fv2%2Fcomments&post=17929"}],"version-history":[{"count":1,"href":"https:\/\/diariotribuna.com.br\/index.php?rest_route=\/wp\/v2\/posts\/17929\/revisions"}],"predecessor-version":[{"id":17931,"href":"https:\/\/diariotribuna.com.br\/index.php?rest_route=\/wp\/v2\/posts\/17929\/revisions\/17931"}],"wp:featuredmedia":[{"embeddable":true,"href":"https:\/\/diariotribuna.com.br\/index.php?rest_route=\/wp\/v2\/media\/17930"}],"wp:attachment":[{"href":"https:\/\/diariotribuna.com.br\/index.php?rest_route=%2Fwp%2Fv2%2Fmedia&parent=17929"}],"wp:term":[{"taxonomy":"category","embeddable":true,"href":"https:\/\/diariotribuna.com.br\/index.php?rest_route=%2Fwp%2Fv2%2Fcategories&post=17929"},{"taxonomy":"post_tag","embeddable":true,"href":"https:\/\/diariotribuna.com.br\/index.php?rest_route=%2Fwp%2Fv2%2Ftags&post=17929"}],"curies":[{"name":"wp","href":"https:\/\/api.w.org\/{rel}","templated":true}]}}