{"id":17937,"date":"2022-12-20T21:39:59","date_gmt":"2022-12-21T00:39:59","guid":{"rendered":"https:\/\/diariotribuna.com.br\/?p=17937"},"modified":"2022-12-25T23:58:20","modified_gmt":"2022-12-26T02:58:20","slug":"policias-civil-e-militar-cumprem-10-mandados-judiciais-na-cidade-de-bandeira","status":"publish","type":"post","link":"https:\/\/diariotribuna.com.br\/?p=17937","title":{"rendered":"<strong>Pol\u00edcias Civil e Militar cumprem 10 mandados judiciais na cidade de Bandeira<\/strong>"},"content":{"rendered":"\n<figure class=\"wp-block-image size-full is-resized is-style-default\"><img loading=\"lazy\" decoding=\"async\" src=\"https:\/\/diariotribuna.com.br\/wp-content\/uploads\/2022\/12\/765db29d-c21c-4827-b97a-d5452a62739c.jpg\" alt=\"\" class=\"wp-image-17938\" width=\"558\" height=\"352\" srcset=\"https:\/\/diariotribuna.com.br\/wp-content\/uploads\/2022\/12\/765db29d-c21c-4827-b97a-d5452a62739c.jpg 700w, https:\/\/diariotribuna.com.br\/wp-content\/uploads\/2022\/12\/765db29d-c21c-4827-b97a-d5452a62739c-300x189.jpg 300w, https:\/\/diariotribuna.com.br\/wp-content\/uploads\/2022\/12\/765db29d-c21c-4827-b97a-d5452a62739c-696x438.jpg 696w, https:\/\/diariotribuna.com.br\/wp-content\/uploads\/2022\/12\/765db29d-c21c-4827-b97a-d5452a62739c-667x420.jpg 667w\" sizes=\"(max-width: 558px) 100vw, 558px\" \/><\/figure>\n\n\n\n<p>As pol\u00edcias Civil e Militar de Minas Gerais deflagraram opera\u00e7\u00e3o conjunta, na segunda-feira (19\/12), \u00e0s 6h da manh\u00e3, para cumprimento de medidas cautelares deferidas pelo ju\u00edzo da 2\u00aa Vara C\u00edvel, Crime e JIJ da Comarca de Almenara\/MG, e foram cumpridos tr\u00eas mandados de pris\u00e3o tempor\u00e1ria e sete mandados de busca e apreens\u00e3o na cidade de Bandeira\/MG, em repress\u00e3o a um homic\u00eddio ocorrido no dia 30\/10\/2022.<\/p>\n\n\n\n<p>Segundo a Pol\u00edcia Civil, no in\u00edcio de novembro de 2022, familiares de R.S.S., registraram uma ocorr\u00eancia noticiando seu desaparecimento e, em 25\/11\/2022, foi localizada uma ossada enterrada em cova rasa, com ind\u00edcios de ter sido incendiada, com um ferimento corto-contuso no cr\u00e2nio, sendo que as vestes ainda remanescentes foram reconhecidas como pertencentes \u00e0 R.S.S.<\/p>\n\n\n\n<p>A equipe dedicada ao combate dos crimes contra a vida, com apoio da Pol\u00edcia Militar da referida cidade, fez levantamentos para apurar a autoria, din\u00e2mica e motiva\u00e7\u00e3o do crime, e obteve informa\u00e7\u00e3o no sentido de que a v\u00edtima, que seria usu\u00e1ria de droga, teria subtra\u00eddo uma carga de entorpecente que pertencia a uma fac\u00e7\u00e3o criminosa ligada ao grupo Tudo 3, e, por essa raz\u00e3o, recebera a senten\u00e7a de morte.<\/p>\n\n\n\n<p>A Pol\u00edcia Civil informa que os envolvidos foram devidamente identificados, possibilitando a representa\u00e7\u00e3o pela expedi\u00e7\u00e3o de mandados de pris\u00e3o tempor\u00e1ria em face de tr\u00eas imput\u00e1veis, R.C.O., T.A.O.M., e J.C.S.S., e mandados de busca e apreens\u00e3o em face de sete im\u00f3veis, que, ap\u00f3s deferimento judicial, foram cumpridos com \u00eaxito pelas equipes policiais empenhadas.<\/p>\n\n\n\n<p>A pol\u00edcia informa tamb\u00e9m que a dilig\u00eancia culminou na pris\u00e3o em flagrante de T.A.O.M., pela suposta pr\u00e1tica do crime de tr\u00e1fico de drogas, visto que no endere\u00e7o a ele vinculado foram localizados tabletes de maconha, por\u00e7\u00f5es de coca\u00edna, balan\u00e7a de precis\u00e3o e microtubos para acondicionamento de droga, e na pris\u00e3o em flagrante de J.E.J., pela pr\u00e1tica do mesmo crime, visto que fora encontrado tamb\u00e9m na posse de tabletes de maconha para futura comercializa\u00e7\u00e3o.<\/p>\n\n\n\n<p>De acordo com a Pol\u00edcia Civil, as investiga\u00e7\u00f5es continuam para a total elucida\u00e7\u00e3o dos fatos e consequente futura responsabiliza\u00e7\u00e3o criminal dos autores. (Informa\u00e7\u00f5es\/Foto: PCMG).<\/p>\n\n\n\n<p><strong>Pol\u00edcia Civil de Minas Gerais: \u201cMais pr\u00f3xima de voc\u00ea\u201d<\/strong><\/p>\n\n\n\n<p><strong>Instagram:<\/strong> @pcmg.oficial<\/p>\n\n\n\n<p><strong>Facebook:<\/strong> @pcmgoficial<\/p>\n\n\n\n<p><strong>Twitter:<\/strong> @pcmgoficial<\/p>\n\n\n\n<p><strong>YouTube:<\/strong> @pcmgoficial<\/p>\n\n\n\n<p><strong><a href=\"http:\/\/www.policiacivil.mg.gov.br\">www.policiacivil.mg.gov.br<\/a><\/strong><\/p>\n","protected":false},"excerpt":{"rendered":"<p>As pol\u00edcias Civil e Militar de Minas Gerais deflagraram opera\u00e7\u00e3o conjunta, na segunda-feira (19\/12), \u00e0s 6h da manh\u00e3, para cumprimento de medidas cautelares deferidas pelo ju\u00edzo da 2\u00aa Vara C\u00edvel, Crime e JIJ da Comarca de Almenara\/MG, e foram cumpridos tr\u00eas mandados de pris\u00e3o tempor\u00e1ria e sete mandados de busca e apreens\u00e3o na cidade de [&hellip;]<\/p>\n","protected":false},"author":1,"featured_media":17938,"comment_status":"open","ping_status":"open","sticky":false,"template":"","format":"standard","meta":{"rop_custom_images_group":[],"rop_custom_messages_group":[],"rop_publish_now":"initial","rop_publish_now_accounts":[],"rop_publish_now_history":[],"rop_publish_now_status":"pending","footnotes":""},"categories":[20],"tags":[5011,107,1592,80,292,76],"class_list":["post-17937","post","type-post","status-publish","format-standard","has-post-thumbnail","hentry","category-policia","tag-bandeira","tag-homicidio","tag-mandados-judiciais","tag-operacao","tag-policia-civil","tag-policia-militar"],"_links":{"self":[{"href":"https:\/\/diariotribuna.com.br\/index.php?rest_route=\/wp\/v2\/posts\/17937"}],"collection":[{"href":"https:\/\/diariotribuna.com.br\/index.php?rest_route=\/wp\/v2\/posts"}],"about":[{"href":"https:\/\/diariotribuna.com.br\/index.php?rest_route=\/wp\/v2\/types\/post"}],"author":[{"embeddable":true,"href":"https:\/\/diariotribuna.com.br\/index.php?rest_route=\/wp\/v2\/users\/1"}],"replies":[{"embeddable":true,"href":"https:\/\/diariotribuna.com.br\/index.php?rest_route=%2Fwp%2Fv2%2Fcomments&post=17937"}],"version-history":[{"count":1,"href":"https:\/\/diariotribuna.com.br\/index.php?rest_route=\/wp\/v2\/posts\/17937\/revisions"}],"predecessor-version":[{"id":17939,"href":"https:\/\/diariotribuna.com.br\/index.php?rest_route=\/wp\/v2\/posts\/17937\/revisions\/17939"}],"wp:featuredmedia":[{"embeddable":true,"href":"https:\/\/diariotribuna.com.br\/index.php?rest_route=\/wp\/v2\/media\/17938"}],"wp:attachment":[{"href":"https:\/\/diariotribuna.com.br\/index.php?rest_route=%2Fwp%2Fv2%2Fmedia&parent=17937"}],"wp:term":[{"taxonomy":"category","embeddable":true,"href":"https:\/\/diariotribuna.com.br\/index.php?rest_route=%2Fwp%2Fv2%2Fcategories&post=17937"},{"taxonomy":"post_tag","embeddable":true,"href":"https:\/\/diariotribuna.com.br\/index.php?rest_route=%2Fwp%2Fv2%2Ftags&post=17937"}],"curies":[{"name":"wp","href":"https:\/\/api.w.org\/{rel}","templated":true}]}}