{"id":17940,"date":"2022-12-20T23:35:10","date_gmt":"2022-12-21T02:35:10","guid":{"rendered":"https:\/\/diariotribuna.com.br\/?p=17940"},"modified":"2022-12-23T00:00:43","modified_gmt":"2022-12-23T03:00:43","slug":"a-incrivel-historia-da-jovem-maura","status":"publish","type":"post","link":"https:\/\/diariotribuna.com.br\/?p=17940","title":{"rendered":"A incr\u00edvel hist\u00f3ria da jovem Maura"},"content":{"rendered":"\n<h2 class=\"wp-block-heading\"><strong><em>Uma Mulher que machuca cora\u00e7\u00f5es<\/em><\/strong><\/h2>\n\n\n\n<figure class=\"wp-block-image size-full is-resized is-style-default\"><img loading=\"lazy\" decoding=\"async\" src=\"https:\/\/diariotribuna.com.br\/wp-content\/uploads\/2022\/12\/69ffb41c-d76d-4c80-bcf6-67118f0c4983.jpg\" alt=\"\" class=\"wp-image-17942\" width=\"543\" height=\"364\" srcset=\"https:\/\/diariotribuna.com.br\/wp-content\/uploads\/2022\/12\/69ffb41c-d76d-4c80-bcf6-67118f0c4983.jpg 700w, https:\/\/diariotribuna.com.br\/wp-content\/uploads\/2022\/12\/69ffb41c-d76d-4c80-bcf6-67118f0c4983-300x201.jpg 300w, https:\/\/diariotribuna.com.br\/wp-content\/uploads\/2022\/12\/69ffb41c-d76d-4c80-bcf6-67118f0c4983-696x466.jpg 696w, https:\/\/diariotribuna.com.br\/wp-content\/uploads\/2022\/12\/69ffb41c-d76d-4c80-bcf6-67118f0c4983-627x420.jpg 627w\" sizes=\"(max-width: 543px) 100vw, 543px\" \/><figcaption class=\"wp-element-caption\"><strong><strong>Jeferson Botelho Pereira &#8211; <\/strong>Professor de Direito Penal e Processo<\/strong><br><strong>Penal. Especializa\u00e7\u00e3o em Combate \u00e0 corrup\u00e7\u00e3o, Antiterrorismo<\/strong><br><strong>e combate ao crime organizado pela Universidade de Salamanca &#8211;<\/strong><br><strong>Espanha. Mestrando em Ci\u00eancias das Religi\u00f5es pela Faculdade<\/strong><br><strong>Unida de Vit\u00f3ria\/ES. Advogado e autor de obras jur\u00eddicas. Palestrante.<\/strong><\/figcaption><\/figure>\n\n\n\n<blockquote class=\"wp-block-quote is-layout-flow wp-block-quote-is-layout-flow\">\n<div class=\"wp-block-group\"><div class=\"wp-block-group__inner-container is-layout-constrained wp-block-group-is-layout-constrained\">\n<h2 class=\"has-small-font-size wp-block-heading\">Eu n\u00e3o posso mais comprar<\/h2>\n\n\n\n<h2 class=\"has-small-font-size wp-block-heading\">Eu n\u00e3o posso mais passar naquele supermercado<\/h2>\n\n\n\n<h2 class=\"has-small-font-size wp-block-heading\">Onde ela trabalha<\/h2>\n\n\n\n<h3 class=\"has-small-font-size wp-block-heading\">Mulher que machucou meu cora\u00e7\u00e3o<\/h3>\n<\/div><\/div>\n<\/blockquote>\n\n\n\n<p>A vida \u00e9 um recheio de sentimentos e acontecimentos; luzes, escurid\u00e3o, sol, chuva, noite e dia, sonhos, quimeras, avan\u00e7os e retrocessos, sofrimento, alegria, chegada e partida, um cen\u00e1rio de imagina\u00e7\u00f5es inesgot\u00e1veis. O encanto de um amor recente, suas decep\u00e7\u00f5es, frustra\u00e7\u00f5es, ondas ora mansas do mar de Nova Vi\u00e7osa ora violentas de Itapo\u00e3 varrendo as cicatrizes que marcam insucessos, derrotas, vit\u00f3rias e conquistas, um misto de vida intensa e decep\u00e7\u00f5es. Nesse veloz sentimento de ang\u00fastias, dissabores e reencontros, realidades e utopias tomam conta do processo hist\u00f3rico da vida.<\/p>\n\n\n\n<p>Nessa mesma toada, tem o presente texto liter\u00e1rio fim colimado de apresentar as primeiras impress\u00f5es e apontamentos conclusivos sobre a hist\u00f3rica da jovem Maura, musa de um supermercado, um misto de fic\u00e7\u00e3o e realidade; assim essa mulher atraente despertou interesse e mexeu profundamente com o cora\u00e7\u00e3o de Manoel, um sujeito simples, morador da regi\u00e3o nordeste do pa\u00eds.<\/p>\n\n\n\n<p>Chovia muito naquela noite de primavera na cidade de Balsas, lugarejo com pouco mais de 90 mil habitantes, grande produtor de sojas no interior do Maranh\u00e3o. Os rios Balsinhas e Maravilhas enchiam muito. Tudo isso era uma grande novidade. A situa\u00e7\u00e3o pouco vista na cidade despertava os cora\u00e7\u00f5es plangentes, inspirando o lirismo de poetas, um cen\u00e1rio de encantos e paix\u00f5es, a chuva balan\u00e7ava as folhas das \u00e1rvores, o vento era muito forte, varriam imagina\u00e7\u00f5es, a enxurrada descia da parte mais alta da cidade, pegando quase todo mundo de surpresa.<\/p>\n\n\n\n<p>Era noite de um s\u00e1bado, fazia calor, n\u00e3o obstante a chuva que caia de forma insistente, ali\u00e1s, situa\u00e7\u00e3o pouco visto na cidade, de repente o fren\u00e9tico e apaixonado Manoel Gomes, ilustre morador do munic\u00edpio saiu de casa \u00e0s pressas a procurar de algo para comer, pois tinha muita fome, n\u00e3o tinha sequer a\u00e7a\u00ed em sua casa, isto porque algu\u00e9m havia pegado seu a\u00e7a\u00ed, e juntando a vontade de comer e os pensamentos voltados para Seixa, uma namoradinha de inf\u00e2ncia, que Manoel arrumou, isto porque deixou de ser besta, o sofrimento aumentava, e assim, desesperado, caminhava acelerado e procurava de canto em canto, onde poderia ter um lugar aberto que pudesse comprar algo para saciar a sua fome.<\/p>\n\n\n\n<p>Tinha apenas em m\u00e3os uma caneta azul para escrever suas cartinhas e uma c\u00e9dula de 50 reais. Saiu a p\u00e9, meio que contando os passos, e contando tamb\u00e9m os pingos d\u2019\u00e1guas da chuva, e a fome apertava, Manoel sofria muito, sempre afirmando que um homem apaixonado sofre muito. N\u00e3o tinha mais nada na despensa da cozinha. J\u00e1 era tarde, parecia que n\u00e3o acharia nada aberto na cidade; andou muito mesmo, circulou pelas ruas de in\u00fameros bairros, dentre eles F\u00e1tima e A\u00e7ucena Velha; desesperado Manoel finalmente encontra um hiper supermercado aberto na avenida Raimundo F\u00e9lix, no centro da cidade. De plano, Manoel se dirige ao setor de carrinhos do supermercado que fica do lado direto, perto da se\u00e7\u00e3o das frutas, e logo pegou um carrinho para colocar os itens comprados.<\/p>\n\n\n\n<p>N\u00e3o podia comprar muita coisa; o dinheiro era pouco, mas logo quis comprar um quilo de ma\u00e7\u00e3, mas a fruta n\u00e3o tinha pre\u00e7o e como tinha d\u00favida sobre o valor do produto, se dirigiu a uma servidora do estabelecimento para perguntar o valor desse item; a servidora educadamente informa o valor do produto. E mais que isso, a servidora acompanha o comprador, indica os locais dos produtos, mostra-lhe as sacolinhas pl\u00e1sticas, um belo de um atendimento. Manoel fica impressionado com tamanha ternura e efici\u00eancia e resolve perguntar o nome daquela colaborada, que logo resolve dizer Maura.<\/p>\n\n\n\n<p>Parecia amor \u00e0 primeira vista. Manoel, um poeta de amor avassalador, com sangue que jorra na epiderme, ser humano que se destaca pela ess\u00eancia do amor, pelo n\u00e9ctar do sentimento arrasador, um homem simples e humilde, de gestos marcantes, logo se apaixonou e escreveu um poema para arrebatar o cora\u00e7\u00e3o de Maura.<\/p>\n\n\n\n<p class=\"has-text-align-center\" style=\"font-size:16px\">\u201c(\u2026) Eu nunca esqueci daquela mulher<\/p>\n\n\n\n<p class=\"has-text-align-center\" style=\"font-size:16px\">Que eu amei naquele tempo<\/p>\n\n\n\n<p class=\"has-text-align-center\" style=\"font-size:16px\">O nome dela \u00e9 Maura<\/p>\n\n\n\n<p class=\"has-text-align-center\" style=\"font-size:16px\">\u00d4 mulher que machucou meu cora\u00e7\u00e3o<\/p>\n\n\n\n<p class=\"has-text-align-center\" style=\"font-size:16px\">O nome dela \u00e9 Maura<\/p>\n\n\n\n<p class=\"has-text-align-center\" style=\"font-size:16px\">\u00d4 mulher que machucou meu cora\u00e7\u00e3o<\/p>\n\n\n\n<p class=\"has-text-align-center\" style=\"font-size:16px\">Eu n\u00e3o posso mais comprar<\/p>\n\n\n\n<p class=\"has-text-align-center\" style=\"font-size:16px\">Eu n\u00e3o posso mais passar naquele supermercado<\/p>\n\n\n\n<p class=\"has-text-align-center\" style=\"font-size:16px\">Aonde ela trabalha<\/p>\n\n\n\n<p class=\"has-text-align-center\" style=\"font-size:16px\">\u00d4 mulher que machucou meu cora\u00e7\u00e3o<\/p>\n\n\n\n<p class=\"has-text-align-center\" style=\"font-size:16px\">Aonde ela trabalha<\/p>\n\n\n\n<p class=\"has-text-align-center\" style=\"font-size:16px\">\u00d4 mulher que machucou meu cora\u00e7\u00e3o<\/p>\n\n\n\n<p class=\"has-text-align-center\" style=\"font-size:16px\">\u00c9 triste demais<\/p>\n\n\n\n<p class=\"has-text-align-center\" style=\"font-size:16px\">A um homem viver apaixonado<\/p>\n\n\n\n<p class=\"has-text-align-center\" style=\"font-size:16px\">Como eu vivo pela Maura<\/p>\n\n\n\n<p class=\"has-text-align-center\" style=\"font-size:16px\">E dela eu nunca esqueci<\/p>\n\n\n\n<p class=\"has-text-align-center\" style=\"font-size:16px\">Como eu vivo pela Maura<\/p>\n\n\n\n<p class=\"has-text-align-center\" style=\"font-size:16px\">E dela eu nunca esqueci<\/p>\n\n\n\n<p class=\"has-text-align-center\" style=\"font-size:16px\">O jeito que eu vivo<\/p>\n\n\n\n<p class=\"has-text-align-center\" style=\"font-size:16px\">Est\u00e1 muito triste<\/p>\n\n\n\n<p class=\"has-text-align-center\" style=\"font-size:16px\">Essa minha situa\u00e7\u00e3o<\/p>\n\n\n\n<p class=\"has-text-align-center\" style=\"font-size:16px\">Ela n\u00e3o lembra mais de mim<\/p>\n\n\n\n<p class=\"has-text-align-center\" style=\"font-size:16px\">O nome dela n\u00e3o sai do meu cora\u00e7\u00e3o<\/p>\n\n\n\n<p class=\"has-text-align-center\" style=\"font-size:16px\">Ela n\u00e3o lembra mais de mim<\/p>\n\n\n\n<p class=\"has-text-align-center\" style=\"font-size:16px\">O nome dela n\u00e3o sai do meu cora\u00e7\u00e3o<\/p>\n\n\n\n<p class=\"has-text-align-center\" style=\"font-size:16px\">Eu nunca esqueci daquela mulher<\/p>\n\n\n\n<p class=\"has-text-align-center\" style=\"font-size:16px\">Que eu amei naquele tempo<\/p>\n\n\n\n<p class=\"has-text-align-center\" style=\"font-size:16px\">O nome dela \u00e9 Maura<\/p>\n\n\n\n<p class=\"has-text-align-center\" style=\"font-size:16px\">\u00d4 mulher que machucou meu cora\u00e7\u00e3o<\/p>\n\n\n\n<p class=\"has-text-align-center\" style=\"font-size:16px\">O nome dela \u00e9 Maura<\/p>\n\n\n\n<p class=\"has-text-align-center\" style=\"font-size:16px\">\u00d4 mulher que machucou meu cora\u00e7\u00e3o<\/p>\n\n\n\n<p class=\"has-text-align-center\" style=\"font-size:16px\">\u00c9 triste demais<\/p>\n\n\n\n<p class=\"has-text-align-center\" style=\"font-size:16px\">A um homem viver apaixonado<\/p>\n\n\n\n<p class=\"has-text-align-center\" style=\"font-size:16px\">Como eu vivo pela Maura<\/p>\n\n\n\n<p class=\"has-text-align-center\" style=\"font-size:16px\">E dela eu nunca esqueci<\/p>\n\n\n\n<p class=\"has-text-align-center\" style=\"font-size:16px\">Como eu vivo pela Maura<\/p>\n\n\n\n<p class=\"has-text-align-center\" style=\"font-size:16px\">E dela eu nunca esqueci<\/p>\n\n\n\n<p class=\"has-text-align-center\" style=\"font-size:16px\">\u00c9 triste demais<\/p>\n\n\n\n<p class=\"has-text-align-center\" style=\"font-size:16px\">A um homem viver apaixonado<\/p>\n\n\n\n<p class=\"has-text-align-center\" style=\"font-size:16px\">Como eu vivo pela Maura<\/p>\n\n\n\n<p class=\"has-text-align-center\" style=\"font-size:16px\">E dela eu nunca esqueci<\/p>\n\n\n\n<p class=\"has-text-align-center\" style=\"font-size:16px\">Como eu vivo pela Maura<\/p>\n\n\n\n<p class=\"has-text-align-center\" style=\"font-size:16px\">E dela eu nunca esqueci<\/p>\n\n\n\n<p class=\"has-text-align-center\" style=\"font-size:16px\">Xam\u00e3 deu umas cartas pra ela<\/p>\n\n\n\n<p class=\"has-text-align-center\" style=\"font-size:16px\">E t\u00e1 com mais de ano<\/p>\n\n\n\n<p class=\"has-text-align-center\" style=\"font-size:16px\">Que estamos separados<\/p>\n\n\n\n<p class=\"has-text-align-center\" style=\"font-size:16px\">S\u00f3 vi ela naquele tempo<\/p>\n\n\n\n<p class=\"has-text-align-center\" style=\"font-size:16px\">Ainda hoje continuo apaixonado<\/p>\n\n\n\n<p class=\"has-text-align-center\" style=\"font-size:16px\">S\u00f3 vi ela naquele tempo<\/p>\n\n\n\n<p class=\"has-text-align-center\" style=\"font-size:16px\">Ainda hoje continuo apaixonado<\/p>\n\n\n\n<p class=\"has-text-align-center\" style=\"font-size:16px\">\u00c9 triste demais<\/p>\n\n\n\n<p class=\"has-text-align-center\" style=\"font-size:16px\">A um homem viver apaixonado<\/p>\n\n\n\n<p class=\"has-text-align-center\" style=\"font-size:16px\">Como eu vivo pela Maura<\/p>\n\n\n\n<p class=\"has-text-align-center\" style=\"font-size:16px\">E dela eu nunca esqueci<\/p>\n\n\n\n<p class=\"has-text-align-center\" style=\"font-size:16px\">Como eu vivo pela Maura<\/p>\n\n\n\n<p class=\"has-text-align-center\" style=\"font-size:16px\">E dela eu nunca esqueci<\/p>\n\n\n\n<p class=\"has-text-align-center\" style=\"font-size:16px\">Como eu vivo pela Maura<\/p>\n\n\n\n<p class=\"has-text-align-center\" style=\"font-size:16px\">E dela eu nunca esqueci<\/p>\n\n\n\n<p class=\"has-text-align-center\" style=\"font-size:16px\">Como eu vivo pela Maura<\/p>\n\n\n\n<p class=\"has-text-align-center\" style=\"font-size:16px\">E dela eu nunca esqueci (\u2026)\u201d<\/p>\n\n\n\n<h2 class=\"wp-block-heading\"><strong>REFLEX\u00d5ES FINAIS<\/strong><\/h2>\n\n\n\n<p>Percebe-se claramente que os dados hist\u00f3ricos lan\u00e7ados sobre os fatos relacionados \u00e0 Balsas fazem parte do senso coletivo, percebido notoriamente, mormente quando da alus\u00e3o de dados geogr\u00e1ficos e socioecon\u00f4micos; outros, como projeto de cita\u00e7\u00e3o da jovem personagem Maura, s\u00e3o cria\u00e7\u00f5es, imagina\u00e7\u00f5es, fic\u00e7\u00f5es, produ\u00e7\u00f5es liter\u00e1rias do autor, n\u00e3o descartando a possiblidade de coincid\u00eancia dos fatos alusivos \u00e0 personagem Maura, quando da cria\u00e7\u00e3o da letra da m\u00fasica pelo talentoso Manoel Gomes, um mo\u00e7o simples, aparentemente apaixonado \u00e0 moda antiga, do tipo daqueles que ainda mandam flores. Na constru\u00e7\u00e3o musical, \u00e0s vezes com tra\u00e7os de sensibilidade, mas em certas ocasi\u00f5es, j\u00e1 manda logo o recado para aquelas garotas que querem fazer hora com a cara dele. Em certo momento disparou contra uma dessas meninas dizendo-a que se n\u00e3o o amasse, melhor que n\u00e3o ligasse, e nem ficasse fazendo queixa, afirmando que a vida dele era sofrer, a ponto de tomar veneno.<\/p>\n\n\n\n<p>O apelo rom\u00e2ntico que Manoel Gomes demonstrou \u00e0 Maura, com as belas palavras lan\u00e7adas na missiva, dizendo que nunca a esqueceu, afirmando ser triste demais para um homem viver apaixonado, nem isso comoveu o cora\u00e7\u00e3o petrificado da Maura. Era comum os jovens confundirem o tratamento sol\u00edcito de Maura, uma jovem educada, religiosa, profissional exemplar, tinha sempre sua foto estampada no quadro de avisos do estabelecimento como destaque do m\u00eas, isso era constante, uma mulher bonita, polida, educada, de profunda lhaneza, encantava a todos com sua simpatia, solteira, mas se dedicava aos estudos porque tinha voca\u00e7\u00e3o para estudar Direito, era encantada com o direito penal e pensava prestar o vestibular, terminar o curso, tendo como bibliografia b\u00e1sica os livros do Professor mineiro Jeferson Botelho e depois prestar concurso para Delegado de Pol\u00edcia. Esse era o seu sonho de menina.<\/p>\n\n\n\n<p>O balsense Manoel Gomes, com amor e humildade, vem arrebentando nas paradas do sucesso. Simples, muito humilde, um mo\u00e7o que brilha com sua forma de se apresentar e de se comunicar. \u00c9 capaz de cantar o seu sucesso Caneta Azul, como tamb\u00e9m, desenvolve sua melodia sobre o passarinho que foi preso, mas foi-se embora da gaiola, judiaram do passarinho, mas ele bateu asas e sumiu no mundo. Conta que o passarinho ficou t\u00e3o triste que n\u00e3o voltou mais.<\/p>\n\n\n\n<p>Esse momento de sucesso coloca Balsas em plena evid\u00eancia, e sua hist\u00f3ria se transforma desde a grande contribui\u00e7\u00e3o do baiano Ant\u00f4nio Ferreira Jacobina, passando por sua emancipa\u00e7\u00e3o pol\u00edtica desde o decreto-lei n\u00ba 820, de 30 de dezembro de 1943, o munic\u00edpio de Santo Ant\u00f4nio de Balsas passou a se chamar simplesmente de Balsas, hoje importante polo maranhense que brilha o sol na amplid\u00e3o do horizonte, florescendo buritis e arrozais, com raios dourados da lua, clareando cachoeiras e cascatas, qualificando-a com eterno amor, como bem retrata o seu hino.<\/p>\n\n\n\n<h2 class=\"wp-block-heading\"><strong>REFER\u00caNCIAS<\/strong><\/h2>\n\n\n\n<p>MARANH\u00c3O. Prefeitura de Balsas. Dispon\u00edvel em <a href=\"https:\/\/www.balsas.ma.gov.br\/cidades\/cidades\/\">https:\/\/www.balsas.ma.gov.br\/cidades\/cidades\/<\/a>. Acesso em 18 de dezembro de 2022.<\/p>\n\n\n\n<p>M\u00daSICA MAURA. Dispon\u00edvel em <a href=\"https:\/\/www.letras.mus.br\/manoel-gomes\/maura\/\">https:\/\/www.letras.mus.br\/manoel-gomes\/maura\/<\/a>. Acesso em 18 de dezembro de 2022.<\/p>\n","protected":false},"excerpt":{"rendered":"<p>Uma Mulher que machuca cora\u00e7\u00f5es A vida \u00e9 um recheio de sentimentos e acontecimentos; luzes, escurid\u00e3o, sol, chuva, noite e dia, sonhos, quimeras, avan\u00e7os e retrocessos, sofrimento, alegria, chegada e partida, um cen\u00e1rio de imagina\u00e7\u00f5es inesgot\u00e1veis. O encanto de um amor recente, suas decep\u00e7\u00f5es, frustra\u00e7\u00f5es, ondas ora mansas do mar de Nova Vi\u00e7osa ora violentas [&hellip;]<\/p>\n","protected":false},"author":1,"featured_media":17942,"comment_status":"open","ping_status":"open","sticky":false,"template":"","format":"standard","meta":{"rop_custom_images_group":[],"rop_custom_messages_group":[],"rop_publish_now":"initial","rop_publish_now_accounts":[],"rop_publish_now_history":[],"rop_publish_now_status":"pending","footnotes":""},"categories":[24],"tags":[5014,1749,5013,5012,341],"class_list":["post-17940","post","type-post","status-publish","format-standard","has-post-thumbnail","hentry","category-opiniao","tag-balsas","tag-jeferson-botelho-pereira","tag-machuca-coracoes","tag-maura","tag-mulher"],"_links":{"self":[{"href":"https:\/\/diariotribuna.com.br\/index.php?rest_route=\/wp\/v2\/posts\/17940"}],"collection":[{"href":"https:\/\/diariotribuna.com.br\/index.php?rest_route=\/wp\/v2\/posts"}],"about":[{"href":"https:\/\/diariotribuna.com.br\/index.php?rest_route=\/wp\/v2\/types\/post"}],"author":[{"embeddable":true,"href":"https:\/\/diariotribuna.com.br\/index.php?rest_route=\/wp\/v2\/users\/1"}],"replies":[{"embeddable":true,"href":"https:\/\/diariotribuna.com.br\/index.php?rest_route=%2Fwp%2Fv2%2Fcomments&post=17940"}],"version-history":[{"count":7,"href":"https:\/\/diariotribuna.com.br\/index.php?rest_route=\/wp\/v2\/posts\/17940\/revisions"}],"predecessor-version":[{"id":17950,"href":"https:\/\/diariotribuna.com.br\/index.php?rest_route=\/wp\/v2\/posts\/17940\/revisions\/17950"}],"wp:featuredmedia":[{"embeddable":true,"href":"https:\/\/diariotribuna.com.br\/index.php?rest_route=\/wp\/v2\/media\/17942"}],"wp:attachment":[{"href":"https:\/\/diariotribuna.com.br\/index.php?rest_route=%2Fwp%2Fv2%2Fmedia&parent=17940"}],"wp:term":[{"taxonomy":"category","embeddable":true,"href":"https:\/\/diariotribuna.com.br\/index.php?rest_route=%2Fwp%2Fv2%2Fcategories&post=17940"},{"taxonomy":"post_tag","embeddable":true,"href":"https:\/\/diariotribuna.com.br\/index.php?rest_route=%2Fwp%2Fv2%2Ftags&post=17940"}],"curies":[{"name":"wp","href":"https:\/\/api.w.org\/{rel}","templated":true}]}}