{"id":17951,"date":"2022-12-22T00:51:03","date_gmt":"2022-12-22T03:51:03","guid":{"rendered":"https:\/\/diariotribuna.com.br\/?p=17951"},"modified":"2022-12-25T23:47:46","modified_gmt":"2022-12-26T02:47:46","slug":"sindcomercio-teofilo-otoni-tem-horario-especial-de-natal","status":"publish","type":"post","link":"https:\/\/diariotribuna.com.br\/?p=17951","title":{"rendered":"<strong>Sindcom\u00e9rcio: Te\u00f3filo Otoni tem hor\u00e1rio especial de Natal<\/strong>"},"content":{"rendered":"\n<figure class=\"wp-block-image size-full is-resized is-style-default\"><img loading=\"lazy\" decoding=\"async\" src=\"https:\/\/diariotribuna.com.br\/wp-content\/uploads\/2022\/12\/b8f02e24-0f32-4496-8b93-fdc2f816c02c.jpg\" alt=\"\" class=\"wp-image-17955\" width=\"545\" height=\"306\" srcset=\"https:\/\/diariotribuna.com.br\/wp-content\/uploads\/2022\/12\/b8f02e24-0f32-4496-8b93-fdc2f816c02c.jpg 700w, https:\/\/diariotribuna.com.br\/wp-content\/uploads\/2022\/12\/b8f02e24-0f32-4496-8b93-fdc2f816c02c-300x168.jpg 300w, https:\/\/diariotribuna.com.br\/wp-content\/uploads\/2022\/12\/b8f02e24-0f32-4496-8b93-fdc2f816c02c-696x391.jpg 696w\" sizes=\"(max-width: 545px) 100vw, 545px\" \/><\/figure>\n\n\n\n<p>De acordo com a cl\u00e1usula trig\u00e9sima nona da Conven\u00e7\u00e3o Coletiva de Trabalho vigente, o funcionamento do com\u00e9rcio em Te\u00f3filo Otoni est\u00e1 tendo hor\u00e1rio especial. Do dia 12 a 16\/12, o funcionamento foi das 8h \u00e0s 20h. No s\u00e1bado (17), das 8h \u00e0s 16h. No domingo (18), foi das 9h \u00e0s 14h. De segunda-feira (19) at\u00e9 sexta-feira (23), o com\u00e9rcio estar\u00e1 aberto das 8h \u00e0s 21h. E no s\u00e1bado (24), ser\u00e1 das 8h \u00e0s 17h.<\/p>\n\n\n\n<p>O presidente do Sindcom\u00e9rcio de Te\u00f3filo Otoni e Regi\u00e3o, Leonardo Ramos disse que o hor\u00e1rio especial foi definido entre o Sindcom\u00e9rcio e o Sindicato dos Trabalhadores do Com\u00e9rcio, j\u00e1 na Conven\u00e7\u00e3o que foi fechada no in\u00edcio do ano. \u201cE n\u00f3s j\u00e1 estamos fazendo isso, j\u00e1 fechando a CCT (Conven\u00e7\u00e3o Coletiva de Trabalho), definindo toda programa\u00e7\u00e3o do ano, para que o empres\u00e1rio possa come\u00e7ar um trabalho antes, se preparando para as datas comemorativas\u201d, disse.<\/p>\n\n\n\n<p>O per\u00edodo natalino \u00e9 o momento de aquecer as vendas no com\u00e9rcio. Mais de 70% de entrevistados numa pesquisa da FCDL, disseram que pretendem dar presentes. \u201cTemos uma m\u00e9dia de 75% da popula\u00e7\u00e3o que v\u00e3o \u00e0s compras, para dar presente a algu\u00e9m. Isso \u00e9 muito importante para o aquecimento do com\u00e9rcio\u201d. Segundo L\u00e9o, o normal de outras datas, \u00e9 do comerciante at\u00e9 dobrar o faturamento no Natal, a data mais movimentada do ano. (Informa\u00e7\u00f5es: Sindcom\u00e9rcio de Te\u00f3filo Otoni\/ (33) 3521-1480\/ Foto: Di\u00e1rio Tribuna).<\/p>\n\n\n\n<figure class=\"wp-block-image size-full is-resized is-style-default\"><img loading=\"lazy\" decoding=\"async\" src=\"https:\/\/diariotribuna.com.br\/wp-content\/uploads\/2022\/12\/318200072_481203217457835_8112205167087090814_n.jpg\" alt=\"\" class=\"wp-image-17956\" width=\"524\" height=\"524\" srcset=\"https:\/\/diariotribuna.com.br\/wp-content\/uploads\/2022\/12\/318200072_481203217457835_8112205167087090814_n.jpg 600w, https:\/\/diariotribuna.com.br\/wp-content\/uploads\/2022\/12\/318200072_481203217457835_8112205167087090814_n-300x300.jpg 300w, https:\/\/diariotribuna.com.br\/wp-content\/uploads\/2022\/12\/318200072_481203217457835_8112205167087090814_n-150x150.jpg 150w, https:\/\/diariotribuna.com.br\/wp-content\/uploads\/2022\/12\/318200072_481203217457835_8112205167087090814_n-420x420.jpg 420w\" sizes=\"(max-width: 524px) 100vw, 524px\" \/><\/figure>\n","protected":false},"excerpt":{"rendered":"<p>De acordo com a cl\u00e1usula trig\u00e9sima nona da Conven\u00e7\u00e3o Coletiva de Trabalho vigente, o funcionamento do com\u00e9rcio em Te\u00f3filo Otoni est\u00e1 tendo hor\u00e1rio especial. Do dia 12 a 16\/12, o funcionamento foi das 8h \u00e0s 20h. No s\u00e1bado (17), das 8h \u00e0s 16h. No domingo (18), foi das 9h \u00e0s 14h. De segunda-feira (19) at\u00e9 [&hellip;]<\/p>\n","protected":false},"author":1,"featured_media":17955,"comment_status":"open","ping_status":"open","sticky":false,"template":"","format":"standard","meta":{"rop_custom_images_group":[],"rop_custom_messages_group":[],"rop_publish_now":"initial","rop_publish_now_accounts":[],"rop_publish_now_history":[],"rop_publish_now_status":"pending","footnotes":""},"categories":[17],"tags":[4034,62,5015,2296,221,75],"class_list":["post-17951","post","type-post","status-publish","format-standard","has-post-thumbnail","hentry","category-teofilootoni","tag-4034","tag-comercio","tag-horario-especial","tag-natal","tag-sindcomercio","tag-teofilo-otoni"],"_links":{"self":[{"href":"https:\/\/diariotribuna.com.br\/index.php?rest_route=\/wp\/v2\/posts\/17951"}],"collection":[{"href":"https:\/\/diariotribuna.com.br\/index.php?rest_route=\/wp\/v2\/posts"}],"about":[{"href":"https:\/\/diariotribuna.com.br\/index.php?rest_route=\/wp\/v2\/types\/post"}],"author":[{"embeddable":true,"href":"https:\/\/diariotribuna.com.br\/index.php?rest_route=\/wp\/v2\/users\/1"}],"replies":[{"embeddable":true,"href":"https:\/\/diariotribuna.com.br\/index.php?rest_route=%2Fwp%2Fv2%2Fcomments&post=17951"}],"version-history":[{"count":3,"href":"https:\/\/diariotribuna.com.br\/index.php?rest_route=\/wp\/v2\/posts\/17951\/revisions"}],"predecessor-version":[{"id":17959,"href":"https:\/\/diariotribuna.com.br\/index.php?rest_route=\/wp\/v2\/posts\/17951\/revisions\/17959"}],"wp:featuredmedia":[{"embeddable":true,"href":"https:\/\/diariotribuna.com.br\/index.php?rest_route=\/wp\/v2\/media\/17955"}],"wp:attachment":[{"href":"https:\/\/diariotribuna.com.br\/index.php?rest_route=%2Fwp%2Fv2%2Fmedia&parent=17951"}],"wp:term":[{"taxonomy":"category","embeddable":true,"href":"https:\/\/diariotribuna.com.br\/index.php?rest_route=%2Fwp%2Fv2%2Fcategories&post=17951"},{"taxonomy":"post_tag","embeddable":true,"href":"https:\/\/diariotribuna.com.br\/index.php?rest_route=%2Fwp%2Fv2%2Ftags&post=17951"}],"curies":[{"name":"wp","href":"https:\/\/api.w.org\/{rel}","templated":true}]}}